{"id":16594,"date":"2024-11-07T14:13:33","date_gmt":"2024-11-07T17:13:33","guid":{"rendered":"https:\/\/vimagazine.com.br\/?p=16594"},"modified":"2024-11-07T14:13:33","modified_gmt":"2024-11-07T17:13:33","slug":"simony-e-sua-nova-fase-cabelos-poderosos-e-visual-repaginado","status":"publish","type":"post","link":"https:\/\/vimagazine.com.br\/?p=16594","title":{"rendered":"Simony e sua nova fase: cabelos poderosos e visual repaginado"},"content":{"rendered":"\n<figure class=\"wp-block-image aligncenter size-large is-resized\"><img src=\"https:\/\/vimagazine.com.br\/wp-content\/uploads\/2024\/11\/Simony-Foto-Renato-Cipriano-01-768x1024.jpeg\" alt=\"\" class=\"wp-image-16595\" width=\"480\" height=\"640\" srcset=\"https:\/\/vimagazine.com.br\/wp-content\/uploads\/2024\/11\/Simony-Foto-Renato-Cipriano-01-768x1024.jpeg 768w, https:\/\/vimagazine.com.br\/wp-content\/uploads\/2024\/11\/Simony-Foto-Renato-Cipriano-01-225x300.jpeg 225w, https:\/\/vimagazine.com.br\/wp-content\/uploads\/2024\/11\/Simony-Foto-Renato-Cipriano-01-1152x1536.jpeg 1152w, https:\/\/vimagazine.com.br\/wp-content\/uploads\/2024\/11\/Simony-Foto-Renato-Cipriano-01-1024x1365.jpeg 1024w, https:\/\/vimagazine.com.br\/wp-content\/uploads\/2024\/11\/Simony-Foto-Renato-Cipriano-01.jpeg 1200w\" sizes=\"(max-width: 480px) 100vw, 480px\" \/><\/figure>\n\n\n\n<p><strong>Simony&nbsp;<\/strong>que vem rodando o Brasil com apresenta\u00e7\u00f5es com shows lotados em seu circo, tirou a tarde chuvosa desta quarta-feira (06), para renovar o visual e aproveitou a ocasi\u00e3o para mudar as madeixas que agora passaram a ter a cor strawberry blonde.<\/p>\n\n\n\n<p>Antes da transforma\u00e7\u00e3o, a cantora compartilhou com seus seguidores nas redes sociais, um v\u00eddeo onde aparece com o cabelo natural na altura do ombro, sem a extens\u00e3o capilar e vibrando com o crescimento do mesmo.<\/p>\n\n\n\n<p>Vale lembrar que h\u00e1 pouco mais de dois anos atr\u00e1s, a beldade foi diagnosticada e lutou bravamente com um c\u00e2ncer no intestino, o qual na ocasi\u00e3o devido ao tratamento teve a queda total de seus cabelos e chegou aparecer careca, mostrando que mesmo assim ficava bonita e incentivamento as pessoas que estavam passando pela mesma luta a jamais desistirem.<\/p>\n\n\n\n<p>Atualmente a cantora n\u00e3o apresenta mais c\u00e9lulas cancer\u00edgenas e pode se considerar curada, por\u00e9m ainda precisa realizar sess\u00f5es de imunoterapia durante dois anos,<\/p>\n\n\n\n<p>Enquanto estava no sal\u00e3o, Simony compartilhou o seguinte texto com seus seguidores: &#8220;Quando uma mulher decide mudar o cabelo, n\u00e3o \u00e9 apenas um corte ou uma nova cor: \u00e9 um gesto que, muitas vezes, reflete uma transforma\u00e7\u00e3o interna. O cabelo, para muitas mulheres, \u00e9 uma express\u00e3o de identidade, um s\u00edmbolo de feminilidade, for\u00e7a e personalidade. Mudar o visual \u00e9 como virar uma p\u00e1gina, como se estivesse contando ao mundo que algo novo come\u00e7a ali.<\/p>\n\n\n\n<p>Essas mudan\u00e7as no cabelo costumam ser acompanhadas de momentos importantes: encerramento de ciclos, supera\u00e7\u00e3o de desafios, reencontro com a autoestima ou at\u00e9 a simples vontade de se redescobrir. N\u00e3o \u00e9 \u00e0 toa que, depois de uma grande perda, de uma conquista ou at\u00e9 de uma fase de renova\u00e7\u00e3o, apare\u00e7a o impulso de mexer no cabelo. \u00c9 como se, ao transformar a apar\u00eancia, a mulher reafirmasse o poder que tem de criar sua pr\u00f3pria hist\u00f3ria.<\/p>\n\n\n\n<p>A autoestima ganha uma nova for\u00e7a com essa mudan\u00e7a. Cada fio cortado ou pintado representa a liberdade de ser quem se quer, a coragem de n\u00e3o temer o novo e o amor pr\u00f3prio de quem sabe que merece se sentir bem consigo mesmo. Essa mudan\u00e7a, que parece externa, toca fundo na alma. \u00c9 uma declara\u00e7\u00e3o de independ\u00eancia, uma renova\u00e7\u00e3o da confian\u00e7a, uma celebra\u00e7\u00e3o de si mesma.<\/p>\n\n\n\n<p>E quando essa mulher se olha no espelho e v\u00ea o reflexo de sua escolha, percebe que o mundo tamb\u00e9m muda com ela. Afinal, mudar o cabelo \u00e9 um ato de empoderamento, uma forma de recome\u00e7ar, uma maneira de florescer em uma vers\u00e3o ainda mais aut\u00eantica e plena de quem ela \u00e9. Gratid\u00e3o @soucarloscirqueirae toda sua equipe maravilhosa.&#8221;<\/p>\n\n\n\n<p>Ap\u00f3s a mudan\u00e7a do visual que ficou na responsabilidade do profissional Carlos Cirqueira, a beldade compartilhou uma nova foto e desta vez com a legenda: &#8220;Deus tem feito coisas lindas na minha vida, de uma forma que nem consigo explicar e nem sei como agradecer. Cada um dos meus sonhos, Ele foi realizado com amor e perfei\u00e7\u00e3o. Cora\u00e7\u00e3o leve e agradecida.&#8221;<\/p>\n\n\n\n<p><strong>Cr\u00e9dito das Fotos: Renato Cipriano \/ Divulga\u00e7\u00e3o<\/strong><\/p>\n","protected":false},"excerpt":{"rendered":"<p>Simony&nbsp;que vem rodando o Brasil com apresenta\u00e7\u00f5es com shows lotados em seu circo, tirou a&#8230;<\/p>\n","protected":false},"author":19,"featured_media":16596,"comment_status":"closed","ping_status":"open","sticky":false,"template":"","format":"standard","meta":{"om_disable_all_campaigns":false,"_monsterinsights_skip_tracking":false,"_monsterinsights_sitenote_active":false,"_monsterinsights_sitenote_note":"","_monsterinsights_sitenote_category":0,"spay_email":""},"categories":[1],"tags":[],"jetpack_featured_media_url":"https:\/\/vimagazine.com.br\/wp-content\/uploads\/2024\/11\/Simony-Antes-e-Depois.jpg","_links":{"self":[{"href":"https:\/\/vimagazine.com.br\/index.php?rest_route=\/wp\/v2\/posts\/16594"}],"collection":[{"href":"https:\/\/vimagazine.com.br\/index.php?rest_route=\/wp\/v2\/posts"}],"about":[{"href":"https:\/\/vimagazine.com.br\/index.php?rest_route=\/wp\/v2\/types\/post"}],"author":[{"embeddable":true,"href":"https:\/\/vimagazine.com.br\/index.php?rest_route=\/wp\/v2\/users\/19"}],"replies":[{"embeddable":true,"href":"https:\/\/vimagazine.com.br\/index.php?rest_route=%2Fwp%2Fv2%2Fcomments&post=16594"}],"version-history":[{"count":1,"href":"https:\/\/vimagazine.com.br\/index.php?rest_route=\/wp\/v2\/posts\/16594\/revisions"}],"predecessor-version":[{"id":16597,"href":"https:\/\/vimagazine.com.br\/index.php?rest_route=\/wp\/v2\/posts\/16594\/revisions\/16597"}],"wp:featuredmedia":[{"embeddable":true,"href":"https:\/\/vimagazine.com.br\/index.php?rest_route=\/wp\/v2\/media\/16596"}],"wp:attachment":[{"href":"https:\/\/vimagazine.com.br\/index.php?rest_route=%2Fwp%2Fv2%2Fmedia&parent=16594"}],"wp:term":[{"taxonomy":"category","embeddable":true,"href":"https:\/\/vimagazine.com.br\/index.php?rest_route=%2Fwp%2Fv2%2Fcategories&post=16594"},{"taxonomy":"post_tag","embeddable":true,"href":"https:\/\/vimagazine.com.br\/index.php?rest_route=%2Fwp%2Fv2%2Ftags&post=16594"}],"curies":[{"name":"wp","href":"https:\/\/api.w.org\/{rel}","templated":true}]}}