{"id":16626,"date":"2024-11-11T20:32:19","date_gmt":"2024-11-11T23:32:19","guid":{"rendered":"https:\/\/vimagazine.com.br\/?p=16626"},"modified":"2024-11-11T20:32:19","modified_gmt":"2024-11-11T23:32:19","slug":"seletiva-nacional-para-o-desfile-celebration-reune-centenas-de-modelos-em-sao-paulo","status":"publish","type":"post","link":"https:\/\/vimagazine.com.br\/?p=16626","title":{"rendered":"Seletiva Nacional para o desfile celebration re\u00fane centenas de modelos em S\u00e3o Paulo"},"content":{"rendered":"\n<p><\/p>\n\n\n\n<p><\/p>\n\n\n\n<p>A S\u00e3o Paulo Pocket Fashion Show, desfile idealizado pelo preparador Silvio Pompeu, j\u00e1 se prepara para sua nova edi\u00e7\u00e3o.&nbsp;\u2028Realizado desde 2023 no Brasil, o formato de desfile Pocket, trazido da Europa, vem ganhando for\u00e7a e notoriedade entre os novos modelos, chamados \u201cNew Faces\u201d que encontram no Pocket uma forma r\u00e1pida e eficaz de alavancarem suas carreiras. A \u00faltima edi\u00e7\u00e3o realizada em Abril, aconteceu na casa de shows Studio Stage no bairro da Lapa, Zona Norte de SP, e atraiu modelos de todo pa\u00eds.&nbsp;<\/p>\n\n\n\n<p>A pr\u00f3xima edi\u00e7\u00e3o com o tema \u201cCelebration\u201d j\u00e1 tem dia e hora marcada. Ser\u00e1 dia 27 d enovembro \u00e0s 20:00 na Studio Stage, que trar\u00e1 uma mega estrutura de som e luz, sem perder em nada para os desfiles internacionais. Inspirados no Victoria\u2019s Secrets, a organiza\u00e7\u00e3o trar\u00e1 um time de 20 tops, ex- alunas do produtor, um time bem diversificado que abrir\u00e1 e encerrar\u00e1 essa grande celebra\u00e7\u00e3o.\u00a0A seletiva nacional que ser\u00e1 no dia 11, espera um grande n\u00famero de candidatos do pa\u00eds todo, e a organiza\u00e7\u00e3o do desfile, se diz esperan\u00e7osa em receber novos rostos e perfis, para encaminharem os modelos \u00e1s ag\u00eancias e olheiros convidados para o evento, que em t\u00e3o pouco tempo de sua estreia, ja revelou modelos para o mercado de trabalho nacional e internacional.<\/p>\n\n\n\n<p><\/p>\n\n\n\n<p><\/p>\n\n\n\n<figure class=\"wp-block-image size-large\"><img width=\"1024\" height=\"1020\" src=\"https:\/\/vimagazine.com.br\/wp-content\/uploads\/2024\/11\/WhatsApp-Image-2024-11-11-at-13.52.06-1024x1020.jpeg\" alt=\"\" class=\"wp-image-16627\" srcset=\"https:\/\/vimagazine.com.br\/wp-content\/uploads\/2024\/11\/WhatsApp-Image-2024-11-11-at-13.52.06-1024x1020.jpeg 1024w, https:\/\/vimagazine.com.br\/wp-content\/uploads\/2024\/11\/WhatsApp-Image-2024-11-11-at-13.52.06-300x300.jpeg 300w, https:\/\/vimagazine.com.br\/wp-content\/uploads\/2024\/11\/WhatsApp-Image-2024-11-11-at-13.52.06-150x150.jpeg 150w, https:\/\/vimagazine.com.br\/wp-content\/uploads\/2024\/11\/WhatsApp-Image-2024-11-11-at-13.52.06-768x765.jpeg 768w, https:\/\/vimagazine.com.br\/wp-content\/uploads\/2024\/11\/WhatsApp-Image-2024-11-11-at-13.52.06.jpeg 1160w\" sizes=\"(max-width: 1024px) 100vw, 1024px\" \/><figcaption><strong>Silvio Pompeu<\/strong><\/figcaption><\/figure>\n\n\n\n<p><\/p>\n\n\n\n<p>Siga a p\u00e1gina oficial:\u00a0<\/p>\n\n\n\n<p>@sp.pocketfashionshow<\/p>\n","protected":false},"excerpt":{"rendered":"<p>A S\u00e3o Paulo Pocket Fashion Show, desfile idealizado pelo preparador Silvio Pompeu, j\u00e1 se prepara&#8230;<\/p>\n","protected":false},"author":1,"featured_media":16628,"comment_status":"closed","ping_status":"open","sticky":false,"template":"","format":"standard","meta":{"om_disable_all_campaigns":false,"_monsterinsights_skip_tracking":false,"_monsterinsights_sitenote_active":false,"_monsterinsights_sitenote_note":"","_monsterinsights_sitenote_category":0,"spay_email":""},"categories":[1],"tags":[],"jetpack_featured_media_url":"https:\/\/vimagazine.com.br\/wp-content\/uploads\/2024\/11\/WhatsApp-Image-2024-11-11-at-13.52.31.jpeg","_links":{"self":[{"href":"https:\/\/vimagazine.com.br\/index.php?rest_route=\/wp\/v2\/posts\/16626"}],"collection":[{"href":"https:\/\/vimagazine.com.br\/index.php?rest_route=\/wp\/v2\/posts"}],"about":[{"href":"https:\/\/vimagazine.com.br\/index.php?rest_route=\/wp\/v2\/types\/post"}],"author":[{"embeddable":true,"href":"https:\/\/vimagazine.com.br\/index.php?rest_route=\/wp\/v2\/users\/1"}],"replies":[{"embeddable":true,"href":"https:\/\/vimagazine.com.br\/index.php?rest_route=%2Fwp%2Fv2%2Fcomments&post=16626"}],"version-history":[{"count":1,"href":"https:\/\/vimagazine.com.br\/index.php?rest_route=\/wp\/v2\/posts\/16626\/revisions"}],"predecessor-version":[{"id":16629,"href":"https:\/\/vimagazine.com.br\/index.php?rest_route=\/wp\/v2\/posts\/16626\/revisions\/16629"}],"wp:featuredmedia":[{"embeddable":true,"href":"https:\/\/vimagazine.com.br\/index.php?rest_route=\/wp\/v2\/media\/16628"}],"wp:attachment":[{"href":"https:\/\/vimagazine.com.br\/index.php?rest_route=%2Fwp%2Fv2%2Fmedia&parent=16626"}],"wp:term":[{"taxonomy":"category","embeddable":true,"href":"https:\/\/vimagazine.com.br\/index.php?rest_route=%2Fwp%2Fv2%2Fcategories&post=16626"},{"taxonomy":"post_tag","embeddable":true,"href":"https:\/\/vimagazine.com.br\/index.php?rest_route=%2Fwp%2Fv2%2Ftags&post=16626"}],"curies":[{"name":"wp","href":"https:\/\/api.w.org\/{rel}","templated":true}]}}