{"id":16666,"date":"2024-11-12T09:29:18","date_gmt":"2024-11-12T12:29:18","guid":{"rendered":"https:\/\/vimagazine.com.br\/?p=16666"},"modified":"2024-11-12T09:29:20","modified_gmt":"2024-11-12T12:29:20","slug":"catolica-sc-recebe-premio-ser-humano-2024-por-projeto-de-acolhimento-e-inclusao","status":"publish","type":"post","link":"https:\/\/vimagazine.com.br\/?p=16666","title":{"rendered":"Cat\u00f3lica SC recebe Pr\u00eamio Ser Humano 2024 por projeto de acolhimento e inclus\u00e3o"},"content":{"rendered":"\n<p><em>Iniciativa promove ambiente educacional inclusivo e acess\u00edvel para alunos e colaboradores da institui\u00e7\u00e3o<\/em><\/p>\n\n\n<figure class=\"wp-block-post-featured-image\"><img width=\"1280\" height=\"576\" src=\"https:\/\/vimagazine.com.br\/wp-content\/uploads\/2024\/11\/WhatsApp-Image-2024-11-11-at-16.40.44.jpeg\" class=\"attachment-post-thumbnail size-post-thumbnail wp-post-image\" alt=\"Cat\u00f3lica SC recebe Pr\u00eamio Ser Humano 2024 por projeto de acolhimento e inclus\u00e3o\" loading=\"lazy\" srcset=\"https:\/\/vimagazine.com.br\/wp-content\/uploads\/2024\/11\/WhatsApp-Image-2024-11-11-at-16.40.44.jpeg 1280w, https:\/\/vimagazine.com.br\/wp-content\/uploads\/2024\/11\/WhatsApp-Image-2024-11-11-at-16.40.44-300x135.jpeg 300w, https:\/\/vimagazine.com.br\/wp-content\/uploads\/2024\/11\/WhatsApp-Image-2024-11-11-at-16.40.44-1024x461.jpeg 1024w, https:\/\/vimagazine.com.br\/wp-content\/uploads\/2024\/11\/WhatsApp-Image-2024-11-11-at-16.40.44-768x346.jpeg 768w\" sizes=\"(max-width: 1280px) 100vw, 1280px\" decoding=\"async\" \/><\/figure>\n\n\n<p>A Cat\u00f3lica SC conquistou o Pr\u00eamio Ser Humano 2024, promovido pela Associa\u00e7\u00e3o Brasileira de Recursos Humanos (ABRH), pelo projeto \u201cAcolhimento e inclus\u00e3o: quando o respeito e o amor pela educa\u00e7\u00e3o movimentam a a\u00e7\u00e3o\u201d. O pr\u00eamio destaca a iniciativa da institui\u00e7\u00e3o em promover um ambiente educacional inclusivo e acolhedor para colaboradores e alunos.<\/p>\n\n\n\n<p>O projeto visa criar um ambiente seguro e de confian\u00e7a, alinhado com a miss\u00e3o e vis\u00e3o da Cat\u00f3lica SC. O reitor Cleiton Vaz, explica que o projeto reflete os valores da institui\u00e7\u00e3o, como amor ao trabalho e solidariedade. \u201cBuscamos atender \u00e0s necessidades dos colaboradores e alunos, promovendo um espa\u00e7o que apoie o desenvolvimento acad\u00eamico e profissional de todos\u201d, afirma.<\/p>\n\n\n\n<p>Entre os principais desafios enfrentados, a institui\u00e7\u00e3o superou barreiras por meio do esfor\u00e7o conjunto das equipes. O feedback positivo dos alunos, especialmente aqueles que superaram dificuldades, confirma o impacto positivo do projeto na vida dos participantes.<\/p>\n\n\n\n<p>O projeto tamb\u00e9m se destacou pelo Atendimento Especializado (AE), que oferece suporte para estudantes e colaboradores com defici\u00eancia e ou com limita\u00e7\u00f5es que dificultam o processo de ensino e aprendizagem, garantindo acessibilidade em todas as dimens\u00f5es necess\u00e1rias. A rea\u00e7\u00e3o positiva da equipe e dos alunos mostra a efic\u00e1cia da iniciativa.<\/p>\n\n\n\n<p>A Cat\u00f3lica de SC planeja expandir o projeto no futuro, com a amplia\u00e7\u00e3o da equipe e aumento da conscientiza\u00e7\u00e3o sobre a import\u00e2ncia da inclus\u00e3o. O Pr\u00eamio Ser Humano refor\u00e7a a import\u00e2ncia de pr\u00e1ticas que valorizam e respeitam as pessoas, fortalecendo o compromisso da institui\u00e7\u00e3o com a inclus\u00e3o e o desenvolvimento.<\/p>\n\n\n\n<p><strong>Sobre a Cat\u00f3lica de Santa Catarina<\/strong><\/p>\n\n\n\n<p>A Cat\u00f3lica de Santa Catarina \u00e9 uma institui\u00e7\u00e3o de ensino superior com unidades em Jaragu\u00e1 do Sul e Joinville, oferecendo uma infraestrutura moderna e completa para garantir a excel\u00eancia acad\u00eamica. O Centro Universit\u00e1rio disponibiliza cursos de gradua\u00e7\u00e3o e p\u00f3s-gradua\u00e7\u00e3o nas modalidades presencial e EAD, atendendo a uma ampla gama de interesses e necessidades educacionais.&nbsp;<\/p>\n","protected":false},"excerpt":{"rendered":"<p>Iniciativa promove ambiente educacional inclusivo e acess\u00edvel para alunos e colaboradores da institui\u00e7\u00e3o A Cat\u00f3lica&#8230;<\/p>\n","protected":false},"author":20,"featured_media":16667,"comment_status":"closed","ping_status":"open","sticky":false,"template":"","format":"standard","meta":{"om_disable_all_campaigns":false,"_monsterinsights_skip_tracking":false,"_monsterinsights_sitenote_active":false,"_monsterinsights_sitenote_note":"","_monsterinsights_sitenote_category":0,"spay_email":""},"categories":[1],"tags":[],"jetpack_featured_media_url":"https:\/\/vimagazine.com.br\/wp-content\/uploads\/2024\/11\/WhatsApp-Image-2024-11-11-at-16.40.44.jpeg","_links":{"self":[{"href":"https:\/\/vimagazine.com.br\/index.php?rest_route=\/wp\/v2\/posts\/16666"}],"collection":[{"href":"https:\/\/vimagazine.com.br\/index.php?rest_route=\/wp\/v2\/posts"}],"about":[{"href":"https:\/\/vimagazine.com.br\/index.php?rest_route=\/wp\/v2\/types\/post"}],"author":[{"embeddable":true,"href":"https:\/\/vimagazine.com.br\/index.php?rest_route=\/wp\/v2\/users\/20"}],"replies":[{"embeddable":true,"href":"https:\/\/vimagazine.com.br\/index.php?rest_route=%2Fwp%2Fv2%2Fcomments&post=16666"}],"version-history":[{"count":1,"href":"https:\/\/vimagazine.com.br\/index.php?rest_route=\/wp\/v2\/posts\/16666\/revisions"}],"predecessor-version":[{"id":16668,"href":"https:\/\/vimagazine.com.br\/index.php?rest_route=\/wp\/v2\/posts\/16666\/revisions\/16668"}],"wp:featuredmedia":[{"embeddable":true,"href":"https:\/\/vimagazine.com.br\/index.php?rest_route=\/wp\/v2\/media\/16667"}],"wp:attachment":[{"href":"https:\/\/vimagazine.com.br\/index.php?rest_route=%2Fwp%2Fv2%2Fmedia&parent=16666"}],"wp:term":[{"taxonomy":"category","embeddable":true,"href":"https:\/\/vimagazine.com.br\/index.php?rest_route=%2Fwp%2Fv2%2Fcategories&post=16666"},{"taxonomy":"post_tag","embeddable":true,"href":"https:\/\/vimagazine.com.br\/index.php?rest_route=%2Fwp%2Fv2%2Ftags&post=16666"}],"curies":[{"name":"wp","href":"https:\/\/api.w.org\/{rel}","templated":true}]}}