{"id":16669,"date":"2024-11-12T09:58:33","date_gmt":"2024-11-12T12:58:33","guid":{"rendered":"https:\/\/vimagazine.com.br\/?p=16669"},"modified":"2024-11-12T09:58:34","modified_gmt":"2024-11-12T12:58:34","slug":"clube-mastermind-forum-das-americas-protagonistas-do-brasil-realizam-23-evento-em-sao-paulo","status":"publish","type":"post","link":"https:\/\/vimagazine.com.br\/?p=16669","title":{"rendered":"<strong>Clube MasterMind F\u00f3rum das Am\u00e9ricas &amp; Protagonistas do Brasil realizam 23\u00b0 evento em S\u00e3o Paulo<\/strong>"},"content":{"rendered":"\n<p>No dia 29 de outubro, o Clube Protagonistas do Brasil, em parceria com o MasterMind &amp; F\u00f3rum das Am\u00e9ricas, realizou o 23\u00ba Almo\u00e7o Empresarial em S\u00e3o Paulo, consolidando-se como um dos encontros mais prestigiados no cen\u00e1rio corporativo. O evento reuniu aproximadamente 150 participantes seletos, entre importantes figuras do setor empresarial e pol\u00edtico, promovendo um espa\u00e7o \u00fanico para a troca de ideias e a amplia\u00e7\u00e3o de redes de relacionamento. Ao longo do encontro, foram debatidas as principais tend\u00eancias globais que impactam o futuro dos neg\u00f3cios no Brasil e no mundo.<\/p>\n\n\n\n<p>\u201cEste \u00e9 mais um encontro que entra para a hist\u00f3ria do Clube Protagonistas do Brasil, refletindo o orgulho que temos de nossas realiza\u00e7\u00f5es. Nessa ocasi\u00e3o, contamos com a presen\u00e7a de cerca de 150 grandes lideran\u00e7as empresariais, que mensalmente dedicam o melhor do seu tempo para estar conosco\u201d, afirmou Tadeu Lockermann, CEO do Protagonistas do Brasil, ao abrir o evento.<\/p>\n\n\n\n<p>Entre os convidados de destaque estavam Roberto de Lucena, Secret\u00e1rio de Turismo, \u00c1lvaro Garnero, empres\u00e1rio e apresentador, Jorge Lima, Secret\u00e1rio de Desenvolvimento Econ\u00f4mico, e Marcelo Cohen, CEO da BeFly. Esses l\u00edderes discutiram quest\u00f5es estrat\u00e9gicas para o Brasil, abordando temas como inova\u00e7\u00e3o, desenvolvimento econ\u00f4mico e o papel central do turismo como motor de crescimento.<\/p>\n\n\n\n<p>Al\u00e9m dos painelistas, o evento contou com a participa\u00e7\u00e3o de personalidades como Gustavo Reis, prefeito de Jaguari\u00fana, M\u00e1rio Toledo, diretor da Record, M\u00e1rio Spaniol, fundador da Carmen Steffens, e o ministro Fl\u00e1vio Rocha. A diversidade de setores representados \u2014 de moda a turismo e pol\u00edtica \u2014 refor\u00e7ou a relev\u00e2ncia do encontro para o ambiente empresarial brasileiro, trazendo novas perspectivas sobre o desenvolvimento de diferentes \u00e1reas econ\u00f4micas.<\/p>\n\n\n\n<p>Durante o discurso de encerramento, Lockermann destacou a presen\u00e7a de figuras emblem\u00e1ticas, como Henrique Meirelles, que participou pela segunda vez como convidado especial, e Manuel Conde, lideran\u00e7a do setor farmac\u00eautico, que, mesmo ap\u00f3s retornar de uma viagem a Dubai, fez quest\u00e3o de comparecer ao almo\u00e7o. \u201cEssas participa\u00e7\u00f5es s\u00e3o conquistas que trazem ainda mais credibilidade ao nosso trabalho. Sabem que sou comprometido em falar menos e entregar mais\u201d, declarou Lockermann, reafirmando seu compromisso com a excel\u00eancia e a confian\u00e7a depositada por seus pares.<\/p>\n\n\n\n<p>Outro ponto alto do evento foi a presen\u00e7a dos Secret\u00e1rios do Estado de S\u00e3o Paulo, Jorge Lima (Desenvolvimento Econ\u00f4mico) e Roberto de Lucena (Turismo), al\u00e9m de Marcelo Cohen (BeFly) e Peterson Prado (OnFly). Sob a condu\u00e7\u00e3o de \u00c1lvaro Garnero, os pain\u00e9is trouxeram uma abordagem leve e intimista, facilitando a troca de ideias entre as lideran\u00e7as presentes.<\/p>\n","protected":false},"excerpt":{"rendered":"<p>No dia 29 de outubro, o Clube Protagonistas do Brasil, em parceria com o MasterMind&#8230;<\/p>\n","protected":false},"author":2,"featured_media":16670,"comment_status":"closed","ping_status":"open","sticky":false,"template":"","format":"standard","meta":{"om_disable_all_campaigns":false,"_monsterinsights_skip_tracking":false,"_monsterinsights_sitenote_active":false,"_monsterinsights_sitenote_note":"","_monsterinsights_sitenote_category":0,"spay_email":""},"categories":[26,75],"tags":[],"jetpack_featured_media_url":"https:\/\/vimagazine.com.br\/wp-content\/uploads\/2024\/11\/2.jpeg","_links":{"self":[{"href":"https:\/\/vimagazine.com.br\/index.php?rest_route=\/wp\/v2\/posts\/16669"}],"collection":[{"href":"https:\/\/vimagazine.com.br\/index.php?rest_route=\/wp\/v2\/posts"}],"about":[{"href":"https:\/\/vimagazine.com.br\/index.php?rest_route=\/wp\/v2\/types\/post"}],"author":[{"embeddable":true,"href":"https:\/\/vimagazine.com.br\/index.php?rest_route=\/wp\/v2\/users\/2"}],"replies":[{"embeddable":true,"href":"https:\/\/vimagazine.com.br\/index.php?rest_route=%2Fwp%2Fv2%2Fcomments&post=16669"}],"version-history":[{"count":1,"href":"https:\/\/vimagazine.com.br\/index.php?rest_route=\/wp\/v2\/posts\/16669\/revisions"}],"predecessor-version":[{"id":16671,"href":"https:\/\/vimagazine.com.br\/index.php?rest_route=\/wp\/v2\/posts\/16669\/revisions\/16671"}],"wp:featuredmedia":[{"embeddable":true,"href":"https:\/\/vimagazine.com.br\/index.php?rest_route=\/wp\/v2\/media\/16670"}],"wp:attachment":[{"href":"https:\/\/vimagazine.com.br\/index.php?rest_route=%2Fwp%2Fv2%2Fmedia&parent=16669"}],"wp:term":[{"taxonomy":"category","embeddable":true,"href":"https:\/\/vimagazine.com.br\/index.php?rest_route=%2Fwp%2Fv2%2Fcategories&post=16669"},{"taxonomy":"post_tag","embeddable":true,"href":"https:\/\/vimagazine.com.br\/index.php?rest_route=%2Fwp%2Fv2%2Ftags&post=16669"}],"curies":[{"name":"wp","href":"https:\/\/api.w.org\/{rel}","templated":true}]}}