{"id":16698,"date":"2024-11-14T12:01:43","date_gmt":"2024-11-14T15:01:43","guid":{"rendered":"https:\/\/vimagazine.com.br\/?p=16698"},"modified":"2024-11-14T12:01:44","modified_gmt":"2024-11-14T15:01:44","slug":"balneario-camboriu-celebra-abertura-da-mostra-reveev-2024-2025","status":"publish","type":"post","link":"https:\/\/vimagazine.com.br\/?p=16698","title":{"rendered":"Balne\u00e1rio Cambori\u00fa celebra abertura da mostra REVEEV 2024\/2025"},"content":{"rendered":"\n<p><\/p>\n\n\n\n<p><\/p>\n\n\n\n<p class=\"has-medium-font-size\"><em><strong>Evento aconteceu nesta ter\u00e7a-feira 12, na loja da Terceira Avenida<\/strong><\/em><\/p>\n\n\n\n<p><\/p>\n\n\n\n<p>A noite desta ter\u00e7a-feira (12) foi de celebra\u00e7\u00e3o na loja REVEEV, que fica na Terceira Avenida, em Balne\u00e1rio Cambori\u00fa. Isso porque teve in\u00edcio a edi\u00e7\u00e3o 2024\/2025 da mostra anual da marca, com espa\u00e7os assinados por grandes nomes do design e da arquitetura catarinense.<\/p>\n\n\n\n<p>A Mostra traz todo o portf\u00f3lio de lan\u00e7amento das pe\u00e7as da Cole\u00e7\u00e3o Renasce, que incluem diferentes alturas de camas, ilumina\u00e7\u00e3o com led dimeriz\u00e1vel, carregador por indu\u00e7\u00e3o, entrada USB, entre outros.<\/p>\n\n\n\n<p>S\u00e3o dez ambientes desenvolvidos para proporcionar aos clientes uma viv\u00eancia completa do universo do dormir pelos seguintes escrit\u00f3rios: Guerra e Siarcos Arquitetura, Bianca Rieg Arquitetura, Studio CASA design, Zucki Bellincanta Arquitetos, MHausen Arquitetura, La Vanit\u00e9 Studio Design, Ana Paula Arquitetura e Interiores, 2D Arquitetura, Nat\u00e1lia Xavier Arquitetura e Design e Patr\u00edcia Furukawa Arquitetura e Design.<\/p>\n\n\n\n<p><\/p>\n\n\n\n<figure class=\"wp-container-2 wp-block-gallery-1 wp-block-gallery has-nested-images columns-2 is-cropped\">\n<figure class=\"wp-block-image size-large\"><img width=\"1600\" height=\"1066\" data-id=\"16699\"  src=\"https:\/\/vimagazine.com.br\/wp-content\/uploads\/2024\/11\/Salvio-Moraes-Jr-e-Moacir-Schmitt-Jr-com-Klaus-Diether-Glatz.jpg\" alt=\"\" class=\"wp-image-16699\" srcset=\"https:\/\/vimagazine.com.br\/wp-content\/uploads\/2024\/11\/Salvio-Moraes-Jr-e-Moacir-Schmitt-Jr-com-Klaus-Diether-Glatz.jpg 1600w, https:\/\/vimagazine.com.br\/wp-content\/uploads\/2024\/11\/Salvio-Moraes-Jr-e-Moacir-Schmitt-Jr-com-Klaus-Diether-Glatz-300x200.jpg 300w, https:\/\/vimagazine.com.br\/wp-content\/uploads\/2024\/11\/Salvio-Moraes-Jr-e-Moacir-Schmitt-Jr-com-Klaus-Diether-Glatz-1024x682.jpg 1024w, https:\/\/vimagazine.com.br\/wp-content\/uploads\/2024\/11\/Salvio-Moraes-Jr-e-Moacir-Schmitt-Jr-com-Klaus-Diether-Glatz-768x512.jpg 768w, https:\/\/vimagazine.com.br\/wp-content\/uploads\/2024\/11\/Salvio-Moraes-Jr-e-Moacir-Schmitt-Jr-com-Klaus-Diether-Glatz-1536x1023.jpg 1536w\" sizes=\"(max-width: 1600px) 100vw, 1600px\" \/><figcaption>Salvio Moraes Jr e Moacir Schmitt Jr com Klaus Diether Glatz<\/figcaption><\/figure>\n\n\n\n<figure class=\"wp-block-image size-large\"><img width=\"1600\" height=\"1066\" data-id=\"16700\"  src=\"https:\/\/vimagazine.com.br\/wp-content\/uploads\/2024\/11\/Patricia-Furukawa.jpg\" alt=\"\" class=\"wp-image-16700\" srcset=\"https:\/\/vimagazine.com.br\/wp-content\/uploads\/2024\/11\/Patricia-Furukawa.jpg 1600w, https:\/\/vimagazine.com.br\/wp-content\/uploads\/2024\/11\/Patricia-Furukawa-300x200.jpg 300w, https:\/\/vimagazine.com.br\/wp-content\/uploads\/2024\/11\/Patricia-Furukawa-1024x682.jpg 1024w, https:\/\/vimagazine.com.br\/wp-content\/uploads\/2024\/11\/Patricia-Furukawa-768x512.jpg 768w, https:\/\/vimagazine.com.br\/wp-content\/uploads\/2024\/11\/Patricia-Furukawa-1536x1023.jpg 1536w\" sizes=\"(max-width: 1600px) 100vw, 1600px\" \/><figcaption>Patr\u00edcia Furukawa<\/figcaption><\/figure>\n\n\n\n<figure class=\"wp-block-image size-large\"><img width=\"1600\" height=\"1066\" data-id=\"16701\"  src=\"https:\/\/vimagazine.com.br\/wp-content\/uploads\/2024\/11\/Nara-Rosa-Austin-Boing-e-Klaus-Diether-Glatz.jpg\" alt=\"\" class=\"wp-image-16701\" srcset=\"https:\/\/vimagazine.com.br\/wp-content\/uploads\/2024\/11\/Nara-Rosa-Austin-Boing-e-Klaus-Diether-Glatz.jpg 1600w, https:\/\/vimagazine.com.br\/wp-content\/uploads\/2024\/11\/Nara-Rosa-Austin-Boing-e-Klaus-Diether-Glatz-300x200.jpg 300w, https:\/\/vimagazine.com.br\/wp-content\/uploads\/2024\/11\/Nara-Rosa-Austin-Boing-e-Klaus-Diether-Glatz-1024x682.jpg 1024w, https:\/\/vimagazine.com.br\/wp-content\/uploads\/2024\/11\/Nara-Rosa-Austin-Boing-e-Klaus-Diether-Glatz-768x512.jpg 768w, https:\/\/vimagazine.com.br\/wp-content\/uploads\/2024\/11\/Nara-Rosa-Austin-Boing-e-Klaus-Diether-Glatz-1536x1023.jpg 1536w\" sizes=\"(max-width: 1600px) 100vw, 1600px\" \/><figcaption>Nara Rosa, Austin Boing e Klaus Diether Glatz<\/figcaption><\/figure>\n\n\n\n<figure class=\"wp-block-image size-large\"><img width=\"1600\" height=\"1066\" data-id=\"16702\"  src=\"https:\/\/vimagazine.com.br\/wp-content\/uploads\/2024\/11\/Mariana-Maisonnave-e-Natalia-Xavier.jpg\" alt=\"\" class=\"wp-image-16702\" srcset=\"https:\/\/vimagazine.com.br\/wp-content\/uploads\/2024\/11\/Mariana-Maisonnave-e-Natalia-Xavier.jpg 1600w, https:\/\/vimagazine.com.br\/wp-content\/uploads\/2024\/11\/Mariana-Maisonnave-e-Natalia-Xavier-300x200.jpg 300w, https:\/\/vimagazine.com.br\/wp-content\/uploads\/2024\/11\/Mariana-Maisonnave-e-Natalia-Xavier-1024x682.jpg 1024w, https:\/\/vimagazine.com.br\/wp-content\/uploads\/2024\/11\/Mariana-Maisonnave-e-Natalia-Xavier-768x512.jpg 768w, https:\/\/vimagazine.com.br\/wp-content\/uploads\/2024\/11\/Mariana-Maisonnave-e-Natalia-Xavier-1536x1023.jpg 1536w\" sizes=\"(max-width: 1600px) 100vw, 1600px\" \/><figcaption>Mariana Maisonnave e Nat\u00e1lia Xavier<\/figcaption><\/figure>\n\n\n\n<figure class=\"wp-block-image size-large\"><img width=\"1600\" height=\"1066\" data-id=\"16703\"  src=\"https:\/\/vimagazine.com.br\/wp-content\/uploads\/2024\/11\/Mariana-Burghausen-e-Fernanda-Modesto-da-MHausen-Arquitetura-com-Klaus-Diether-Glatz.jpg\" alt=\"\" class=\"wp-image-16703\" srcset=\"https:\/\/vimagazine.com.br\/wp-content\/uploads\/2024\/11\/Mariana-Burghausen-e-Fernanda-Modesto-da-MHausen-Arquitetura-com-Klaus-Diether-Glatz.jpg 1600w, https:\/\/vimagazine.com.br\/wp-content\/uploads\/2024\/11\/Mariana-Burghausen-e-Fernanda-Modesto-da-MHausen-Arquitetura-com-Klaus-Diether-Glatz-300x200.jpg 300w, https:\/\/vimagazine.com.br\/wp-content\/uploads\/2024\/11\/Mariana-Burghausen-e-Fernanda-Modesto-da-MHausen-Arquitetura-com-Klaus-Diether-Glatz-1024x682.jpg 1024w, https:\/\/vimagazine.com.br\/wp-content\/uploads\/2024\/11\/Mariana-Burghausen-e-Fernanda-Modesto-da-MHausen-Arquitetura-com-Klaus-Diether-Glatz-768x512.jpg 768w, https:\/\/vimagazine.com.br\/wp-content\/uploads\/2024\/11\/Mariana-Burghausen-e-Fernanda-Modesto-da-MHausen-Arquitetura-com-Klaus-Diether-Glatz-1536x1023.jpg 1536w\" sizes=\"(max-width: 1600px) 100vw, 1600px\" \/><figcaption>Mariana Burghausen e Fernanda Modesto, da MHausen Arquitetura, com Klaus Diether Glatz<\/figcaption><\/figure>\n\n\n\n<figure class=\"wp-block-image size-large\"><img width=\"1600\" height=\"1066\" data-id=\"16704\"  src=\"https:\/\/vimagazine.com.br\/wp-content\/uploads\/2024\/11\/Klaus-Diether-Glatz-Phillippe-Siarcos-Ana-Claudia-Guerra-Patricia-Furukawa-Moacir-Schmitt-Jr-e-Karla-Guimaraes.jpg\" alt=\"\" class=\"wp-image-16704\" srcset=\"https:\/\/vimagazine.com.br\/wp-content\/uploads\/2024\/11\/Klaus-Diether-Glatz-Phillippe-Siarcos-Ana-Claudia-Guerra-Patricia-Furukawa-Moacir-Schmitt-Jr-e-Karla-Guimaraes.jpg 1600w, https:\/\/vimagazine.com.br\/wp-content\/uploads\/2024\/11\/Klaus-Diether-Glatz-Phillippe-Siarcos-Ana-Claudia-Guerra-Patricia-Furukawa-Moacir-Schmitt-Jr-e-Karla-Guimaraes-300x200.jpg 300w, https:\/\/vimagazine.com.br\/wp-content\/uploads\/2024\/11\/Klaus-Diether-Glatz-Phillippe-Siarcos-Ana-Claudia-Guerra-Patricia-Furukawa-Moacir-Schmitt-Jr-e-Karla-Guimaraes-1024x682.jpg 1024w, https:\/\/vimagazine.com.br\/wp-content\/uploads\/2024\/11\/Klaus-Diether-Glatz-Phillippe-Siarcos-Ana-Claudia-Guerra-Patricia-Furukawa-Moacir-Schmitt-Jr-e-Karla-Guimaraes-768x512.jpg 768w, https:\/\/vimagazine.com.br\/wp-content\/uploads\/2024\/11\/Klaus-Diether-Glatz-Phillippe-Siarcos-Ana-Claudia-Guerra-Patricia-Furukawa-Moacir-Schmitt-Jr-e-Karla-Guimaraes-1536x1023.jpg 1536w\" sizes=\"(max-width: 1600px) 100vw, 1600px\" \/><figcaption>Klaus Diether Glatz, Phillippe Siarcos, Ana Claudia Guerra, Patr\u00edcia Furukawa, Moacir Schmitt Jr e Karla Guimar\u00e3es<\/figcaption><\/figure>\n\n\n\n<figure class=\"wp-block-image size-large\"><img width=\"1600\" height=\"1066\" data-id=\"16707\"  src=\"https:\/\/vimagazine.com.br\/wp-content\/uploads\/2024\/11\/Klaus-Diether-Glatz-Ana-Paula-e-Julio-Cezar-Thomaz.jpg\" alt=\"\" class=\"wp-image-16707\" srcset=\"https:\/\/vimagazine.com.br\/wp-content\/uploads\/2024\/11\/Klaus-Diether-Glatz-Ana-Paula-e-Julio-Cezar-Thomaz.jpg 1600w, https:\/\/vimagazine.com.br\/wp-content\/uploads\/2024\/11\/Klaus-Diether-Glatz-Ana-Paula-e-Julio-Cezar-Thomaz-300x200.jpg 300w, https:\/\/vimagazine.com.br\/wp-content\/uploads\/2024\/11\/Klaus-Diether-Glatz-Ana-Paula-e-Julio-Cezar-Thomaz-1024x682.jpg 1024w, https:\/\/vimagazine.com.br\/wp-content\/uploads\/2024\/11\/Klaus-Diether-Glatz-Ana-Paula-e-Julio-Cezar-Thomaz-768x512.jpg 768w, https:\/\/vimagazine.com.br\/wp-content\/uploads\/2024\/11\/Klaus-Diether-Glatz-Ana-Paula-e-Julio-Cezar-Thomaz-1536x1023.jpg 1536w\" sizes=\"(max-width: 1600px) 100vw, 1600px\" \/><figcaption>Klaus Diether Glatz, Ana Paula e Julio Cezar Thomaz<\/figcaption><\/figure>\n\n\n\n<figure class=\"wp-block-image size-large\"><img width=\"1600\" height=\"1066\" data-id=\"16708\"  src=\"https:\/\/vimagazine.com.br\/wp-content\/uploads\/2024\/11\/Klaus-Diether-Glatz-e-Natalia-Xavier.jpg\" alt=\"\" class=\"wp-image-16708\" srcset=\"https:\/\/vimagazine.com.br\/wp-content\/uploads\/2024\/11\/Klaus-Diether-Glatz-e-Natalia-Xavier.jpg 1600w, https:\/\/vimagazine.com.br\/wp-content\/uploads\/2024\/11\/Klaus-Diether-Glatz-e-Natalia-Xavier-300x200.jpg 300w, https:\/\/vimagazine.com.br\/wp-content\/uploads\/2024\/11\/Klaus-Diether-Glatz-e-Natalia-Xavier-1024x682.jpg 1024w, https:\/\/vimagazine.com.br\/wp-content\/uploads\/2024\/11\/Klaus-Diether-Glatz-e-Natalia-Xavier-768x512.jpg 768w, https:\/\/vimagazine.com.br\/wp-content\/uploads\/2024\/11\/Klaus-Diether-Glatz-e-Natalia-Xavier-1536x1023.jpg 1536w\" sizes=\"(max-width: 1600px) 100vw, 1600px\" \/><figcaption>Klaus Diether Glatz e Nat\u00e1lia Xavier<\/figcaption><\/figure>\n\n\n\n<figure class=\"wp-block-image size-large\"><img width=\"1600\" height=\"1066\" data-id=\"16709\"  src=\"https:\/\/vimagazine.com.br\/wp-content\/uploads\/2024\/11\/Bianca-Rieg-e-Klaus-Diether-Glatz.jpg\" alt=\"\" class=\"wp-image-16709\" srcset=\"https:\/\/vimagazine.com.br\/wp-content\/uploads\/2024\/11\/Bianca-Rieg-e-Klaus-Diether-Glatz.jpg 1600w, https:\/\/vimagazine.com.br\/wp-content\/uploads\/2024\/11\/Bianca-Rieg-e-Klaus-Diether-Glatz-300x200.jpg 300w, https:\/\/vimagazine.com.br\/wp-content\/uploads\/2024\/11\/Bianca-Rieg-e-Klaus-Diether-Glatz-1024x682.jpg 1024w, https:\/\/vimagazine.com.br\/wp-content\/uploads\/2024\/11\/Bianca-Rieg-e-Klaus-Diether-Glatz-768x512.jpg 768w, https:\/\/vimagazine.com.br\/wp-content\/uploads\/2024\/11\/Bianca-Rieg-e-Klaus-Diether-Glatz-1536x1023.jpg 1536w\" sizes=\"(max-width: 1600px) 100vw, 1600px\" \/><figcaption>Bianca Rieg e Klaus Diether Glatz<\/figcaption><\/figure>\n\n\n\n<figure class=\"wp-block-image size-large\"><img width=\"1600\" height=\"1066\" data-id=\"16705\"  src=\"https:\/\/vimagazine.com.br\/wp-content\/uploads\/2024\/11\/Klaus-Diether-Glatz-com-Dayse-e-Dymitri-Lopes-Walendowsky.jpg\" alt=\"\" class=\"wp-image-16705\" srcset=\"https:\/\/vimagazine.com.br\/wp-content\/uploads\/2024\/11\/Klaus-Diether-Glatz-com-Dayse-e-Dymitri-Lopes-Walendowsky.jpg 1600w, https:\/\/vimagazine.com.br\/wp-content\/uploads\/2024\/11\/Klaus-Diether-Glatz-com-Dayse-e-Dymitri-Lopes-Walendowsky-300x200.jpg 300w, https:\/\/vimagazine.com.br\/wp-content\/uploads\/2024\/11\/Klaus-Diether-Glatz-com-Dayse-e-Dymitri-Lopes-Walendowsky-1024x682.jpg 1024w, https:\/\/vimagazine.com.br\/wp-content\/uploads\/2024\/11\/Klaus-Diether-Glatz-com-Dayse-e-Dymitri-Lopes-Walendowsky-768x512.jpg 768w, https:\/\/vimagazine.com.br\/wp-content\/uploads\/2024\/11\/Klaus-Diether-Glatz-com-Dayse-e-Dymitri-Lopes-Walendowsky-1536x1023.jpg 1536w\" sizes=\"(max-width: 1600px) 100vw, 1600px\" \/><figcaption>Klaus Diether Glatz, com Dayse e Dymitri Lopes Walendowsky<\/figcaption><\/figure>\n\n\n\n<figure class=\"wp-block-image size-large\"><img width=\"1600\" height=\"1066\" data-id=\"16710\"  src=\"https:\/\/vimagazine.com.br\/wp-content\/uploads\/2024\/11\/Eduarda-Zucki.jpg\" alt=\"\" class=\"wp-image-16710\" srcset=\"https:\/\/vimagazine.com.br\/wp-content\/uploads\/2024\/11\/Eduarda-Zucki.jpg 1600w, https:\/\/vimagazine.com.br\/wp-content\/uploads\/2024\/11\/Eduarda-Zucki-300x200.jpg 300w, https:\/\/vimagazine.com.br\/wp-content\/uploads\/2024\/11\/Eduarda-Zucki-1024x682.jpg 1024w, https:\/\/vimagazine.com.br\/wp-content\/uploads\/2024\/11\/Eduarda-Zucki-768x512.jpg 768w, https:\/\/vimagazine.com.br\/wp-content\/uploads\/2024\/11\/Eduarda-Zucki-1536x1023.jpg 1536w\" sizes=\"(max-width: 1600px) 100vw, 1600px\" \/><figcaption>Eduarda Zucki<\/figcaption><\/figure>\n\n\n\n<figure class=\"wp-block-image size-large\"><img width=\"1066\" height=\"1600\" data-id=\"16706\"  src=\"https:\/\/vimagazine.com.br\/wp-content\/uploads\/2024\/11\/Klaus-Diether-Glatz-com-Guilherme-Garcia.jpg\" alt=\"\" class=\"wp-image-16706\" srcset=\"https:\/\/vimagazine.com.br\/wp-content\/uploads\/2024\/11\/Klaus-Diether-Glatz-com-Guilherme-Garcia.jpg 1066w, https:\/\/vimagazine.com.br\/wp-content\/uploads\/2024\/11\/Klaus-Diether-Glatz-com-Guilherme-Garcia-200x300.jpg 200w, https:\/\/vimagazine.com.br\/wp-content\/uploads\/2024\/11\/Klaus-Diether-Glatz-com-Guilherme-Garcia-682x1024.jpg 682w, https:\/\/vimagazine.com.br\/wp-content\/uploads\/2024\/11\/Klaus-Diether-Glatz-com-Guilherme-Garcia-768x1153.jpg 768w, https:\/\/vimagazine.com.br\/wp-content\/uploads\/2024\/11\/Klaus-Diether-Glatz-com-Guilherme-Garcia-1023x1536.jpg 1023w, https:\/\/vimagazine.com.br\/wp-content\/uploads\/2024\/11\/Klaus-Diether-Glatz-com-Guilherme-Garcia-1024x1537.jpg 1024w\" sizes=\"(max-width: 1066px) 100vw, 1066px\" \/><figcaption>Klaus Diether Glatz com Guilherme Garcia<\/figcaption><\/figure>\n\n\n\n<figure class=\"wp-block-image size-large\"><img width=\"1600\" height=\"1066\" data-id=\"16711\"  src=\"https:\/\/vimagazine.com.br\/wp-content\/uploads\/2024\/11\/A-arquiteta-Ana-Claudia-Guerra-e-o-designer-Phillippe-Siarcos.jpg\" alt=\"\" class=\"wp-image-16711\" srcset=\"https:\/\/vimagazine.com.br\/wp-content\/uploads\/2024\/11\/A-arquiteta-Ana-Claudia-Guerra-e-o-designer-Phillippe-Siarcos.jpg 1600w, https:\/\/vimagazine.com.br\/wp-content\/uploads\/2024\/11\/A-arquiteta-Ana-Claudia-Guerra-e-o-designer-Phillippe-Siarcos-300x200.jpg 300w, https:\/\/vimagazine.com.br\/wp-content\/uploads\/2024\/11\/A-arquiteta-Ana-Claudia-Guerra-e-o-designer-Phillippe-Siarcos-1024x682.jpg 1024w, https:\/\/vimagazine.com.br\/wp-content\/uploads\/2024\/11\/A-arquiteta-Ana-Claudia-Guerra-e-o-designer-Phillippe-Siarcos-768x512.jpg 768w, https:\/\/vimagazine.com.br\/wp-content\/uploads\/2024\/11\/A-arquiteta-Ana-Claudia-Guerra-e-o-designer-Phillippe-Siarcos-1536x1023.jpg 1536w\" sizes=\"(max-width: 1600px) 100vw, 1600px\" \/><figcaption>A arquiteta Ana Claudia Guerra e o designer Phillippe Siarcos<\/figcaption><\/figure>\n\n\n\n<figure class=\"wp-block-image size-large\"><img width=\"1066\" height=\"1600\" data-id=\"16713\"  src=\"https:\/\/vimagazine.com.br\/wp-content\/uploads\/2024\/11\/John-Pierog-Alex-Ferrer-e-Lis-Faiad.jpg\" alt=\"\" class=\"wp-image-16713\" srcset=\"https:\/\/vimagazine.com.br\/wp-content\/uploads\/2024\/11\/John-Pierog-Alex-Ferrer-e-Lis-Faiad.jpg 1066w, https:\/\/vimagazine.com.br\/wp-content\/uploads\/2024\/11\/John-Pierog-Alex-Ferrer-e-Lis-Faiad-200x300.jpg 200w, https:\/\/vimagazine.com.br\/wp-content\/uploads\/2024\/11\/John-Pierog-Alex-Ferrer-e-Lis-Faiad-682x1024.jpg 682w, https:\/\/vimagazine.com.br\/wp-content\/uploads\/2024\/11\/John-Pierog-Alex-Ferrer-e-Lis-Faiad-768x1153.jpg 768w, https:\/\/vimagazine.com.br\/wp-content\/uploads\/2024\/11\/John-Pierog-Alex-Ferrer-e-Lis-Faiad-1023x1536.jpg 1023w, https:\/\/vimagazine.com.br\/wp-content\/uploads\/2024\/11\/John-Pierog-Alex-Ferrer-e-Lis-Faiad-1024x1537.jpg 1024w\" sizes=\"(max-width: 1066px) 100vw, 1066px\" \/><figcaption>John Pierog, Alex Ferrer e Lis Faiad<\/figcaption><\/figure>\n<\/figure>\n\n\n\n<p><\/p>\n\n\n\n<p><\/p>\n\n\n\n<p><strong>Confira os ambientes assinados e as pe\u00e7as REVEEV utilizadas:<\/strong><\/p>\n\n\n\n<p><strong>Nat\u00e1lia Xavier Arquitetura e Design (@arquiteta_natalia_xavier)<\/strong><\/p>\n\n\n\n<p>Assina o &#8220;Lar da Felicidade&#8221;, um espa\u00e7o onde usa a Cama Calma, assinada por Mariana Maisonnave, o colch\u00e3o Treviso, a Mesa Sopro, por Bruno Faucz, o Puff Solo, o espelho Nathan e a escrivaninha&nbsp;Loft.<\/p>\n\n\n\n<p><strong>Bianca Rieg Arquitetura (@birieg)<\/strong><\/p>\n\n\n\n<p>Assina &#8220;Flores e Sonhos&#8221;, onde usa a cama Org\u00e2nica, assinada por OSA Arquitetos e o colch\u00e3o Asti.<\/p>\n\n\n\n<p><strong>Guerra Siarcos Arquitetura (@guerrasiarcosarq)<\/strong><\/p>\n\n\n\n<p>Assina &#8220;Ref\u00fagio&#8221;, com a cama Voga, por Ramon Zancanaro, colch\u00e3o Asti, Mesa lateral Triplex e Poltrona e puff Solo.<\/p>\n\n\n\n<p><strong>CASA design (@studio_casadesign)<\/strong><\/p>\n\n\n\n<p>Assina &#8220;Vitrine Verde&#8221;, com a cama Nina, por Carolina Zettermann e Daniel Ghizi e o colch\u00e3o Treviso.<\/p>\n\n\n\n<p><strong>Zucki Bellincanta Arquitetos (@zuckibellincanta)<\/strong><\/p>\n\n\n\n<p>Assina &#8220;Trama&#8221;, onde usa a Cama Trama, por Ramon Zancanaro, o colch\u00e3o Vicenza, a cadeira Cordone, a escrivaninha Gazelle e Mesas Cava Oval.<\/p>\n\n\n\n<p><strong>MHausen Arquitetura (@mhaunen.arq)<\/strong><\/p>\n\n\n\n<p>Assina &#8220;Sonhos ao entardecer&#8221;, com a cama e a mesa Sopro, por Bruno Faucz, a mesa Tropical, tamb\u00e9m de Bruno, o colch\u00e3o Vicenza Firme, poltrona e puff Solo e mesas Cava Oval.<\/p>\n\n\n\n<p><strong>Ana Paula Arquitetura e Interiores (@aparquitetos)<\/strong><\/p>\n\n\n\n<p>Assina &#8220;Alvor&#8221;, com cama Tropical e mesa Tropical, por Bruno Faucz, colch\u00e3o Azzano e poltrona e puff \u00c1ria.<\/p>\n\n\n\n<p><strong>Patr\u00edcia Furukawa Arquitetura e Design (@patriciafurukawa.arquitetura)<\/strong><\/p>\n\n\n\n<p>Assina &#8220;A s\u00fatil arte do ser&#8221;, com Cama Brisa, banco Bossa, Mesa Tropical e Mesa Sopro, assinados por Bruno Faucz, colch\u00e3o Apr\u00edlia, Mesas Hago Alta, Banqueta Trama, por Ramon Zancanaro e penteadeira&nbsp;Gazelle.<\/p>\n\n\n\n<p><strong>La Vanit\u00e9 Studio Design (@lavanitestudiodesign)<\/strong><\/p>\n\n\n\n<p>Assina &#8220;Brasilidade&#8221;, com Cama Ello, por Fl\u00e1via Glanert e MOCA Arquitetura e colch\u00e3o&nbsp;B\u00e9rgamo.<\/p>\n\n\n\n<p><strong>2D Arquitetura (@2darquitetura)<\/strong><\/p>\n\n\n\n<p>Assina &#8220;Ref\u00fagio \u00c1gua&#8221;, com cama Seixo, por Studio Reveev e colch\u00e3o Vitt\u00f3ria.<\/p>\n\n\n\n<p><strong>Fotos: Carlos Alberto Alves<\/strong><\/p>\n\n\n\n<p><\/p>\n","protected":false},"excerpt":{"rendered":"<p>Evento aconteceu nesta ter\u00e7a-feira 12, na loja da Terceira Avenida A noite desta ter\u00e7a-feira (12)&#8230;<\/p>\n","protected":false},"author":1,"featured_media":16712,"comment_status":"closed","ping_status":"open","sticky":false,"template":"","format":"standard","meta":{"om_disable_all_campaigns":false,"_monsterinsights_skip_tracking":false,"_monsterinsights_sitenote_active":false,"_monsterinsights_sitenote_note":"","_monsterinsights_sitenote_category":0,"spay_email":""},"categories":[27,1],"tags":[],"jetpack_featured_media_url":"https:\/\/vimagazine.com.br\/wp-content\/uploads\/2024\/11\/Evento-celebrou-a-abertura-da-Mostra-Reveev.jpg","_links":{"self":[{"href":"https:\/\/vimagazine.com.br\/index.php?rest_route=\/wp\/v2\/posts\/16698"}],"collection":[{"href":"https:\/\/vimagazine.com.br\/index.php?rest_route=\/wp\/v2\/posts"}],"about":[{"href":"https:\/\/vimagazine.com.br\/index.php?rest_route=\/wp\/v2\/types\/post"}],"author":[{"embeddable":true,"href":"https:\/\/vimagazine.com.br\/index.php?rest_route=\/wp\/v2\/users\/1"}],"replies":[{"embeddable":true,"href":"https:\/\/vimagazine.com.br\/index.php?rest_route=%2Fwp%2Fv2%2Fcomments&post=16698"}],"version-history":[{"count":1,"href":"https:\/\/vimagazine.com.br\/index.php?rest_route=\/wp\/v2\/posts\/16698\/revisions"}],"predecessor-version":[{"id":16714,"href":"https:\/\/vimagazine.com.br\/index.php?rest_route=\/wp\/v2\/posts\/16698\/revisions\/16714"}],"wp:featuredmedia":[{"embeddable":true,"href":"https:\/\/vimagazine.com.br\/index.php?rest_route=\/wp\/v2\/media\/16712"}],"wp:attachment":[{"href":"https:\/\/vimagazine.com.br\/index.php?rest_route=%2Fwp%2Fv2%2Fmedia&parent=16698"}],"wp:term":[{"taxonomy":"category","embeddable":true,"href":"https:\/\/vimagazine.com.br\/index.php?rest_route=%2Fwp%2Fv2%2Fcategories&post=16698"},{"taxonomy":"post_tag","embeddable":true,"href":"https:\/\/vimagazine.com.br\/index.php?rest_route=%2Fwp%2Fv2%2Ftags&post=16698"}],"curies":[{"name":"wp","href":"https:\/\/api.w.org\/{rel}","templated":true}]}}