{"id":16723,"date":"2024-11-14T18:14:26","date_gmt":"2024-11-14T21:14:26","guid":{"rendered":"https:\/\/vimagazine.com.br\/?p=16723"},"modified":"2024-11-14T19:37:26","modified_gmt":"2024-11-14T22:37:26","slug":"gabriel-fava-se-apresenta-no-programa-viva-a-vida-da-rede-vida-e-canta-varios-sucessos","status":"publish","type":"post","link":"https:\/\/vimagazine.com.br\/?p=16723","title":{"rendered":"Gabriel Fava se apresenta no programa \u201cViva a Vida\u201d da Rede Vida e canta v\u00e1rios sucessos"},"content":{"rendered":"\n<p><br><br><\/p>\n\n\n\n<p>O cantor Gabriel Fava, foi um dos convidados do programa \u201cViva a Vida,&#8221; na Rede Vida na noite de ter\u00e7a feira (12).<\/p>\n\n\n\n<p>O programa que \u00e9 apresentado por Dalcides Biscalquin leva v\u00e1rios g\u00eaneros da musica, como MPB , pop e sertanejo.<\/p>\n\n\n\n<p>Gabriel cantou acompanhado da banda v\u00e1rios sucessos entre eles: P\u00e1ginas de amigos, Maus bocados, S\u00f3 essa semana, Tentei te esquecer, entre outros.<\/p>\n\n\n\n<p>\u201c Fiquei muito feliz pela oportunidade de apresentar o meu trabalho para todos os telespectadores da emissora Rede Vida. Espero ser convidado mais vezes\u201d &#8211; ressalta Gabriel.<\/p>\n\n\n\n<p><\/p>\n\n\n\n<figure class=\"wp-block-image size-large\"><img width=\"511\" height=\"1024\" src=\"https:\/\/vimagazine.com.br\/wp-content\/uploads\/2024\/11\/WhatsApp-Image-2024-11-13-at-09.58.01-2-511x1024.jpeg\" alt=\"\" class=\"wp-image-16729\" srcset=\"https:\/\/vimagazine.com.br\/wp-content\/uploads\/2024\/11\/WhatsApp-Image-2024-11-13-at-09.58.01-2-511x1024.jpeg 511w, https:\/\/vimagazine.com.br\/wp-content\/uploads\/2024\/11\/WhatsApp-Image-2024-11-13-at-09.58.01-2-150x300.jpeg 150w, https:\/\/vimagazine.com.br\/wp-content\/uploads\/2024\/11\/WhatsApp-Image-2024-11-13-at-09.58.01-2-768x1540.jpeg 768w, https:\/\/vimagazine.com.br\/wp-content\/uploads\/2024\/11\/WhatsApp-Image-2024-11-13-at-09.58.01-2-766x1536.jpeg 766w, https:\/\/vimagazine.com.br\/wp-content\/uploads\/2024\/11\/WhatsApp-Image-2024-11-13-at-09.58.01-2.jpeg 798w\" sizes=\"(max-width: 511px) 100vw, 511px\" \/><\/figure>\n\n\n\n<p><\/p>\n\n\n\n<p><strong>SOBRE GABRIEL FAVA<\/strong><\/p>\n\n\n\n<p>Natural de S\u00e3o Paulo , Gabriel  \u00e9 cantor e compositor. Come\u00e7ou sua carreira aos 8 anos de idade e sempre se destacou por seus talentos art\u00edsticos, sempre aprimorando os seus dons acompanhados por profissionais especializados. Agora, com 19 anos, vem conquistando o respeito e carinho do p\u00fablico e contratantes por onde passa.<\/p>\n\n\n\n<p>Em 2020, foi aprovado para participar do reality musical Canta Comigo Teen, na Record TV. Em 2021, foi convidado para participar da web-s\u00e9rie Conex\u00e3o Teen \u2013 2a Temporada.<br>Em 2023, resolveu embarcar de vez no mundo sertanejo, ap\u00f3s seu v\u00eddeo viralizar com mais de 16 milh\u00f5es de visualiza\u00e7\u00f5es, no TikTok. Em julho desse ano, lan\u00e7ou sua primeira m\u00fasica autoral no segmento, \u201cS\u00f3 Essa Semana\u201d. E em junho de 2024, lan\u00e7ou a m\u00fasica \u201cVai Parar L\u00e1 Em Casa\u201d.<\/p>\n\n\n\n<p>Seu repert\u00f3rio de shows possui, al\u00e9m de grandes sucessos do sertanejo, uma \u201cpitada\u201d de piseiro e pagode. Em suas redes sociais, n\u00e3o param de chegar novos f\u00e3s. Atualmente, juntas, passam de 800 mil seguidores org\u00e2nicos com um p\u00fablico bem diversificado. S\u00e3o 62% com idades entre 18 e 34 anos. N\u00fameros que impressionam, engajam e garantem sucesso \u00e0 GABRIEL FAVA por sua maturidade art\u00edstica, engajamento com seu p\u00fablico e a publicidade, e a valoriza\u00e7\u00e3o e respeito \u00e0 fam\u00edlia.<\/p>\n\n\n\n<p><\/p>\n","protected":false},"excerpt":{"rendered":"<p>O cantor Gabriel Fava, foi um dos convidados do programa \u201cViva a Vida,&#8221; na Rede&#8230;<\/p>\n","protected":false},"author":1,"featured_media":16725,"comment_status":"closed","ping_status":"open","sticky":false,"template":"","format":"standard","meta":{"om_disable_all_campaigns":false,"_monsterinsights_skip_tracking":false,"_monsterinsights_sitenote_active":false,"_monsterinsights_sitenote_note":"","_monsterinsights_sitenote_category":0,"spay_email":""},"categories":[27,1],"tags":[],"jetpack_featured_media_url":"https:\/\/vimagazine.com.br\/wp-content\/uploads\/2024\/11\/WhatsApp-Image-2024-11-13-at-09.58.01-1-1.jpeg","_links":{"self":[{"href":"https:\/\/vimagazine.com.br\/index.php?rest_route=\/wp\/v2\/posts\/16723"}],"collection":[{"href":"https:\/\/vimagazine.com.br\/index.php?rest_route=\/wp\/v2\/posts"}],"about":[{"href":"https:\/\/vimagazine.com.br\/index.php?rest_route=\/wp\/v2\/types\/post"}],"author":[{"embeddable":true,"href":"https:\/\/vimagazine.com.br\/index.php?rest_route=\/wp\/v2\/users\/1"}],"replies":[{"embeddable":true,"href":"https:\/\/vimagazine.com.br\/index.php?rest_route=%2Fwp%2Fv2%2Fcomments&post=16723"}],"version-history":[{"count":2,"href":"https:\/\/vimagazine.com.br\/index.php?rest_route=\/wp\/v2\/posts\/16723\/revisions"}],"predecessor-version":[{"id":16730,"href":"https:\/\/vimagazine.com.br\/index.php?rest_route=\/wp\/v2\/posts\/16723\/revisions\/16730"}],"wp:featuredmedia":[{"embeddable":true,"href":"https:\/\/vimagazine.com.br\/index.php?rest_route=\/wp\/v2\/media\/16725"}],"wp:attachment":[{"href":"https:\/\/vimagazine.com.br\/index.php?rest_route=%2Fwp%2Fv2%2Fmedia&parent=16723"}],"wp:term":[{"taxonomy":"category","embeddable":true,"href":"https:\/\/vimagazine.com.br\/index.php?rest_route=%2Fwp%2Fv2%2Fcategories&post=16723"},{"taxonomy":"post_tag","embeddable":true,"href":"https:\/\/vimagazine.com.br\/index.php?rest_route=%2Fwp%2Fv2%2Ftags&post=16723"}],"curies":[{"name":"wp","href":"https:\/\/api.w.org\/{rel}","templated":true}]}}