{"id":16734,"date":"2024-11-18T23:07:06","date_gmt":"2024-11-19T02:07:06","guid":{"rendered":"https:\/\/vimagazine.com.br\/?p=16734"},"modified":"2024-11-18T23:07:07","modified_gmt":"2024-11-19T02:07:07","slug":"celebrante-elaine-monteiro-lanca-campanha-black-friday-com-presente-especial","status":"publish","type":"post","link":"https:\/\/vimagazine.com.br\/?p=16734","title":{"rendered":"<strong>Celebrante Elaine Monteiro lan\u00e7a campanha Black Friday com presente especial<\/strong>"},"content":{"rendered":"\n<p><\/p>\n\n\n\n<p><\/p>\n\n\n\n<p><\/p>\n\n\n\n<p>A celebrante Elaine Monteiro, conhecida por transformar hist\u00f3rias de amor em celebra\u00e7\u00f5es memor\u00e1veis, anunciou sua campanha especial para a Black Friday. At\u00e9 o dia\u00a0<strong>30 de novembro<\/strong>, os casais que fecharem contratos para cerim\u00f4nias personalizadas \u2013 sejam elas casamentos, bodas ou renova\u00e7\u00f5es de votos \u2013 receber\u00e3o um presente exclusivo: um livro personalizado com a hist\u00f3ria de amor do casal.<\/p>\n\n\n\n<p>&#8220;Quero proporcionar aos meus clientes mais do que uma celebra\u00e7\u00e3o, quero eternizar a ess\u00eancia da rela\u00e7\u00e3o deles em um livro que ser\u00e1 uma lembran\u00e7a para toda a vida. Cada casal tem uma hist\u00f3ria \u00fanica, e \u00e9 essa singularidade que eu gosto de valorizar em cada cerim\u00f4nia,&#8221; destaca Elaine Monteiro.<\/p>\n\n\n\n<p>Com uma vasta experi\u00eancia no mercado de celebra\u00e7\u00f5es, Elaine \u00e9 refer\u00eancia na cria\u00e7\u00e3o de momentos emocionantes e personalizados, alinhados aos desejos e perfis dos noivos. A campanha Black Friday \u00e9 uma oportunidade de garantir uma cerim\u00f4nia inesquec\u00edvel e ainda receber um presente especial, que refor\u00e7a o compromisso da celebrante em oferecer um servi\u00e7o de excel\u00eancia e sensibilidade.<\/p>\n\n\n\n<p>Para mais informa\u00e7\u00f5es sobre a campanha, entre em contato pelo Instagram @elainemonteiro. celebrante e aproveite esta oportunidade \u00fanica de tornar sua hist\u00f3ria ainda mais marcante.<\/p>\n\n\n\n<p><\/p>\n\n\n\n<p><\/p>\n","protected":false},"excerpt":{"rendered":"<p>A celebrante Elaine Monteiro, conhecida por transformar hist\u00f3rias de amor em celebra\u00e7\u00f5es memor\u00e1veis, anunciou sua&#8230;<\/p>\n","protected":false},"author":1,"featured_media":16735,"comment_status":"closed","ping_status":"open","sticky":false,"template":"","format":"standard","meta":{"om_disable_all_campaigns":false,"_monsterinsights_skip_tracking":false,"_monsterinsights_sitenote_active":false,"_monsterinsights_sitenote_note":"","_monsterinsights_sitenote_category":0,"spay_email":""},"categories":[27,1],"tags":[],"jetpack_featured_media_url":"https:\/\/vimagazine.com.br\/wp-content\/uploads\/2024\/11\/Celebrante-Elaine-MOnteiro.jpeg","_links":{"self":[{"href":"https:\/\/vimagazine.com.br\/index.php?rest_route=\/wp\/v2\/posts\/16734"}],"collection":[{"href":"https:\/\/vimagazine.com.br\/index.php?rest_route=\/wp\/v2\/posts"}],"about":[{"href":"https:\/\/vimagazine.com.br\/index.php?rest_route=\/wp\/v2\/types\/post"}],"author":[{"embeddable":true,"href":"https:\/\/vimagazine.com.br\/index.php?rest_route=\/wp\/v2\/users\/1"}],"replies":[{"embeddable":true,"href":"https:\/\/vimagazine.com.br\/index.php?rest_route=%2Fwp%2Fv2%2Fcomments&post=16734"}],"version-history":[{"count":1,"href":"https:\/\/vimagazine.com.br\/index.php?rest_route=\/wp\/v2\/posts\/16734\/revisions"}],"predecessor-version":[{"id":16736,"href":"https:\/\/vimagazine.com.br\/index.php?rest_route=\/wp\/v2\/posts\/16734\/revisions\/16736"}],"wp:featuredmedia":[{"embeddable":true,"href":"https:\/\/vimagazine.com.br\/index.php?rest_route=\/wp\/v2\/media\/16735"}],"wp:attachment":[{"href":"https:\/\/vimagazine.com.br\/index.php?rest_route=%2Fwp%2Fv2%2Fmedia&parent=16734"}],"wp:term":[{"taxonomy":"category","embeddable":true,"href":"https:\/\/vimagazine.com.br\/index.php?rest_route=%2Fwp%2Fv2%2Fcategories&post=16734"},{"taxonomy":"post_tag","embeddable":true,"href":"https:\/\/vimagazine.com.br\/index.php?rest_route=%2Fwp%2Fv2%2Ftags&post=16734"}],"curies":[{"name":"wp","href":"https:\/\/api.w.org\/{rel}","templated":true}]}}