{"id":16737,"date":"2024-11-18T23:11:13","date_gmt":"2024-11-19T02:11:13","guid":{"rendered":"https:\/\/vimagazine.com.br\/?p=16737"},"modified":"2024-11-18T23:11:15","modified_gmt":"2024-11-19T02:11:15","slug":"exposicao-espirito-natalino-destaca-inclusao-e-diversidade-no-natal-da-serra-sustentavel-e-solidario","status":"publish","type":"post","link":"https:\/\/vimagazine.com.br\/?p=16737","title":{"rendered":"<strong>Exposi\u00e7\u00e3o Esp\u00edrito Natalino destaca inclus\u00e3o e diversidade no Natal da Serra Sustent\u00e1vel e Solid\u00e1rio<\/strong>"},"content":{"rendered":"\n<p><\/p>\n\n\n\n<p><\/p>\n\n\n\n<p><\/p>\n\n\n\n<p>At\u00e9 o dia 29 de dezembro, o Chal\u00e9 da Serra, em Petr\u00f3polis, RJ, sedia a emocionante exposi\u00e7\u00e3o &#8220;Esp\u00edrito Natalino&#8221;, que integra o evento &#8220;Natal da Serra Sustent\u00e1vel e Solid\u00e1rio&#8221;. Realizada de quinta a domingo, das 10h \u00e0s 17h, a mostra re\u00fane mais de 20 quadros pintados \u00e0 m\u00e3o pelo renomado artista pl\u00e1stico Gilson Cupertino, trazendo \u00e0 tona reflex\u00f5es importantes sobre inclus\u00e3o e diversidade.<\/p>\n\n\n\n<p>A exposi\u00e7\u00e3o aborda temas sens\u00edveis e relevantes como o racismo e a s\u00edndrome de Down, apresentando, por exemplo, retratos de um Papai Noel Negro em um contexto acolhedor e inclusivo. As obras exploram a magia do Natal por meio de uma \u00f3tica que valoriza a representatividade e a empatia, convidando os visitantes a refletirem sobre quest\u00f5es sociais que impactam a adolesc\u00eancia e a sociedade como um todo.<\/p>\n\n\n\n<p>&#8220;Minha inten\u00e7\u00e3o \u00e9 usar a arte como uma ponte para o di\u00e1logo. O Natal \u00e9 um momento de uni\u00e3o e esperan\u00e7a, e acredito que ele tamb\u00e9m pode ser um espa\u00e7o para inspirar mudan\u00e7as e abrir cora\u00e7\u00f5es para a diversidade. Cada pincelada carrega o desejo de tocar as pessoas profundamente e plantar sementes de empatia e respeito&#8221;, ressalta o artista pl\u00e1stico Gilson Cupertino.<\/p>\n\n\n\n<p>A mostra faz parte do projeto idealizado por Guilherme Tavares, que buscou unir tradi\u00e7\u00e3o, solidariedade e sustentabilidade no evento &#8220;Natal da Serra Sustent\u00e1vel e Solid\u00e1rio&#8221;. Segundo ele, a exposi\u00e7\u00e3o &#8220;Esp\u00edrito Natalino&#8221; simboliza os valores que o projeto deseja transmitir: inclus\u00e3o, acolhimento e celebra\u00e7\u00e3o das diferen\u00e7as. &#8220;Queremos que cada visitante saia daqui com uma nova perspectiva sobre o que o Natal pode representar&#8221;, afirma Guilherme.<\/p>\n\n\n\n<p>A entrada para o evento tem custo de R$ 20 mediante pr\u00e9-reserva pelo Sympla, sendo gratuita para creches, orfanatos e asilos. A exposi\u00e7\u00e3o \u00e9 uma oportunidade imperd\u00edvel para vivenciar a magia do Natal com um olhar voltado \u00e0 constru\u00e7\u00e3o de uma sociedade mais justa e inclusiva<\/p>\n\n\n\n<p>Para mais informa\u00e7\u00f5es e reservas, entre em contato pelo telefone (21) 98084-4319 ou acesse o link:&nbsp;<a href=\"https:\/\/www.sympla.com.br\/evento\/natal-na-serra\/2717299\" target=\"_blank\" rel=\"noreferrer noopener\">https:\/\/www.sympla.com.br\/evento\/natal-na-serra\/2717299<\/a>.<\/p>\n\n\n\n<p><\/p>\n\n\n\n<figure class=\"wp-container-2 wp-block-gallery-1 wp-block-gallery has-nested-images columns-default is-cropped\">\n<figure class=\"wp-block-image size-large\"><img width=\"720\" height=\"707\" data-id=\"16738\"  src=\"https:\/\/vimagazine.com.br\/wp-content\/uploads\/2024\/11\/WhatsApp-Image-2024-11-05-at-21.00.05.jpeg\" alt=\"\" class=\"wp-image-16738\" srcset=\"https:\/\/vimagazine.com.br\/wp-content\/uploads\/2024\/11\/WhatsApp-Image-2024-11-05-at-21.00.05.jpeg 720w, https:\/\/vimagazine.com.br\/wp-content\/uploads\/2024\/11\/WhatsApp-Image-2024-11-05-at-21.00.05-300x295.jpeg 300w\" sizes=\"(max-width: 720px) 100vw, 720px\" \/><\/figure>\n\n\n\n<figure class=\"wp-block-image size-large\"><img width=\"720\" height=\"703\" data-id=\"16739\"  src=\"https:\/\/vimagazine.com.br\/wp-content\/uploads\/2024\/11\/WhatsApp-Image-2024-11-05-at-21.02.33.jpeg\" alt=\"\" class=\"wp-image-16739\" srcset=\"https:\/\/vimagazine.com.br\/wp-content\/uploads\/2024\/11\/WhatsApp-Image-2024-11-05-at-21.02.33.jpeg 720w, https:\/\/vimagazine.com.br\/wp-content\/uploads\/2024\/11\/WhatsApp-Image-2024-11-05-at-21.02.33-300x293.jpeg 300w\" sizes=\"(max-width: 720px) 100vw, 720px\" \/><\/figure>\n\n\n\n<figure class=\"wp-block-image size-large\"><img width=\"720\" height=\"733\" data-id=\"16740\"  src=\"https:\/\/vimagazine.com.br\/wp-content\/uploads\/2024\/11\/WhatsApp-Image-2024-11-05-at-20.58.39.jpeg\" alt=\"\" class=\"wp-image-16740\" srcset=\"https:\/\/vimagazine.com.br\/wp-content\/uploads\/2024\/11\/WhatsApp-Image-2024-11-05-at-20.58.39.jpeg 720w, https:\/\/vimagazine.com.br\/wp-content\/uploads\/2024\/11\/WhatsApp-Image-2024-11-05-at-20.58.39-295x300.jpeg 295w\" sizes=\"(max-width: 720px) 100vw, 720px\" \/><\/figure>\n\n\n\n<figure class=\"wp-block-image size-large\"><img width=\"1020\" height=\"720\" data-id=\"16741\"  src=\"https:\/\/vimagazine.com.br\/wp-content\/uploads\/2024\/11\/WhatsApp-Image-2024-11-05-at-20.07.55.jpeg\" alt=\"\" class=\"wp-image-16741\" srcset=\"https:\/\/vimagazine.com.br\/wp-content\/uploads\/2024\/11\/WhatsApp-Image-2024-11-05-at-20.07.55.jpeg 1020w, https:\/\/vimagazine.com.br\/wp-content\/uploads\/2024\/11\/WhatsApp-Image-2024-11-05-at-20.07.55-300x212.jpeg 300w, https:\/\/vimagazine.com.br\/wp-content\/uploads\/2024\/11\/WhatsApp-Image-2024-11-05-at-20.07.55-768x542.jpeg 768w\" sizes=\"(max-width: 1020px) 100vw, 1020px\" \/><\/figure>\n\n\n\n<figure class=\"wp-block-image size-large\"><img width=\"700\" height=\"705\" data-id=\"16742\"  src=\"https:\/\/vimagazine.com.br\/wp-content\/uploads\/2024\/11\/WhatsApp-Image-2024-11-05-at-20.52.01.jpeg\" alt=\"\" class=\"wp-image-16742\" srcset=\"https:\/\/vimagazine.com.br\/wp-content\/uploads\/2024\/11\/WhatsApp-Image-2024-11-05-at-20.52.01.jpeg 700w, https:\/\/vimagazine.com.br\/wp-content\/uploads\/2024\/11\/WhatsApp-Image-2024-11-05-at-20.52.01-298x300.jpeg 298w, https:\/\/vimagazine.com.br\/wp-content\/uploads\/2024\/11\/WhatsApp-Image-2024-11-05-at-20.52.01-150x150.jpeg 150w\" sizes=\"(max-width: 700px) 100vw, 700px\" \/><\/figure>\n\n\n\n<figure class=\"wp-block-image size-large\"><img width=\"702\" height=\"699\" data-id=\"16743\"  src=\"https:\/\/vimagazine.com.br\/wp-content\/uploads\/2024\/11\/WhatsApp-Image-2024-11-05-at-20.53.34.jpeg\" alt=\"\" class=\"wp-image-16743\" srcset=\"https:\/\/vimagazine.com.br\/wp-content\/uploads\/2024\/11\/WhatsApp-Image-2024-11-05-at-20.53.34.jpeg 702w, https:\/\/vimagazine.com.br\/wp-content\/uploads\/2024\/11\/WhatsApp-Image-2024-11-05-at-20.53.34-300x300.jpeg 300w, https:\/\/vimagazine.com.br\/wp-content\/uploads\/2024\/11\/WhatsApp-Image-2024-11-05-at-20.53.34-150x150.jpeg 150w\" sizes=\"(max-width: 702px) 100vw, 702px\" \/><\/figure>\n\n\n\n<figure class=\"wp-block-image size-large\"><img width=\"720\" height=\"705\" data-id=\"16744\"  src=\"https:\/\/vimagazine.com.br\/wp-content\/uploads\/2024\/11\/WhatsApp-Image-2024-11-05-at-20.48.52.jpeg\" alt=\"\" class=\"wp-image-16744\" srcset=\"https:\/\/vimagazine.com.br\/wp-content\/uploads\/2024\/11\/WhatsApp-Image-2024-11-05-at-20.48.52.jpeg 720w, https:\/\/vimagazine.com.br\/wp-content\/uploads\/2024\/11\/WhatsApp-Image-2024-11-05-at-20.48.52-300x294.jpeg 300w\" sizes=\"(max-width: 720px) 100vw, 720px\" \/><\/figure>\n\n\n\n<figure class=\"wp-block-image size-large\"><img width=\"720\" height=\"738\" data-id=\"16745\"  src=\"https:\/\/vimagazine.com.br\/wp-content\/uploads\/2024\/11\/WhatsApp-Image-2024-11-05-at-20.33.01.jpeg\" alt=\"\" class=\"wp-image-16745\" srcset=\"https:\/\/vimagazine.com.br\/wp-content\/uploads\/2024\/11\/WhatsApp-Image-2024-11-05-at-20.33.01.jpeg 720w, https:\/\/vimagazine.com.br\/wp-content\/uploads\/2024\/11\/WhatsApp-Image-2024-11-05-at-20.33.01-293x300.jpeg 293w\" sizes=\"(max-width: 720px) 100vw, 720px\" \/><\/figure>\n<\/figure>\n\n\n\n<p><\/p>\n\n\n\n<p><\/p>\n\n\n\n<p><\/p>\n\n\n\n<p><strong>Servi\u00e7o: Exposi\u00e7\u00e3o Esp\u00edrito Natalino<\/strong><\/p>\n\n\n\n<p>Data: At\u00e9 29 de dezembro<\/p>\n\n\n\n<p>Hor\u00e1rios: quinta a domingo, das 10h \u00e0s 17h<\/p>\n\n\n\n<p>Ingresso: R$ 20 com pr\u00e9-reserva<\/p>\n\n\n\n<p>Informa\u00e7\u00f5es: (21) 98084-4319<\/p>\n\n\n\n<p>Inscri\u00e7\u00f5es:&nbsp;<a href=\"https:\/\/www.sympla.com.br\/evento\/natal-na-serra\/2717299\" target=\"_blank\" rel=\"noreferrer noopener\">https:\/\/www.sympla.com.br\/evento\/natal-na-serra\/2717299<\/a>.<\/p>\n\n\n\n<p>Acesse o Instagram<strong><em>: @chaledaserrapetropolis<\/em><\/strong><\/p>\n\n\n\n<p><strong><em>O Chal\u00e9 da Serra fica localizado na BR 040 Km93 \u2013 Parque da Serra de Petr\u00f3polis &#8211; RJ<\/em><\/strong><\/p>\n","protected":false},"excerpt":{"rendered":"<p>At\u00e9 o dia 29 de dezembro, o Chal\u00e9 da Serra, em Petr\u00f3polis, RJ, sedia a&#8230;<\/p>\n","protected":false},"author":1,"featured_media":16746,"comment_status":"closed","ping_status":"open","sticky":false,"template":"","format":"standard","meta":{"om_disable_all_campaigns":false,"_monsterinsights_skip_tracking":false,"_monsterinsights_sitenote_active":false,"_monsterinsights_sitenote_note":"","_monsterinsights_sitenote_category":0,"spay_email":""},"categories":[27,1],"tags":[],"jetpack_featured_media_url":"https:\/\/vimagazine.com.br\/wp-content\/uploads\/2024\/11\/WhatsApp-Image-2024-11-05-at-20.07.41.jpeg","_links":{"self":[{"href":"https:\/\/vimagazine.com.br\/index.php?rest_route=\/wp\/v2\/posts\/16737"}],"collection":[{"href":"https:\/\/vimagazine.com.br\/index.php?rest_route=\/wp\/v2\/posts"}],"about":[{"href":"https:\/\/vimagazine.com.br\/index.php?rest_route=\/wp\/v2\/types\/post"}],"author":[{"embeddable":true,"href":"https:\/\/vimagazine.com.br\/index.php?rest_route=\/wp\/v2\/users\/1"}],"replies":[{"embeddable":true,"href":"https:\/\/vimagazine.com.br\/index.php?rest_route=%2Fwp%2Fv2%2Fcomments&post=16737"}],"version-history":[{"count":1,"href":"https:\/\/vimagazine.com.br\/index.php?rest_route=\/wp\/v2\/posts\/16737\/revisions"}],"predecessor-version":[{"id":16747,"href":"https:\/\/vimagazine.com.br\/index.php?rest_route=\/wp\/v2\/posts\/16737\/revisions\/16747"}],"wp:featuredmedia":[{"embeddable":true,"href":"https:\/\/vimagazine.com.br\/index.php?rest_route=\/wp\/v2\/media\/16746"}],"wp:attachment":[{"href":"https:\/\/vimagazine.com.br\/index.php?rest_route=%2Fwp%2Fv2%2Fmedia&parent=16737"}],"wp:term":[{"taxonomy":"category","embeddable":true,"href":"https:\/\/vimagazine.com.br\/index.php?rest_route=%2Fwp%2Fv2%2Fcategories&post=16737"},{"taxonomy":"post_tag","embeddable":true,"href":"https:\/\/vimagazine.com.br\/index.php?rest_route=%2Fwp%2Fv2%2Ftags&post=16737"}],"curies":[{"name":"wp","href":"https:\/\/api.w.org\/{rel}","templated":true}]}}