{"id":16758,"date":"2024-11-20T16:34:34","date_gmt":"2024-11-20T19:34:34","guid":{"rendered":"https:\/\/vimagazine.com.br\/?p=16758"},"modified":"2024-11-20T16:55:40","modified_gmt":"2024-11-20T19:55:40","slug":"voce-sabe-o-que-e-o-g20","status":"publish","type":"post","link":"https:\/\/vimagazine.com.br\/?p=16758","title":{"rendered":"Voc\u00ea sabe o que \u00e9 o G20?"},"content":{"rendered":"\n<p>Artigo de Thiago de Moraes jurista, cientista pol\u00edtico, apresentador ancora, jornalista&nbsp;&nbsp;<br><br>MTB 0091632\/SP&nbsp;<\/p>\n\n\n\n<p>No cen\u00e1rio global contempor\u00e2neo, onde a interdepend\u00eancia econ\u00f4mica e as preocupa\u00e7\u00f5es ambientais dominam as manchetes, o G20 se destaca como um dos mais influentes f\u00f3runs de coopera\u00e7\u00e3o internacional. Este grupo de na\u00e7\u00f5es, que inclui as economias mais poderosas do mundo, \u00e9 respons\u00e1vel por delinear estrat\u00e9gias que visam assegurar a estabilidade financeira global e fomentar um crescimento econ\u00f4mico sustent\u00e1vel e inclusivo.&nbsp;<br><br>O G20, ou Grupo dos Vinte, \u00e9 uma coaliz\u00e3o que re\u00fane 19 pa\u00edses e a Uni\u00e3o Europeia, representando um leque diversificado de economias, das mais desenvolvidas \u00e0s emergentes. Juntos, os membros do G20 s\u00e3o respons\u00e1veis por cerca de 85% do PIB mundial, 75% do com\u00e9rcio internacional e dois ter\u00e7os da popula\u00e7\u00e3o global. Este f\u00f3rum foi criado em 1999, em resposta \u00e0s crises financeiras dos anos 1990, com o objetivo de incluir as economias emergentes nas discuss\u00f5es sobre a estabilidade econ\u00f4mica global.&nbsp;<br><br>Al\u00e9m de suas reuni\u00f5es anuais de c\u00fapula, onde l\u00edderes mundiais se encontram para discutir e definir a agenda econ\u00f4mica global, o G20 realiza encontros regulares entre ministros de finan\u00e7as, presidentes de bancos centrais e outros altos funcion\u00e1rios. Os temas tratados incluem crescimento econ\u00f4mico sustent\u00e1vel, regula\u00e7\u00e3o financeira, com\u00e9rcio, mudan\u00e7as clim\u00e1ticas, sa\u00fade global e transforma\u00e7\u00e3o digital.&nbsp;<br><br>Nesse momento em 2024, todas as aten\u00e7\u00f5es estar\u00e3o voltadas para o Rio de Janeiro, que sediar\u00e1 a c\u00fapula do G20. Este evento n\u00e3o \u00e9 apenas uma reuni\u00e3o de l\u00edderes, mas uma oportunidade para reavaliar e reafirmar compromissos globais em um momento cr\u00edtico da hist\u00f3ria. As expectativas para o G20 Rio 2024 s\u00e3o elevadas, com uma agenda que reflete os desafios e oportunidades que o mundo enfrenta atualmente.&nbsp;&nbsp;<\/p>\n\n\n\n<p>As principais pautas incluem:&nbsp;<br><br>A\u00e7\u00e3o Clim\u00e1tica e Sustentabilidade: Um dos principais objetivos da c\u00fapula ser\u00e1 intensificar os esfor\u00e7os para combater as mudan\u00e7as clim\u00e1ticas. O Brasil, sendo uma na\u00e7\u00e3o com vastos recursos naturais e uma biodiversidade \u00fanica, desempenhar\u00e1 um papel crucial em liderar discuss\u00f5es sobre a preserva\u00e7\u00e3o ambiental, energias renov\u00e1veis e pr\u00e1ticas sustent\u00e1veis que possam ser adotadas globalmente.&nbsp;<br><br>Crescimento Econ\u00f4mico Inclusivo: Outro foco ser\u00e1 o desenvolvimento de pol\u00edticas que promovam um crescimento econ\u00f4mico inclusivo. Isso implica em estrat\u00e9gias que n\u00e3o apenas impulsionem o crescimento do PIB, mas tamb\u00e9m garantam que os benef\u00edcios desse crescimento sejam distribu\u00eddos de maneira equitativa, reduzindo a desigualdade e promovendo a inclus\u00e3o social.&nbsp;<br><br>Transforma\u00e7\u00e3o Digital: A digitaliza\u00e7\u00e3o e a inova\u00e7\u00e3o tecnol\u00f3gica tamb\u00e9m estar\u00e3o no centro das discuss\u00f5es. O G20 Rio 2024 buscar\u00e1 maneiras de aproveitar as tecnologias emergentes para impulsionar a produtividade, ao mesmo tempo em que aborda os desafios associados \u00e0 automa\u00e7\u00e3o e \u00e0 seguran\u00e7a cibern\u00e9tica.&nbsp;<br><br>Sa\u00fade Global e Resili\u00eancia: A pandemia de COVID-19 destacou a import\u00e2ncia de sistemas de sa\u00fade resilientes. A c\u00fapula no Rio ir\u00e1 explorar formas de fortalecer a coopera\u00e7\u00e3o internacional na \u00e1rea da sa\u00fade, para garantir que o mundo esteja melhor preparado para enfrentar futuras crises de sa\u00fade.&nbsp;<br><br>O G20 Rio 2024 representa uma oportunidade significativa para o Brasil e para a comunidade internacional. \u00c0 medida que o mundo enfrenta desafios complexos, desde a economia at\u00e9 o meio ambiente, a necessidade de uma colabora\u00e7\u00e3o global eficaz nunca foi t\u00e3o grande. Este encontro no Rio de Janeiro n\u00e3o s\u00f3 destacar\u00e1 a hospitalidade e o esp\u00edrito vibrante do Brasil, mas tamb\u00e9m servir\u00e1 como um ponto de inflex\u00e3o na busca por um mundo mais justo, sustent\u00e1vel e pr\u00f3spero para todos.&nbsp;<\/p>\n","protected":false},"excerpt":{"rendered":"<p>Artigo de Thiago de Moraes jurista, cientista pol\u00edtico, apresentador ancora, jornalista&nbsp;&nbsp; MTB 0091632\/SP&nbsp; No cen\u00e1rio&#8230;<\/p>\n","protected":false},"author":19,"featured_media":16767,"comment_status":"closed","ping_status":"open","sticky":false,"template":"","format":"standard","meta":{"om_disable_all_campaigns":false,"_monsterinsights_skip_tracking":false,"_monsterinsights_sitenote_active":false,"_monsterinsights_sitenote_note":"","_monsterinsights_sitenote_category":0,"spay_email":""},"categories":[1],"tags":[],"jetpack_featured_media_url":"https:\/\/vimagazine.com.br\/wp-content\/uploads\/2024\/11\/31515050-1-1.jpg","_links":{"self":[{"href":"https:\/\/vimagazine.com.br\/index.php?rest_route=\/wp\/v2\/posts\/16758"}],"collection":[{"href":"https:\/\/vimagazine.com.br\/index.php?rest_route=\/wp\/v2\/posts"}],"about":[{"href":"https:\/\/vimagazine.com.br\/index.php?rest_route=\/wp\/v2\/types\/post"}],"author":[{"embeddable":true,"href":"https:\/\/vimagazine.com.br\/index.php?rest_route=\/wp\/v2\/users\/19"}],"replies":[{"embeddable":true,"href":"https:\/\/vimagazine.com.br\/index.php?rest_route=%2Fwp%2Fv2%2Fcomments&post=16758"}],"version-history":[{"count":1,"href":"https:\/\/vimagazine.com.br\/index.php?rest_route=\/wp\/v2\/posts\/16758\/revisions"}],"predecessor-version":[{"id":16760,"href":"https:\/\/vimagazine.com.br\/index.php?rest_route=\/wp\/v2\/posts\/16758\/revisions\/16760"}],"wp:featuredmedia":[{"embeddable":true,"href":"https:\/\/vimagazine.com.br\/index.php?rest_route=\/wp\/v2\/media\/16767"}],"wp:attachment":[{"href":"https:\/\/vimagazine.com.br\/index.php?rest_route=%2Fwp%2Fv2%2Fmedia&parent=16758"}],"wp:term":[{"taxonomy":"category","embeddable":true,"href":"https:\/\/vimagazine.com.br\/index.php?rest_route=%2Fwp%2Fv2%2Fcategories&post=16758"},{"taxonomy":"post_tag","embeddable":true,"href":"https:\/\/vimagazine.com.br\/index.php?rest_route=%2Fwp%2Fv2%2Ftags&post=16758"}],"curies":[{"name":"wp","href":"https:\/\/api.w.org\/{rel}","templated":true}]}}