{"id":16798,"date":"2024-11-24T20:06:17","date_gmt":"2024-11-24T23:06:17","guid":{"rendered":"https:\/\/vimagazine.com.br\/?p=16798"},"modified":"2024-11-24T20:06:18","modified_gmt":"2024-11-24T23:06:18","slug":"um-ultimo-amor-para-van-gogh","status":"publish","type":"post","link":"https:\/\/vimagazine.com.br\/?p=16798","title":{"rendered":"Um \u00faltimo amor para Van Gogh"},"content":{"rendered":"\n<p><\/p>\n\n\n\n<p class=\"has-medium-font-size\"><em><strong>Escrito por S\u00e9rgio Corr\u00eaa, Clara &amp; Vincent traz um olhar humano para um dos artistas mais c\u00e9lebres do s\u00e9culo XIX<\/strong><\/em><\/p>\n\n\n\n<p><\/p>\n\n\n\n<p>Famoso por suas pinceladas fortes, tons vivos e imagens de girass\u00f3is,\u00a0Vincent Van Gogh \u00e9 um dos pintores mais adorados\u00a0do mundo. Apesar da popularidade atual, a biografia dele \u00e9 marcada por pobreza, relacionamentos fracassados e muitas especula\u00e7\u00f5es sobre uma suposta loucura que lhe rendeu a alcunha de &#8220;g\u00eanio incompreendido\u201d. Hoje s\u00edmbolo da cultura pop, ele ganha uma hist\u00f3ria mais comum e sem idealiza\u00e7\u00f5es no livro\u00a0<strong><em>Clara e Vincent<\/em><\/strong>, do escritor\u00a0<strong>S\u00e9rgio Corr\u00eaa<\/strong>.<\/p>\n\n\n\n<p>O ponto de partida do romance \u00e9 a temporada que o holand\u00eas passa no interior da Fran\u00e7a, pouco antes de morrer. Em 1888, o pintor at\u00e9 ent\u00e3o desconhecido e malsucedido muda-se para Arles. Com esses elementos inspirados na hist\u00f3ria real do artista, a fic\u00e7\u00e3o inicia quando Van Gogh conhece Clara, uma jovem arlesiana respons\u00e1vel por lhe entregar o p\u00e3o diariamente.<\/p>\n\n\n\n<p>Ao entrar em contato com a obra art\u00edstica dele, a mo\u00e7a se apaixona por seus quadros e personalidade criativa. Inspirada pela natureza de Arles, ela o incentiva a usar novas cores e elementos em seus quadros, como os famosos girass\u00f3is, e se torna testemunha da realiza\u00e7\u00e3o de algumas das telas mais famosas de Vincent. A conviv\u00eancia faz nascer uma paix\u00e3o profunda que despertar\u00e1 o lado mais belo dos dois e transformar\u00e1 a hist\u00f3ria da arte mundial.<\/p>\n\n\n\n<p><em>Clara sentiu o ar lhe faltar. Ela tinha visto Vincent mont\u00e1-lo, mas, de onde se encontrava, mesmo tendo uma imagem pr\u00f3xima do ponto de vista dele, nada daquilo que ali estava ressaltou aos seus olhos. Como podia ter ele visto daquela forma? A luz era exatamente aquela, lembrava-o bem. Ali estava um momento \u00fanico, fixado na retina do pintor, transposto para a tela numa sobreposi\u00e7\u00e3o de camadas de tinta que lhe dava composi\u00e7\u00e3o tridimensional e faziam as imagens saltarem da tela numa pantomina de cores, acrescentando-lhe vida pr\u00f3pria. Era a paisagem por detr\u00e1s de sua casa, por\u00e9m, como que vista em sonho. Um sonho maravilhoso, de cores intensas, explodindo de vida.&nbsp;<\/em>(<strong>Clara e Vincent<\/strong><em>,<\/em>&nbsp;p. 30)<\/p>\n\n\n\n<p>O livro \u00e9 uma fic\u00e7\u00e3o que busca ir al\u00e9m do senso comum criado ao redor da figura de Van Gogh, e, para isso, o autor mergulha nas emo\u00e7\u00f5es e na psique dos personagens. \u201cIsso proporciona uma vis\u00e3o mais \u00edntima e sens\u00edvel da experi\u00eancia do artista, destacando como o amor e o apoio emocional podem ter impactado sua criatividade e bem-estar\u201d, explica&nbsp;<strong>S\u00e9rgio Corr\u00eaa<\/strong>. O destaque est\u00e1 no modo como ele foge da associa\u00e7\u00e3o corriqueira do pintor com a loucura, e constr\u00f3i um personagem complexo e inst\u00e1vel, movido principalmente pelo desejo de representar a beleza do mundo em sua arte.<\/p>\n\n\n\n<p>Com descri\u00e7\u00f5es de obras conhecidas como \u201cNoite estrelada sobre o R\u00f3dano\u201d, e das belas paisagens da Proven\u00e7a,&nbsp;<strong><em>Clara e Vincent<\/em><\/strong>&nbsp;\u00e9 um retrato delicado sobre duas pessoas unidas pela sensibilidade e pelo fasc\u00ednio com a vida. \u00c9 uma leitura para agradar os f\u00e3s de romances hist\u00f3ricos, assim como os das artes.<\/p>\n\n\n\n<p><strong>FICHA T\u00c9CNICA<\/strong><\/p>\n\n\n\n<p><strong>T\u00edtulo:\u00a0<\/strong>Clara e Vincent<br><strong>Autora:\u00a0<\/strong>S\u00e9rgio C\u00f4rrea<br><strong>ISBN:\u00a0<\/strong>978-65-5872-374-5<br><strong>P\u00e1ginas:<\/strong>\u00a0150<br><strong>Pre\u00e7o:\u00a0<\/strong>R$\u00a044,46<br><strong>Onde comprar:\u00a0<\/strong><a href=\"https:\/\/a.co\/d\/cDXaRLs\" target=\"_blank\" rel=\"noreferrer noopener\">Amazon<\/a>\u00a0\/\u00a0<a href=\"https:\/\/clubedeautores.com.br\/books\/search?where=books&amp;what=clara+e+vincent\" target=\"_blank\" rel=\"noreferrer noopener\">Clube de Autores<\/a><\/p>\n\n\n\n<p><\/p>\n\n\n\n<figure class=\"wp-block-image size-large is-resized\"><img src=\"https:\/\/vimagazine.com.br\/wp-content\/uploads\/2024\/11\/SergioCorrea-768x1024.jpg\" alt=\"\" class=\"wp-image-16799\" width=\"192\" height=\"256\" srcset=\"https:\/\/vimagazine.com.br\/wp-content\/uploads\/2024\/11\/SergioCorrea-768x1024.jpg 768w, https:\/\/vimagazine.com.br\/wp-content\/uploads\/2024\/11\/SergioCorrea-225x300.jpg 225w, https:\/\/vimagazine.com.br\/wp-content\/uploads\/2024\/11\/SergioCorrea-1152x1536.jpg 1152w, https:\/\/vimagazine.com.br\/wp-content\/uploads\/2024\/11\/SergioCorrea-1024x1365.jpg 1024w, https:\/\/vimagazine.com.br\/wp-content\/uploads\/2024\/11\/SergioCorrea.jpg 1440w\" sizes=\"(max-width: 192px) 100vw, 192px\" \/><\/figure>\n\n\n\n<p class=\"has-medium-font-size\"><strong>Sobre o autor:<\/strong>\u00a0<br>S\u00e9rgio Luiz Almeida Corr\u00eaa nasceu em 1958, em Colatina, no Esp\u00edrito Santo. Formou-se em Odontologia pela UFES e, em 1988, mudou-se para Portugal. Estreou como escritor com o romance\u00a0<em>O Aroma do Caf\u00e9 em Flor<\/em>, premiado no Concurso Internacional de Literatura da Uni\u00e3o Brasileira de Escritores (UBE), no Rio de Janeiro. Seu mais recente livro \u00e9\u00a0<strong><em>Clara e Vincent<\/em><\/strong>.<\/p>\n\n\n\n<p><strong>Redes sociais do autor:<\/strong><\/p>\n\n\n\n<ul><li>Facebook:&nbsp;<a href=\"https:\/\/www.facebook.com\/drsergiocorrea\/\" target=\"_blank\" rel=\"noreferrer noopener\">\/drsergiocorrea<\/a><\/li><li>Instagram:&nbsp;<a href=\"https:\/\/www.instagram.com\/sergiocorreautor\/\" target=\"_blank\" rel=\"noreferrer noopener\">@sergiocorreautor<\/a><\/li><\/ul>\n\n\n\n<p><\/p>\n\n\n\n<p><\/p>\n\n\n\n<p><\/p>\n\n\n\n<p><\/p>\n\n\n\n<p><\/p>\n","protected":false},"excerpt":{"rendered":"<p>Escrito por S\u00e9rgio Corr\u00eaa, Clara &amp; Vincent traz um olhar humano para um dos artistas&#8230;<\/p>\n","protected":false},"author":1,"featured_media":16800,"comment_status":"closed","ping_status":"open","sticky":false,"template":"","format":"standard","meta":{"om_disable_all_campaigns":false,"_monsterinsights_skip_tracking":false,"_monsterinsights_sitenote_active":false,"_monsterinsights_sitenote_note":"","_monsterinsights_sitenote_category":0,"spay_email":""},"categories":[27,1],"tags":[],"jetpack_featured_media_url":"https:\/\/vimagazine.com.br\/wp-content\/uploads\/2024\/11\/Capa-ClaraEVincent.jpg","_links":{"self":[{"href":"https:\/\/vimagazine.com.br\/index.php?rest_route=\/wp\/v2\/posts\/16798"}],"collection":[{"href":"https:\/\/vimagazine.com.br\/index.php?rest_route=\/wp\/v2\/posts"}],"about":[{"href":"https:\/\/vimagazine.com.br\/index.php?rest_route=\/wp\/v2\/types\/post"}],"author":[{"embeddable":true,"href":"https:\/\/vimagazine.com.br\/index.php?rest_route=\/wp\/v2\/users\/1"}],"replies":[{"embeddable":true,"href":"https:\/\/vimagazine.com.br\/index.php?rest_route=%2Fwp%2Fv2%2Fcomments&post=16798"}],"version-history":[{"count":1,"href":"https:\/\/vimagazine.com.br\/index.php?rest_route=\/wp\/v2\/posts\/16798\/revisions"}],"predecessor-version":[{"id":16801,"href":"https:\/\/vimagazine.com.br\/index.php?rest_route=\/wp\/v2\/posts\/16798\/revisions\/16801"}],"wp:featuredmedia":[{"embeddable":true,"href":"https:\/\/vimagazine.com.br\/index.php?rest_route=\/wp\/v2\/media\/16800"}],"wp:attachment":[{"href":"https:\/\/vimagazine.com.br\/index.php?rest_route=%2Fwp%2Fv2%2Fmedia&parent=16798"}],"wp:term":[{"taxonomy":"category","embeddable":true,"href":"https:\/\/vimagazine.com.br\/index.php?rest_route=%2Fwp%2Fv2%2Fcategories&post=16798"},{"taxonomy":"post_tag","embeddable":true,"href":"https:\/\/vimagazine.com.br\/index.php?rest_route=%2Fwp%2Fv2%2Ftags&post=16798"}],"curies":[{"name":"wp","href":"https:\/\/api.w.org\/{rel}","templated":true}]}}