{"id":16803,"date":"2024-11-24T20:19:52","date_gmt":"2024-11-24T23:19:52","guid":{"rendered":"https:\/\/vimagazine.com.br\/?p=16803"},"modified":"2024-11-25T01:02:59","modified_gmt":"2024-11-25T04:02:59","slug":"personalidades-vestem-ferragamo-em-festa-promovida-pela-grife-italiana","status":"publish","type":"post","link":"https:\/\/vimagazine.com.br\/?p=16803","title":{"rendered":"Personalidades vestem Ferragamo em festa promovida pela grife italiana"},"content":{"rendered":"\n<p><\/p>\n\n\n\n<p class=\"has-medium-font-size\"><strong><em>Manu Gavassi, Silvia e Maria Braz, Francisco Borsoi e outros influenciadores prestigiaram a marca em S\u00e3o Paulo nesta \u00faltima quinta-feira (21)<\/em>&nbsp;<\/strong><\/p>\n\n\n\n<p><\/p>\n\n\n\n<p>Na quinta-feira (21), a Ferragamo promoveu um evento exclusivo na ic\u00f4nica Mans\u00e3o de Chiquinho Scarpa, em S\u00e3o Paulo. O espa\u00e7o foi palco do encontro de personalidades em uma celebra\u00e7\u00e3o repleta de estilo e sofistica\u00e7\u00e3o.&nbsp;<\/p>\n\n\n\n<p>O evento tamb\u00e9m refor\u00e7ou o compromisso da Ferragamo com a sofistica\u00e7\u00e3o e a criatividade, criando um ambiente onde o cl\u00e1ssico se encontra com o contempor\u00e2neo.&nbsp;Entre os convidados do evento estavam Manu Gavassi, Silvia e Maria Braz, Beto Pacheco, Pedro Mafra, Barbara Migliori, Vitoria Fiore, Yan Acioli, Maju Trindade, Francisco Borsoi, Lucas Pretti e Maria Eleonora Chagas, todos em full look Ferragamo.&nbsp;<\/p>\n\n\n\n<p><\/p>\n\n\n\n<figure class=\"wp-container-2 wp-block-gallery-1 wp-block-gallery has-nested-images columns-default is-cropped\">\n<figure class=\"wp-block-image size-large\"><img width=\"1282\" height=\"1920\" data-id=\"16804\"  src=\"https:\/\/vimagazine.com.br\/wp-content\/uploads\/2024\/11\/CHAGAS.jpg\" alt=\"\" class=\"wp-image-16804\" srcset=\"https:\/\/vimagazine.com.br\/wp-content\/uploads\/2024\/11\/CHAGAS.jpg 1282w, https:\/\/vimagazine.com.br\/wp-content\/uploads\/2024\/11\/CHAGAS-200x300.jpg 200w, https:\/\/vimagazine.com.br\/wp-content\/uploads\/2024\/11\/CHAGAS-684x1024.jpg 684w, https:\/\/vimagazine.com.br\/wp-content\/uploads\/2024\/11\/CHAGAS-768x1150.jpg 768w, https:\/\/vimagazine.com.br\/wp-content\/uploads\/2024\/11\/CHAGAS-1026x1536.jpg 1026w, https:\/\/vimagazine.com.br\/wp-content\/uploads\/2024\/11\/CHAGAS-1024x1534.jpg 1024w\" sizes=\"(max-width: 1282px) 100vw, 1282px\" \/><figcaption>Maria Eleonora Chagas em full look Ferragamo. Look 3 da cole\u00e7\u00e3o FW24.<br><em>Cr\u00e9dito Fot\u00f3grafo: Rodrigo Zorzi<\/em><\/figcaption><\/figure>\n\n\n\n<figure class=\"wp-block-image size-large\"><img width=\"1282\" height=\"1920\" data-id=\"16805\"  src=\"https:\/\/vimagazine.com.br\/wp-content\/uploads\/2024\/11\/PRETTI.jpg\" alt=\"\" class=\"wp-image-16805\" srcset=\"https:\/\/vimagazine.com.br\/wp-content\/uploads\/2024\/11\/PRETTI.jpg 1282w, https:\/\/vimagazine.com.br\/wp-content\/uploads\/2024\/11\/PRETTI-200x300.jpg 200w, https:\/\/vimagazine.com.br\/wp-content\/uploads\/2024\/11\/PRETTI-684x1024.jpg 684w, https:\/\/vimagazine.com.br\/wp-content\/uploads\/2024\/11\/PRETTI-768x1150.jpg 768w, https:\/\/vimagazine.com.br\/wp-content\/uploads\/2024\/11\/PRETTI-1026x1536.jpg 1026w, https:\/\/vimagazine.com.br\/wp-content\/uploads\/2024\/11\/PRETTI-1024x1534.jpg 1024w\" sizes=\"(max-width: 1282px) 100vw, 1282px\" \/><figcaption>Lucas Pretti em full look Ferragamo. Look 43 da cole\u00e7\u00e3o FW24<br><em>Cr\u00e9dito Fot\u00f3grafo: Rodrigo Zorzi<\/em><\/figcaption><\/figure>\n\n\n\n<figure class=\"wp-block-image size-large\"><img width=\"1281\" height=\"1920\" data-id=\"16806\"  src=\"https:\/\/vimagazine.com.br\/wp-content\/uploads\/2024\/11\/BORSOI.jpg\" alt=\"\" class=\"wp-image-16806\" srcset=\"https:\/\/vimagazine.com.br\/wp-content\/uploads\/2024\/11\/BORSOI.jpg 1281w, https:\/\/vimagazine.com.br\/wp-content\/uploads\/2024\/11\/BORSOI-200x300.jpg 200w, https:\/\/vimagazine.com.br\/wp-content\/uploads\/2024\/11\/BORSOI-683x1024.jpg 683w, https:\/\/vimagazine.com.br\/wp-content\/uploads\/2024\/11\/BORSOI-768x1151.jpg 768w, https:\/\/vimagazine.com.br\/wp-content\/uploads\/2024\/11\/BORSOI-1025x1536.jpg 1025w, https:\/\/vimagazine.com.br\/wp-content\/uploads\/2024\/11\/BORSOI-1024x1535.jpg 1024w\" sizes=\"(max-width: 1281px) 100vw, 1281px\" \/><figcaption>Francisco Borsoi em full look Ferragamo. Look 23 da cole\u00e7\u00e3o FW24.<br><em>Cr\u00e9dito Fot\u00f3grafo: Paula Zorzi<\/em><\/figcaption><\/figure>\n\n\n\n<figure class=\"wp-block-image size-large\"><img width=\"1282\" height=\"1920\" data-id=\"16807\"  src=\"https:\/\/vimagazine.com.br\/wp-content\/uploads\/2024\/11\/MAJU.jpg\" alt=\"\" class=\"wp-image-16807\" srcset=\"https:\/\/vimagazine.com.br\/wp-content\/uploads\/2024\/11\/MAJU.jpg 1282w, https:\/\/vimagazine.com.br\/wp-content\/uploads\/2024\/11\/MAJU-200x300.jpg 200w, https:\/\/vimagazine.com.br\/wp-content\/uploads\/2024\/11\/MAJU-684x1024.jpg 684w, https:\/\/vimagazine.com.br\/wp-content\/uploads\/2024\/11\/MAJU-768x1150.jpg 768w, https:\/\/vimagazine.com.br\/wp-content\/uploads\/2024\/11\/MAJU-1026x1536.jpg 1026w, https:\/\/vimagazine.com.br\/wp-content\/uploads\/2024\/11\/MAJU-1024x1534.jpg 1024w\" sizes=\"(max-width: 1282px) 100vw, 1282px\" \/><figcaption>Maju Trindade em full look Ferragamo. Look 8 da cole\u00e7\u00e3o SS24.<br><em>Cr\u00e9dito Fot\u00f3grafo: Rodrigo Zorzi<\/em><\/figcaption><\/figure>\n\n\n\n<figure class=\"wp-block-image size-large\"><img width=\"1282\" height=\"1920\" data-id=\"16809\"  src=\"https:\/\/vimagazine.com.br\/wp-content\/uploads\/2024\/11\/VITORIA-FIORE-.jpg\" alt=\"\" class=\"wp-image-16809\" srcset=\"https:\/\/vimagazine.com.br\/wp-content\/uploads\/2024\/11\/VITORIA-FIORE-.jpg 1282w, https:\/\/vimagazine.com.br\/wp-content\/uploads\/2024\/11\/VITORIA-FIORE--200x300.jpg 200w, https:\/\/vimagazine.com.br\/wp-content\/uploads\/2024\/11\/VITORIA-FIORE--684x1024.jpg 684w, https:\/\/vimagazine.com.br\/wp-content\/uploads\/2024\/11\/VITORIA-FIORE--768x1150.jpg 768w, https:\/\/vimagazine.com.br\/wp-content\/uploads\/2024\/11\/VITORIA-FIORE--1026x1536.jpg 1026w, https:\/\/vimagazine.com.br\/wp-content\/uploads\/2024\/11\/VITORIA-FIORE--1024x1534.jpg 1024w\" sizes=\"(max-width: 1282px) 100vw, 1282px\" \/><figcaption>Vitoria Fiore em full look Ferragamo. Look 63 da cole\u00e7\u00e3o SS24.<br><em>Cr\u00e9dito Fot\u00f3grafo: Rodrigo Zorzi<\/em><\/figcaption><\/figure>\n\n\n\n<figure class=\"wp-block-image size-large\"><img width=\"1282\" height=\"1920\" data-id=\"16810\"  src=\"https:\/\/vimagazine.com.br\/wp-content\/uploads\/2024\/11\/BARBARA.jpg\" alt=\"\" class=\"wp-image-16810\" srcset=\"https:\/\/vimagazine.com.br\/wp-content\/uploads\/2024\/11\/BARBARA.jpg 1282w, https:\/\/vimagazine.com.br\/wp-content\/uploads\/2024\/11\/BARBARA-200x300.jpg 200w, https:\/\/vimagazine.com.br\/wp-content\/uploads\/2024\/11\/BARBARA-684x1024.jpg 684w, https:\/\/vimagazine.com.br\/wp-content\/uploads\/2024\/11\/BARBARA-768x1150.jpg 768w, https:\/\/vimagazine.com.br\/wp-content\/uploads\/2024\/11\/BARBARA-1026x1536.jpg 1026w, https:\/\/vimagazine.com.br\/wp-content\/uploads\/2024\/11\/BARBARA-1024x1534.jpg 1024w\" sizes=\"(max-width: 1282px) 100vw, 1282px\" \/><figcaption>Barbara Migliori em full look Ferragamo. Look 58 da cole\u00e7\u00e3o SS24.<br><em>Cr\u00e9dito Fot\u00f3grafo: Paula Zorzi<\/em><\/figcaption><\/figure>\n\n\n\n<figure class=\"wp-block-image size-large\"><img width=\"1282\" height=\"1920\" data-id=\"16811\"  src=\"https:\/\/vimagazine.com.br\/wp-content\/uploads\/2024\/11\/PEDRO-.jpg\" alt=\"\" class=\"wp-image-16811\" srcset=\"https:\/\/vimagazine.com.br\/wp-content\/uploads\/2024\/11\/PEDRO-.jpg 1282w, https:\/\/vimagazine.com.br\/wp-content\/uploads\/2024\/11\/PEDRO--200x300.jpg 200w, https:\/\/vimagazine.com.br\/wp-content\/uploads\/2024\/11\/PEDRO--684x1024.jpg 684w, https:\/\/vimagazine.com.br\/wp-content\/uploads\/2024\/11\/PEDRO--768x1150.jpg 768w, https:\/\/vimagazine.com.br\/wp-content\/uploads\/2024\/11\/PEDRO--1026x1536.jpg 1026w, https:\/\/vimagazine.com.br\/wp-content\/uploads\/2024\/11\/PEDRO--1024x1534.jpg 1024w\" sizes=\"(max-width: 1282px) 100vw, 1282px\" \/><figcaption>Pedro Mafra em full look Ferragamo. Look 64 da cole\u00e7\u00e3o FW24.<br><em>Cr\u00e9dito Fot\u00f3grafo: Rodrigo Zorzi<\/em><\/figcaption><\/figure>\n\n\n\n<figure class=\"wp-block-image size-large\"><img width=\"1281\" height=\"1920\" data-id=\"16812\"  src=\"https:\/\/vimagazine.com.br\/wp-content\/uploads\/2024\/11\/BETO-PACHECO-.jpg\" alt=\"\" class=\"wp-image-16812\" srcset=\"https:\/\/vimagazine.com.br\/wp-content\/uploads\/2024\/11\/BETO-PACHECO-.jpg 1281w, https:\/\/vimagazine.com.br\/wp-content\/uploads\/2024\/11\/BETO-PACHECO--200x300.jpg 200w, https:\/\/vimagazine.com.br\/wp-content\/uploads\/2024\/11\/BETO-PACHECO--683x1024.jpg 683w, https:\/\/vimagazine.com.br\/wp-content\/uploads\/2024\/11\/BETO-PACHECO--768x1151.jpg 768w, https:\/\/vimagazine.com.br\/wp-content\/uploads\/2024\/11\/BETO-PACHECO--1025x1536.jpg 1025w, https:\/\/vimagazine.com.br\/wp-content\/uploads\/2024\/11\/BETO-PACHECO--1024x1535.jpg 1024w\" sizes=\"(max-width: 1281px) 100vw, 1281px\" \/><figcaption>Beto Pacheco em full look Ferragamo. Look 13 da cole\u00e7\u00e3o SS24.<br><em>Cr\u00e9dito Fot\u00f3grafo: Paula Zorzi<\/em><\/figcaption><\/figure>\n\n\n\n<figure class=\"wp-block-image size-large\"><img width=\"1282\" height=\"1920\" data-id=\"16813\"  src=\"https:\/\/vimagazine.com.br\/wp-content\/uploads\/2024\/11\/MARIA-BRAZ-.jpg\" alt=\"\" class=\"wp-image-16813\" srcset=\"https:\/\/vimagazine.com.br\/wp-content\/uploads\/2024\/11\/MARIA-BRAZ-.jpg 1282w, https:\/\/vimagazine.com.br\/wp-content\/uploads\/2024\/11\/MARIA-BRAZ--200x300.jpg 200w, https:\/\/vimagazine.com.br\/wp-content\/uploads\/2024\/11\/MARIA-BRAZ--684x1024.jpg 684w, https:\/\/vimagazine.com.br\/wp-content\/uploads\/2024\/11\/MARIA-BRAZ--768x1150.jpg 768w, https:\/\/vimagazine.com.br\/wp-content\/uploads\/2024\/11\/MARIA-BRAZ--1026x1536.jpg 1026w, https:\/\/vimagazine.com.br\/wp-content\/uploads\/2024\/11\/MARIA-BRAZ--1024x1534.jpg 1024w\" sizes=\"(max-width: 1282px) 100vw, 1282px\" \/><figcaption>Maria Braz em full look Ferragamo. Look 61 da cole\u00e7\u00e3o FW24.<br><em>Cr\u00e9dito Fot\u00f3grafo: Rodrigo Zorzi<\/em><\/figcaption><\/figure>\n\n\n\n<figure class=\"wp-block-image size-large\"><img width=\"1282\" height=\"1920\" data-id=\"16814\"  src=\"https:\/\/vimagazine.com.br\/wp-content\/uploads\/2024\/11\/SILVIA-BRAZ-.jpg\" alt=\"\" class=\"wp-image-16814\" srcset=\"https:\/\/vimagazine.com.br\/wp-content\/uploads\/2024\/11\/SILVIA-BRAZ-.jpg 1282w, https:\/\/vimagazine.com.br\/wp-content\/uploads\/2024\/11\/SILVIA-BRAZ--200x300.jpg 200w, https:\/\/vimagazine.com.br\/wp-content\/uploads\/2024\/11\/SILVIA-BRAZ--684x1024.jpg 684w, https:\/\/vimagazine.com.br\/wp-content\/uploads\/2024\/11\/SILVIA-BRAZ--768x1150.jpg 768w, https:\/\/vimagazine.com.br\/wp-content\/uploads\/2024\/11\/SILVIA-BRAZ--1026x1536.jpg 1026w, https:\/\/vimagazine.com.br\/wp-content\/uploads\/2024\/11\/SILVIA-BRAZ--1024x1534.jpg 1024w\" sizes=\"(max-width: 1282px) 100vw, 1282px\" \/><figcaption>Silvia Braz em full look Ferragamo. Look 42 da cole\u00e7\u00e3o FW24.<br><em>Cr\u00e9dito Fot\u00f3grafo: Rodrigo Zorzi<\/em><\/figcaption><\/figure>\n\n\n\n<figure class=\"wp-block-image size-large\"><img width=\"1282\" height=\"1920\" data-id=\"16815\"  src=\"https:\/\/vimagazine.com.br\/wp-content\/uploads\/2024\/11\/MANU-GAVASSI.jpg\" alt=\"\" class=\"wp-image-16815\" srcset=\"https:\/\/vimagazine.com.br\/wp-content\/uploads\/2024\/11\/MANU-GAVASSI.jpg 1282w, https:\/\/vimagazine.com.br\/wp-content\/uploads\/2024\/11\/MANU-GAVASSI-200x300.jpg 200w, https:\/\/vimagazine.com.br\/wp-content\/uploads\/2024\/11\/MANU-GAVASSI-684x1024.jpg 684w, https:\/\/vimagazine.com.br\/wp-content\/uploads\/2024\/11\/MANU-GAVASSI-768x1150.jpg 768w, https:\/\/vimagazine.com.br\/wp-content\/uploads\/2024\/11\/MANU-GAVASSI-1026x1536.jpg 1026w, https:\/\/vimagazine.com.br\/wp-content\/uploads\/2024\/11\/MANU-GAVASSI-1024x1534.jpg 1024w\" sizes=\"(max-width: 1282px) 100vw, 1282px\" \/><figcaption>Manu Gavassi em full look Ferragamo. Look 34 da cole\u00e7\u00e3o PS24.<br><em>Cr\u00e9dito Fot\u00f3grafo: Rodrigo Zorzi<\/em><\/figcaption><\/figure>\n<\/figure>\n\n\n\n<p><\/p>\n\n\n\n<p><\/p>\n\n\n\n<p><\/p>\n\n\n\n<p><\/p>\n","protected":false},"excerpt":{"rendered":"<p>Manu Gavassi, Silvia e Maria Braz, Francisco Borsoi e outros influenciadores prestigiaram a marca em&#8230;<\/p>\n","protected":false},"author":1,"featured_media":16808,"comment_status":"closed","ping_status":"open","sticky":false,"template":"","format":"standard","meta":{"om_disable_all_campaigns":false,"_monsterinsights_skip_tracking":false,"_monsterinsights_sitenote_active":false,"_monsterinsights_sitenote_note":"","_monsterinsights_sitenote_category":0,"spay_email":""},"categories":[27,1],"tags":[],"jetpack_featured_media_url":"https:\/\/vimagazine.com.br\/wp-content\/uploads\/2024\/11\/Y.jpg","_links":{"self":[{"href":"https:\/\/vimagazine.com.br\/index.php?rest_route=\/wp\/v2\/posts\/16803"}],"collection":[{"href":"https:\/\/vimagazine.com.br\/index.php?rest_route=\/wp\/v2\/posts"}],"about":[{"href":"https:\/\/vimagazine.com.br\/index.php?rest_route=\/wp\/v2\/types\/post"}],"author":[{"embeddable":true,"href":"https:\/\/vimagazine.com.br\/index.php?rest_route=\/wp\/v2\/users\/1"}],"replies":[{"embeddable":true,"href":"https:\/\/vimagazine.com.br\/index.php?rest_route=%2Fwp%2Fv2%2Fcomments&post=16803"}],"version-history":[{"count":2,"href":"https:\/\/vimagazine.com.br\/index.php?rest_route=\/wp\/v2\/posts\/16803\/revisions"}],"predecessor-version":[{"id":16817,"href":"https:\/\/vimagazine.com.br\/index.php?rest_route=\/wp\/v2\/posts\/16803\/revisions\/16817"}],"wp:featuredmedia":[{"embeddable":true,"href":"https:\/\/vimagazine.com.br\/index.php?rest_route=\/wp\/v2\/media\/16808"}],"wp:attachment":[{"href":"https:\/\/vimagazine.com.br\/index.php?rest_route=%2Fwp%2Fv2%2Fmedia&parent=16803"}],"wp:term":[{"taxonomy":"category","embeddable":true,"href":"https:\/\/vimagazine.com.br\/index.php?rest_route=%2Fwp%2Fv2%2Fcategories&post=16803"},{"taxonomy":"post_tag","embeddable":true,"href":"https:\/\/vimagazine.com.br\/index.php?rest_route=%2Fwp%2Fv2%2Ftags&post=16803"}],"curies":[{"name":"wp","href":"https:\/\/api.w.org\/{rel}","templated":true}]}}