{"id":16823,"date":"2024-11-26T11:04:35","date_gmt":"2024-11-26T14:04:35","guid":{"rendered":"https:\/\/vimagazine.com.br\/?p=16823"},"modified":"2024-11-26T11:04:35","modified_gmt":"2024-11-26T14:04:35","slug":"rainha-diambi-kabatusuila-num-encontro-de-culturas-no-centro-de-sao-paulo","status":"publish","type":"post","link":"https:\/\/vimagazine.com.br\/?p=16823","title":{"rendered":"Rainha Diambi\u00a0Kabatusuila num encontro de Culturas no Centro de S\u00e3o Paulo!"},"content":{"rendered":"\n<figure class=\"wp-block-image aligncenter size-full\"><img width=\"600\" height=\"400\" src=\"https:\/\/vimagazine.com.br\/wp-content\/uploads\/2024\/11\/Rainha_Diambi_expo_conciencia_Negra_PrefeitoSP_21112024_009-600x400-1.jpg\" alt=\"\" class=\"wp-image-16824\" srcset=\"https:\/\/vimagazine.com.br\/wp-content\/uploads\/2024\/11\/Rainha_Diambi_expo_conciencia_Negra_PrefeitoSP_21112024_009-600x400-1.jpg 600w, https:\/\/vimagazine.com.br\/wp-content\/uploads\/2024\/11\/Rainha_Diambi_expo_conciencia_Negra_PrefeitoSP_21112024_009-600x400-1-300x200.jpg 300w\" sizes=\"(max-width: 600px) 100vw, 600px\" \/><figcaption>\u00a0A Rainha Diambi, da Rep\u00fablica do Congo se encontrou com o Prefeito Ricardo Nunes e com sua esposa, a primeira dama, Regina Nunes na IV Expo Internacional do Dia da Consci\u00eancia Negra<\/figcaption><\/figure>\n\n\n\n<p>A Rainha Diambi, da Rep\u00fablica do Congo se encontrou com o Prefeito Ricardo Nunes e com sua esposa, a primeira dama, Regina Nunes no final de tarde desta quinta-feira (21). Rainha Diambi participou de uma visita ao centro velho de S\u00e3o Paulo com a primeira dama e mais tarde participou da IV Expo Internacional do Dia da Consci\u00eancia Negra no complexo do Anhembi. (Foto: {esq.} Chef Gil Gondim, Rainha Diambi e a Primeira dama, Sra. Regina Nunes)<\/p>\n\n\n\n<p>No dia 21 de novembro, a&nbsp; Rainha Diambi, da Rep\u00fablica do Congo, participou de uma visita especial ao Centro Hist\u00f3rico de S\u00e3o Paulo em um momento \u00fanico de troca de experi\u00eancias entre as culturas, com o objetivo de fortalecer a\u00e7\u00f5es sociais e promover o desenvolvimento da cidade de S\u00e3o Paulo.<\/p>\n\n\n\n<p>Rainha Diambi foi recepcionada pela primeira-dama da cidade de S\u00e3o Paulo &#8211; Regina Carnovale Nunes &#8211; iniciando com uma coletiva de imprensa com jornalistas de varios ve\u00edculos de comunica\u00e7\u00e3o onde foi poss\u00edvel conhecer essa incr\u00edvel l\u00edder e defensora de causas sociais e culturais.<\/p>\n\n\n\n<p>&#8220;<em>Foi uma grande honra receber em S\u00e3o Paulo a Rainha Diambi\u00a0<a href=\"https:\/\/www.instagram.com\/queendiambi\/\" target=\"_blank\" rel=\"noreferrer noopener\">@queendiambi<\/a>\u00a0em lugar hist\u00f3rico da nossa cidade, catedral da S\u00e9&#8221;<\/em>, afirmou a primeira-dama da cidade de S\u00e3o Paulo. Igualmente, a Rainha Diambi replicou &#8220;<em>It was an absolutely amazing moment meeting the e First Lady of the city of S\u00e3o Paulo. Regina is a stellar being beautiful inside out. I am looking forward to seeing her again soon&#8221;<\/em>\u00a0(&#8220;<em>Foi um momento \u00edmpar em poder conhecer a primeira-dama da cidade de S\u00e3o Paulo. Regina \u00e9 um ser estelar, linda por dentro e por fora. Estou ansiosa para v\u00ea-la novamente em breve&#8221;.<\/em><\/p>\n\n\n\n<p>A recep\u00e7\u00e3o da Rainha\u00a0<strong>Diambi<\/strong>\u00a0e sua comitiva, assim como, o coquetel e a coletiva de imprensa ficou\u00a0 ao encargo\u00a0<strong>da competente<\/strong>\u00a0Gil Gondim,\u00a0 Chef Oficial do @brunchnacatedral e CEO da Casa Gil Gondim (@casagilgondim).<\/p>\n\n\n\n<p>A Rainha Diambi, da Rep\u00fablica do Congo se encontrou com o Prefeito Ricardo Nunes e com sua esposa, a primeira dama, Regina Nunes na IV Expo Internacional do Dia da Consci\u00eancia Negra<\/p>\n\n\n\n<p>Posteriormente, a Rainha foi com sua comitiva \u00e0 abertura da IV Expo Internacional Dia da Consci\u00eancia Negra 2024 ao encontro do Prefeito Ricardo Nunes. Evento este realizado pela Prefeitura de S\u00e3o Paulo&nbsp; no Pavilh\u00e3o 3 do Distrito Anhembi. A 4\u00aa edi\u00e7\u00e3o da Expo Internacional Dia da Consci\u00eancia Negra, Farol de Combate ao Racismo\u201d, trouxe uma programa\u00e7\u00e3o diversificada para comemorar a cultura afro-brasileira, com destaque para a presen\u00e7a de afroempreendedores locais e atividades culturais para todos os p\u00fablicos.<\/p>\n\n\n\n<p><strong>Casa Gil Gondim Gastronomia<br><\/strong>Pra\u00e7a da S\u00e9, 411 &#8211; 1o. andar<br>Telefone \/ WhatsApp: (55-11) 94796-2533<br>E-mail:&nbsp;<a href=\"mailto:adm@gilgondim.com.br\">adm@gilgondim.com.br<\/a><br>Instagram @<a rel=\"noreferrer noopener\" target=\"_blank\" href=\"https:\/\/www.instagram.com\/gilgondim\/\">gilgondim<\/a><\/p>\n","protected":false},"excerpt":{"rendered":"<p>A Rainha Diambi, da Rep\u00fablica do Congo se encontrou com o Prefeito Ricardo Nunes e&#8230;<\/p>\n","protected":false},"author":19,"featured_media":16825,"comment_status":"closed","ping_status":"open","sticky":false,"template":"","format":"standard","meta":{"om_disable_all_campaigns":false,"_monsterinsights_skip_tracking":false,"_monsterinsights_sitenote_active":false,"_monsterinsights_sitenote_note":"","_monsterinsights_sitenote_category":0,"spay_email":""},"categories":[1],"tags":[],"jetpack_featured_media_url":"https:\/\/vimagazine.com.br\/wp-content\/uploads\/2024\/11\/Rainha_Diambi_Coletiva_21112024_067-600x400-1.jpg","_links":{"self":[{"href":"https:\/\/vimagazine.com.br\/index.php?rest_route=\/wp\/v2\/posts\/16823"}],"collection":[{"href":"https:\/\/vimagazine.com.br\/index.php?rest_route=\/wp\/v2\/posts"}],"about":[{"href":"https:\/\/vimagazine.com.br\/index.php?rest_route=\/wp\/v2\/types\/post"}],"author":[{"embeddable":true,"href":"https:\/\/vimagazine.com.br\/index.php?rest_route=\/wp\/v2\/users\/19"}],"replies":[{"embeddable":true,"href":"https:\/\/vimagazine.com.br\/index.php?rest_route=%2Fwp%2Fv2%2Fcomments&post=16823"}],"version-history":[{"count":1,"href":"https:\/\/vimagazine.com.br\/index.php?rest_route=\/wp\/v2\/posts\/16823\/revisions"}],"predecessor-version":[{"id":16826,"href":"https:\/\/vimagazine.com.br\/index.php?rest_route=\/wp\/v2\/posts\/16823\/revisions\/16826"}],"wp:featuredmedia":[{"embeddable":true,"href":"https:\/\/vimagazine.com.br\/index.php?rest_route=\/wp\/v2\/media\/16825"}],"wp:attachment":[{"href":"https:\/\/vimagazine.com.br\/index.php?rest_route=%2Fwp%2Fv2%2Fmedia&parent=16823"}],"wp:term":[{"taxonomy":"category","embeddable":true,"href":"https:\/\/vimagazine.com.br\/index.php?rest_route=%2Fwp%2Fv2%2Fcategories&post=16823"},{"taxonomy":"post_tag","embeddable":true,"href":"https:\/\/vimagazine.com.br\/index.php?rest_route=%2Fwp%2Fv2%2Ftags&post=16823"}],"curies":[{"name":"wp","href":"https:\/\/api.w.org\/{rel}","templated":true}]}}