{"id":16834,"date":"2024-11-26T21:52:06","date_gmt":"2024-11-27T00:52:06","guid":{"rendered":"https:\/\/vimagazine.com.br\/?p=16834"},"modified":"2024-11-26T21:52:07","modified_gmt":"2024-11-27T00:52:07","slug":"primeiro-design-showroom-brasileiro-greenbuilding-via-artistica-casa-na-praia-comemora-10-anos-de-certificacao-leed-platinum","status":"publish","type":"post","link":"https:\/\/vimagazine.com.br\/?p=16834","title":{"rendered":"Primeiro design showroom brasileiro greenbuilding Via Art\u00edstica Casa na Praia, comemora 10 anos de certifica\u00e7\u00e3o LEED Platinum"},"content":{"rendered":"\n<p><br><\/p>\n\n\n\n<p>A Via Art\u00edstica Casa na Praia, refer\u00eancia em arquitetura greenbuilding , foi o primeiro design showroom brasileiro a receber a certifica\u00e7\u00e3o internacional LEED Platinum, est\u00e1 comemorando os 10 anos da conquista do certificado. Este selo reconhece edifica\u00e7\u00f5es que combinam design inovador, com alto desempenho ambiental e efici\u00eancia energ\u00e9tica, consolidando a Casa na Praia como um s\u00edmbolo de excel\u00eancia e sustentabilidade em Santa Catarina.<\/p>\n\n\n\n<p>Para celebrar esta trajet\u00f3ria, um evento especial foi realizado no local, destacando sua relev\u00e2ncia no cen\u00e1rio arquitet\u00f4nico nacional e internacional. A noite incluiu a premi\u00e9re de um filme produzido pela Architecture Hunter, plataforma global de curadoria de arquitetura renomada, e um talk exclusivo com Amanda Ferber, fundadora da plataforma. Amanda, influenciadora de renome seguida por personalidades como Mark Zuckerberg, compartilhou insights sobre o impacto da Casa na Praia no movimento da arquitetura sustent\u00e1vel.<\/p>\n\n\n\n<p><strong>Solu\u00e7\u00f5es Inovadoras em greenbuilding<\/strong><br>Projetada para promover uma experi\u00eancia multissensorial, a Casa na Praia combina tecnologia avan\u00e7ada e conex\u00e3o com a natureza. Seu design prioriza o conforto t\u00e9rmico, a efici\u00eancia energ\u00e9tica e o bem-estar, criando um projeto ecologicamente consciente, eficiente e com uma bela est\u00e9tica.<\/p>\n\n\n\n<p>Em todas as etapas da constru\u00e7\u00e3o foram implementadas pr\u00e1ticas de alto desempenho ambiental, desde a concep\u00e7\u00e3o, a constru\u00e7\u00e3o e opera\u00e7\u00e3o do espa\u00e7o.<\/p>\n\n\n\n<p>-Fachadas com brises que permitem ilumina\u00e7\u00e3o natural, ventila\u00e7\u00e3o cruzada e redu\u00e7\u00e3o do uso de ar-condicionado.<br>-Telhado branco com telhas sandu\u00edche fazem com que a incid\u00eancia de calor n\u00e3o se acumule e consequentemente n\u00e3o esquente tanto,<br>-Vidros low-e, que minimizam o impacto do calor e otimizam o consumo energ\u00e9tico.<br>-Capta\u00e7\u00e3o e reuso de \u00e1gua da chuva e tratamento de efluentes, alinhados aos princ\u00edpios de sustentabilidade h\u00eddrica. A coleta da \u00e1gua pluvial no telhado resultado no aproveitamento percentual de 90% da \u00e1gua coletada.<br>-Energia renov\u00e1vel e materiais com conte\u00fado reciclado, como concreto, alum\u00ednio e vidro, integrados ao projeto.<\/p>\n\n\n\n<p>Al\u00e9m disso, o espa\u00e7o contempla um biciclet\u00e1rio, estacionamento com concregrama e 50% de solo perme\u00e1vel, refor\u00e7ando o compromisso com a mobilidade sustent\u00e1vel e a preserva\u00e7\u00e3o ambiental.<\/p>\n\n\n\n<p>Um Legado para o Futuro e a certifica\u00e7\u00e3o Leed Platinum<br>A Via Art\u00edstica Casa na Praia n\u00e3o \u00e9 apenas uma constru\u00e7\u00e3o verde; \u00e9 um convite para repensar a forma como habitamos o mundo. Ao integrar a\u00e7\u00f5es de otimiza\u00e7\u00e3o no desempenho energ\u00e9tico, tecnologia e est\u00e9tica, este projeto redefine padr\u00f5es e inspira a cria\u00e7\u00e3o de ambientes mais saud\u00e1veis, equilibrados e harmoniosos.<\/p>\n\n\n\n<p>S\u00e3o 10 anos de certifica\u00e7\u00e3o LEED Platinum, que reafirmam a posi\u00e7\u00e3o da Casa na Praia como \u00edcone da arquitetura catarinense e exemplo global de constru\u00e7\u00e3o verde. \u201cQuando come\u00e7amos a imaginar o novo showroom, quer\u00edamos uma casa de praia diferente, nada tradicional. Busc\u00e1vamos algo tecnol\u00f3gico, inovador e focado em desempenho. Compartilhamos algumas ideias com Carlos, nosso arquiteto, que, na \u00e9poca, fazia um MBA em sustentabilidade. Assim, surgiu a possibilidade de certificar a obra, e come\u00e7amos a adapt\u00e1-la para atender \u00e0s exig\u00eancias do LEED&#8221;, relembra Ana Lucia Picoloto Nowascky, Diretora de Relacionamento e compras da VA Casa na Praia.<\/p>\n\n\n\n<p>O projeto tamb\u00e9m contou com o entusiasmo de empresas fornecedoras, que se tornaram parceiras ao perceber o potencial da constru\u00e7\u00e3o. Exemplos incluem o sistema de ar-condicionado central, viabilizado por uma dessas parcerias, e os vidros low-e fornecidos pela Cebrace, desenvolvidos exclusivamente para o projeto. Al\u00e9m disso, a Alcoa contribuiu com alum\u00ednio contendo 70% de material reciclado, refor\u00e7ando o compromisso com a sustentabilidade.<\/p>\n\n\n\n<p>O sistema de certifica\u00e7\u00e3o LEED (Leadership in Energy and Environmental Design) avalia diversos aspectos de uma obra, como efici\u00eancia energ\u00e9tica, economia de recursos e redu\u00e7\u00e3o de desperd\u00edcios.<br>&#8220;Tudo no LEED est\u00e1 interligado, do in\u00edcio ao fim da obra. \u00c9 um processo muito completo, que analisa fatores diversos. Um dos principais \u00e9 o consumo inteligente, que n\u00e3o s\u00f3 promove economia, mas tamb\u00e9m reduz desperd\u00edcios&#8221;, destaca Ana.<\/p>\n\n\n\n<p>A Casa na Praia \u00e9 uma prova de que sustentabilidade e inova\u00e7\u00e3o podem caminhar juntas, deixando um legado para o futuro e inspirando novas gera\u00e7\u00f5es.<\/p>\n\n\n\n<p><\/p>\n\n\n\n<p><\/p>\n\n\n\n<figure class=\"wp-container-2 wp-block-gallery-1 wp-block-gallery has-nested-images columns-2 is-cropped\">\n<figure class=\"wp-block-image size-large\"><img width=\"986\" height=\"1500\" data-id=\"16836\"  src=\"https:\/\/vimagazine.com.br\/wp-content\/uploads\/2024\/11\/WhatsApp-Image-2024-11-26-at-17.47.45.jpeg\" alt=\"\" class=\"wp-image-16836\" srcset=\"https:\/\/vimagazine.com.br\/wp-content\/uploads\/2024\/11\/WhatsApp-Image-2024-11-26-at-17.47.45.jpeg 986w, https:\/\/vimagazine.com.br\/wp-content\/uploads\/2024\/11\/WhatsApp-Image-2024-11-26-at-17.47.45-197x300.jpeg 197w, https:\/\/vimagazine.com.br\/wp-content\/uploads\/2024\/11\/WhatsApp-Image-2024-11-26-at-17.47.45-673x1024.jpeg 673w, https:\/\/vimagazine.com.br\/wp-content\/uploads\/2024\/11\/WhatsApp-Image-2024-11-26-at-17.47.45-768x1168.jpeg 768w\" sizes=\"(max-width: 986px) 100vw, 986px\" \/><\/figure>\n\n\n\n<figure class=\"wp-block-image size-large\"><img width=\"1066\" height=\"1600\" data-id=\"16837\"  src=\"https:\/\/vimagazine.com.br\/wp-content\/uploads\/2024\/11\/WhatsApp-Image-2024-11-26-at-17.47.43.jpeg\" alt=\"\" class=\"wp-image-16837\" srcset=\"https:\/\/vimagazine.com.br\/wp-content\/uploads\/2024\/11\/WhatsApp-Image-2024-11-26-at-17.47.43.jpeg 1066w, https:\/\/vimagazine.com.br\/wp-content\/uploads\/2024\/11\/WhatsApp-Image-2024-11-26-at-17.47.43-200x300.jpeg 200w, https:\/\/vimagazine.com.br\/wp-content\/uploads\/2024\/11\/WhatsApp-Image-2024-11-26-at-17.47.43-682x1024.jpeg 682w, https:\/\/vimagazine.com.br\/wp-content\/uploads\/2024\/11\/WhatsApp-Image-2024-11-26-at-17.47.43-768x1153.jpeg 768w, https:\/\/vimagazine.com.br\/wp-content\/uploads\/2024\/11\/WhatsApp-Image-2024-11-26-at-17.47.43-1023x1536.jpeg 1023w, https:\/\/vimagazine.com.br\/wp-content\/uploads\/2024\/11\/WhatsApp-Image-2024-11-26-at-17.47.43-1024x1537.jpeg 1024w\" sizes=\"(max-width: 1066px) 100vw, 1066px\" \/><\/figure>\n\n\n\n<figure class=\"wp-block-image size-large\"><img width=\"1600\" height=\"1117\" data-id=\"16835\"  src=\"https:\/\/vimagazine.com.br\/wp-content\/uploads\/2024\/11\/WhatsApp-Image-2024-11-26-at-17.47.46.jpeg\" alt=\"\" class=\"wp-image-16835\" srcset=\"https:\/\/vimagazine.com.br\/wp-content\/uploads\/2024\/11\/WhatsApp-Image-2024-11-26-at-17.47.46.jpeg 1600w, https:\/\/vimagazine.com.br\/wp-content\/uploads\/2024\/11\/WhatsApp-Image-2024-11-26-at-17.47.46-300x209.jpeg 300w, https:\/\/vimagazine.com.br\/wp-content\/uploads\/2024\/11\/WhatsApp-Image-2024-11-26-at-17.47.46-1024x715.jpeg 1024w, https:\/\/vimagazine.com.br\/wp-content\/uploads\/2024\/11\/WhatsApp-Image-2024-11-26-at-17.47.46-768x536.jpeg 768w, https:\/\/vimagazine.com.br\/wp-content\/uploads\/2024\/11\/WhatsApp-Image-2024-11-26-at-17.47.46-1536x1072.jpeg 1536w\" sizes=\"(max-width: 1600px) 100vw, 1600px\" \/><figcaption>Ana Lucia e o marido Rafael Nowascky com Amanda Ferber Architetute Hunter<\/figcaption><\/figure>\n<\/figure>\n\n\n\n<p><\/p>\n\n\n\n<p><strong>Um movimento iniciado na Praia Brava<\/strong><\/p>\n\n\n\n<p><br>Localizada na Praia Brava, a Via Art\u00edstica Casa na Praia desempenhou um papel pioneiro na transforma\u00e7\u00e3o do bairro em um polo de inova\u00e7\u00e3o arquitet\u00f4nica e ambiental. Desde 2011, o projeto tem contribu\u00eddo para elevar os padr\u00f5es de arquitetura, design, alto desempenho energ\u00e9tico e de recursos na regi\u00e3o. Com a certifica\u00e7\u00e3o LEED e iniciativas como esta, a Praia Brava est\u00e1 projetada para, nos pr\u00f3ximos quatro anos, figurar como um dos locais de destaque internacional nessas \u00e1reas. \u201cEste movimento, impulsionado pela Via Art\u00edstica Casa na Praia, reflete o compromisso com a integra\u00e7\u00e3o de tecnologia, inova\u00e7\u00e3o e design de vanguarda, consolidando o bairro como refer\u00eancia global\u201d, comenta Rafael Nowascky, CEO da VA Casa na Praia.<br>\u200b\u200b\u200b\u200b\u200b\u200b\u200b<br>Certifica\u00e7\u00e3o LEED Platinum<br>A certifica\u00e7\u00e3o LEED (Leadership in Energy and Environmental Design) \u00e9 um dos mais renomados sistemas de avalia\u00e7\u00e3o ambiental para edifica\u00e7\u00f5es. Com foco em sustentabilidade, a certifica\u00e7\u00e3o analisa crit\u00e9rios como efici\u00eancia energ\u00e9tica, uso de recursos e impacto ambiental. O n\u00edvel Platinum, alcan\u00e7ado pela Casa na Praia, representa a mais alta pontua\u00e7\u00e3o no sistema.<\/p>\n\n\n\n<p>Servi\u00e7o:<br>\ud83d\udccd Local: Via Art\u00edstica Casa na Praia<br>\u00a0\u00a0\u00a0\u00a0 Rodov. Osvaldo Reis, 3600, Praia Brava, Itaja\u00ed.<br><br><\/p>\n\n\n\n<p>Fotos Showroom: Fabio JR Severo<br>Fotos sociais: Ricardo Weber<\/p>\n","protected":false},"excerpt":{"rendered":"<p>A Via Art\u00edstica Casa na Praia, refer\u00eancia em arquitetura greenbuilding , foi o primeiro design&#8230;<\/p>\n","protected":false},"author":1,"featured_media":16838,"comment_status":"closed","ping_status":"open","sticky":false,"template":"","format":"standard","meta":{"om_disable_all_campaigns":false,"_monsterinsights_skip_tracking":false,"_monsterinsights_sitenote_active":false,"_monsterinsights_sitenote_note":"","_monsterinsights_sitenote_category":0,"spay_email":""},"categories":[27,1],"tags":[],"jetpack_featured_media_url":"https:\/\/vimagazine.com.br\/wp-content\/uploads\/2024\/11\/WhatsApp-Image-2024-11-26-at-17.47.44.jpeg","_links":{"self":[{"href":"https:\/\/vimagazine.com.br\/index.php?rest_route=\/wp\/v2\/posts\/16834"}],"collection":[{"href":"https:\/\/vimagazine.com.br\/index.php?rest_route=\/wp\/v2\/posts"}],"about":[{"href":"https:\/\/vimagazine.com.br\/index.php?rest_route=\/wp\/v2\/types\/post"}],"author":[{"embeddable":true,"href":"https:\/\/vimagazine.com.br\/index.php?rest_route=\/wp\/v2\/users\/1"}],"replies":[{"embeddable":true,"href":"https:\/\/vimagazine.com.br\/index.php?rest_route=%2Fwp%2Fv2%2Fcomments&post=16834"}],"version-history":[{"count":1,"href":"https:\/\/vimagazine.com.br\/index.php?rest_route=\/wp\/v2\/posts\/16834\/revisions"}],"predecessor-version":[{"id":16839,"href":"https:\/\/vimagazine.com.br\/index.php?rest_route=\/wp\/v2\/posts\/16834\/revisions\/16839"}],"wp:featuredmedia":[{"embeddable":true,"href":"https:\/\/vimagazine.com.br\/index.php?rest_route=\/wp\/v2\/media\/16838"}],"wp:attachment":[{"href":"https:\/\/vimagazine.com.br\/index.php?rest_route=%2Fwp%2Fv2%2Fmedia&parent=16834"}],"wp:term":[{"taxonomy":"category","embeddable":true,"href":"https:\/\/vimagazine.com.br\/index.php?rest_route=%2Fwp%2Fv2%2Fcategories&post=16834"},{"taxonomy":"post_tag","embeddable":true,"href":"https:\/\/vimagazine.com.br\/index.php?rest_route=%2Fwp%2Fv2%2Ftags&post=16834"}],"curies":[{"name":"wp","href":"https:\/\/api.w.org\/{rel}","templated":true}]}}