{"id":16840,"date":"2024-11-26T22:01:03","date_gmt":"2024-11-27T01:01:03","guid":{"rendered":"https:\/\/vimagazine.com.br\/?p=16840"},"modified":"2024-11-26T22:01:04","modified_gmt":"2024-11-27T01:01:04","slug":"gabriel-fava-se-apresenta-no-programa-tarde-top-com-nani-venancio","status":"publish","type":"post","link":"https:\/\/vimagazine.com.br\/?p=16840","title":{"rendered":"Gabriel Fava se apresenta no programa \u201cTarde Top\u201d com Nani Ven\u00e2ncio"},"content":{"rendered":"\n<p><\/p>\n\n\n\n<p>O cantor Gabriel Fava foi um dos convidados do programa \u201cTarde Top\u201d na Rede Brasil, da apresentadora Nani Ven\u00e2ncio.<\/p>\n\n\n\n<p>O programa, que \u00e9 um dos preferidos da tarde dos telespectadores, vem repleto de entretenimento e variedades.<\/p>\n\n\n\n<p>Gabriel cantou um dos seus sucessos: \u201c S\u00f3 essa semana\u201d e bateu um papo descontra\u00eddo com a Nani Ven\u00e2ncio sobre o in\u00edcio de sua carreira desde que come\u00e7ou no Programa Canta Comigo da Record.<\/p>\n\n\n\n<p><\/p>\n\n\n\n<p>Para 2025 vem novos projetos, entre eles um<br>Novo hit. Fiquem ligados nas minhas redes sociais &#8211; declara Gabrie<br><br><br><br><br><\/p>\n","protected":false},"excerpt":{"rendered":"<p>O cantor Gabriel Fava foi um dos convidados do programa \u201cTarde Top\u201d na Rede Brasil,&#8230;<\/p>\n","protected":false},"author":1,"featured_media":16841,"comment_status":"closed","ping_status":"open","sticky":false,"template":"","format":"standard","meta":{"om_disable_all_campaigns":false,"_monsterinsights_skip_tracking":false,"_monsterinsights_sitenote_active":false,"_monsterinsights_sitenote_note":"","_monsterinsights_sitenote_category":0,"spay_email":""},"categories":[27,1],"tags":[],"jetpack_featured_media_url":"https:\/\/vimagazine.com.br\/wp-content\/uploads\/2024\/11\/WhatsApp-Image-2024-11-26-at-20.40.31.jpeg","_links":{"self":[{"href":"https:\/\/vimagazine.com.br\/index.php?rest_route=\/wp\/v2\/posts\/16840"}],"collection":[{"href":"https:\/\/vimagazine.com.br\/index.php?rest_route=\/wp\/v2\/posts"}],"about":[{"href":"https:\/\/vimagazine.com.br\/index.php?rest_route=\/wp\/v2\/types\/post"}],"author":[{"embeddable":true,"href":"https:\/\/vimagazine.com.br\/index.php?rest_route=\/wp\/v2\/users\/1"}],"replies":[{"embeddable":true,"href":"https:\/\/vimagazine.com.br\/index.php?rest_route=%2Fwp%2Fv2%2Fcomments&post=16840"}],"version-history":[{"count":1,"href":"https:\/\/vimagazine.com.br\/index.php?rest_route=\/wp\/v2\/posts\/16840\/revisions"}],"predecessor-version":[{"id":16842,"href":"https:\/\/vimagazine.com.br\/index.php?rest_route=\/wp\/v2\/posts\/16840\/revisions\/16842"}],"wp:featuredmedia":[{"embeddable":true,"href":"https:\/\/vimagazine.com.br\/index.php?rest_route=\/wp\/v2\/media\/16841"}],"wp:attachment":[{"href":"https:\/\/vimagazine.com.br\/index.php?rest_route=%2Fwp%2Fv2%2Fmedia&parent=16840"}],"wp:term":[{"taxonomy":"category","embeddable":true,"href":"https:\/\/vimagazine.com.br\/index.php?rest_route=%2Fwp%2Fv2%2Fcategories&post=16840"},{"taxonomy":"post_tag","embeddable":true,"href":"https:\/\/vimagazine.com.br\/index.php?rest_route=%2Fwp%2Fv2%2Ftags&post=16840"}],"curies":[{"name":"wp","href":"https:\/\/api.w.org\/{rel}","templated":true}]}}