{"id":16885,"date":"2024-11-28T12:38:04","date_gmt":"2024-11-28T15:38:04","guid":{"rendered":"https:\/\/vimagazine.com.br\/?p=16885"},"modified":"2024-11-28T12:38:06","modified_gmt":"2024-11-28T15:38:06","slug":"pod-do-brilha-recebe-luiz-carlos-da-banda-raca-negra-edicao-especial-de-fim-de-ano","status":"publish","type":"post","link":"https:\/\/vimagazine.com.br\/?p=16885","title":{"rendered":"\u201cPod do Brilha\u201d recebe Luiz Carlos, da banda Ra\u00e7a Negra &#8211;\u00a0 edi\u00e7\u00e3o especial de fim de ano"},"content":{"rendered":"\n<p class=\"has-text-align-center\">Em uma edi\u00e7\u00e3o hist\u00f3rica, o&nbsp;<strong>\u201cPod do Brilha\u201d,&nbsp;&nbsp;<\/strong>traz como convidado Luiz Carlos &#8211; l\u00edder da banda Ra\u00e7a Negra, o artista, que sempre manteve certa dist\u00e2ncia do formato Podcast, escolheu este programa para abrir o cora\u00e7\u00e3o e compartilhar hist\u00f3rias in\u00e9ditas.<\/p>\n\n\n\n<p class=\"has-text-align-center\">Com sua proposta \u00fanica e envolvente, o\u00a0<strong>\u201cPod do Brilha\u201d,<\/strong>\u00a0sob o comando de Brilhantina, \u00a0talentoso cavaquinista e integrante do Grupo EXALTA (anteriormente Exaltasamba)\u00a0, se consagra,\u00a0 como uma refer\u00eancia para os f\u00e3s de samba e pagode. <\/p>\n\n\n\n<p class=\"has-text-align-center\">O podcast, conhecido por suas conversas descontra\u00eddas e recheadas de acontecimentos, encerra 2024 com chave de ouro, trazendo Luiz Carlos como convidado especial. <\/p>\n\n\n\n<p class=\"has-text-align-center\">Essa participa\u00e7\u00e3o \u00e9 in\u00e9dita, marcante e exclusiva. Luiz Carlos, apesar dos convites consider\u00e1veis\u00a0que recebe para podcasts, nunca havia conciliado sua intensa agenda de shows com esse formato.<\/p>\n\n\n\n<figure class=\"wp-block-image aligncenter size-large\"><img width=\"1080\" height=\"1080\" src=\"https:\/\/vimagazine.com.br\/wp-content\/uploads\/2024\/11\/4-1024x1024.jpg\" alt=\"\" class=\"wp-image-16887\" srcset=\"https:\/\/vimagazine.com.br\/wp-content\/uploads\/2024\/11\/4-1024x1024.jpg 1024w, https:\/\/vimagazine.com.br\/wp-content\/uploads\/2024\/11\/4-300x300.jpg 300w, https:\/\/vimagazine.com.br\/wp-content\/uploads\/2024\/11\/4-150x150.jpg 150w, https:\/\/vimagazine.com.br\/wp-content\/uploads\/2024\/11\/4-768x768.jpg 768w, https:\/\/vimagazine.com.br\/wp-content\/uploads\/2024\/11\/4.jpg 1080w\" sizes=\"(max-width: 1080px) 100vw, 1080px\" \/><\/figure>\n\n\n\n<p class=\"has-text-align-center\">Nesta edi\u00e7\u00e3o, o cantor compartilha hist\u00f3rias emocionantes de sua trajet\u00f3ria, bastidores da forma\u00e7\u00e3o da Ra\u00e7a Negra e revela projetos futuros para 2025. Como cereja do bolo, Luiz Carlos apresentou ao p\u00fablico interpreta\u00e7\u00f5es de seus maiores sucessos e at\u00e9 arriscou dedilhar o viol\u00e3o, proporcionando momentos raros de intimidade de um dos maiores \u00edcones da m\u00fasica brasileira.<\/p>\n\n\n\n<p class=\"has-text-align-center\">A popularidade da Brilhantina no cen\u00e1rio art\u00edstico \u00e9 refletida nos convidados que j\u00e1 passaram pelo programa, nomes consagrados como: \u00a0Eder Miguel (Doce Encontro), Evandro Art (Art Popular), Thiago de Xang\u00f4, Wilsinho (ex-Grupo Mal\u00edcia), M\u00e1rcio Art (ex-Art Popular), Adryana Ribeiro, Fabinho C\u00e9sar (ex-Ra\u00e7a Negra), Biro do Cavaco (do saudoso Biru&#8217;s Bar) e \u00a0Ademir Foga\u00e7a (compositor) que enriqueceram as edi\u00e7\u00f5es anteriores do podcast.<\/p>\n\n\n\n<p class=\"has-text-align-center\"> Cada epis\u00f3dio refor\u00e7a o protagonismo de\u00a0<strong>\u201cPod<\/strong>\u00a0<strong>do Brilha\u201d,\u00a0\u00a0<\/strong>como um espa\u00e7o essencial para o samba e o pagode, com uma lista de convidados que cresce a cada edi\u00e7\u00e3o.<\/p>\n\n\n\n<p class=\"has-text-align-center\">&nbsp;\u201cO &#8216;Pod do Brilha&#8217; foi criado este ano a partir do desejo do m\u00fasico em compartilhar com o p\u00fablico um bate-papo leve, de artista para artista, sem pol\u00eamicas ou desconfortos, mas com muitas revela\u00e7\u00f5es sobre os bastidores do sucesso\u201d.<\/p>\n\n\n\n<p class=\"has-text-align-center\"><strong>\u201cEstou muito feliz. \u00e9 a realiza\u00e7\u00e3o de um sonho\u201d, afirma Brilhantina, orgulhoso pelo desenvolvimento e audi\u00eancia do podcast, onde tem a oportunidade de receber grandes amigos para compartilhar experi\u00eancias, hist\u00f3rias e grandes can\u00e7\u00f5es.<\/strong><\/p>\n\n\n\n<p class=\"has-text-align-center\">Com exibi\u00e7\u00f5es quinzenais \u00e0s sextas-feiras, \u00e0s 19h, o&nbsp;<strong>\u201cPod do Brilha\u201d<\/strong>&nbsp;consolidou parcerias importantes, como a transmiss\u00e3o pela WTJ&nbsp;MINAS TV, alcan\u00e7ando o p\u00fablico de Minas Gerais e outros estados, e agora tamb\u00e9m pela TV REC\u00d4NCAVO, que leva as edi\u00e7\u00f5es \u00e0s cidades principais da Bahia, incluindo Cama\u00e7ari.<\/p>\n\n\n\n<p class=\"has-text-align-center\">Gravado nos Est\u00fadios Brazucas, em S\u00e3o Paulo, sob a dire\u00e7\u00e3o de Rubens J\u00fanior, o podcast equilibra a rotina de grava\u00e7\u00e3o com a intensa agenda de Brilhantina e do Grupo EXALTA, que segue rodando o Brasil com seus shows.<\/p>\n\n\n\n<p class=\"has-text-align-center\">A edi\u00e7\u00e3o especial com Luiz Carlos ser\u00e1 exibida no dia 20 de dezembro, \u00e0s 19h.<\/p>\n\n\n\n<p class=\"has-text-align-center\"> Prepare-se para mergulhar em hist\u00f3rias, can\u00e7\u00f5es e emo\u00e7\u00f5es que s\u00f3 o \u201cPod do Brilha\u201d, consegue entregar.<\/p>\n\n\n\n<p class=\"has-text-align-center\"> Essa edi\u00e7\u00e3o \u00e9 a prova de que, no universo dos podcasts, o samba e o pagode retornaram ao seu palco ideal.<\/p>\n\n\n\n<figure class=\"wp-block-image aligncenter size-large\"><img width=\"1024\" height=\"1024\" src=\"https:\/\/vimagazine.com.br\/wp-content\/uploads\/2024\/11\/5-1024x1024.jpg\" alt=\"\" class=\"wp-image-16888\" srcset=\"https:\/\/vimagazine.com.br\/wp-content\/uploads\/2024\/11\/5-1024x1024.jpg 1024w, https:\/\/vimagazine.com.br\/wp-content\/uploads\/2024\/11\/5-300x300.jpg 300w, https:\/\/vimagazine.com.br\/wp-content\/uploads\/2024\/11\/5-150x150.jpg 150w, https:\/\/vimagazine.com.br\/wp-content\/uploads\/2024\/11\/5-768x768.jpg 768w, https:\/\/vimagazine.com.br\/wp-content\/uploads\/2024\/11\/5.jpg 1080w\" sizes=\"(max-width: 1024px) 100vw, 1024px\" \/><\/figure>\n\n\n\n<p class=\"has-text-align-center\"><strong>Fonte:<\/strong>&nbsp;Fernanda Lara Rocca &#8211; @FLRcomunica\u00e7\u00e3o<\/p>\n\n\n\n<p class=\"has-text-align-center\"><strong>Fotos&nbsp; cr\u00e9ditos&nbsp;<\/strong>&#8211; Rubens Junior<\/p>\n\n\n\n<p class=\"has-text-align-center\"><strong>Para saber mais acesse:<\/strong><\/p>\n\n\n\n<p class=\"has-text-align-center\"><a href=\"http:\/\/www.youtube.com\/@poddobrilha\" target=\"_blank\" rel=\"noreferrer noopener\">www.youtube.com\/@poddobrilha<\/a>&nbsp;&nbsp;<\/p>\n\n\n\n<p class=\"has-text-align-center\"><a href=\"http:\/\/www.instagram.com\/poddobrilha\" target=\"_blank\" rel=\"noreferrer noopener\">www.instagram.com\/poddobrilha<\/a><\/p>\n\n\n\n<p class=\"has-text-align-center\"><a href=\"http:\/\/www.facebook.com\/poddobrilha\" target=\"_blank\" rel=\"noreferrer noopener\">www.facebook.com\/poddobrilha<\/a><\/p>\n","protected":false},"excerpt":{"rendered":"<p>Em uma edi\u00e7\u00e3o hist\u00f3rica, o&nbsp;\u201cPod do Brilha\u201d,&nbsp;&nbsp;traz como convidado Luiz Carlos &#8211; l\u00edder da banda&#8230;<\/p>\n","protected":false},"author":3,"featured_media":16886,"comment_status":"closed","ping_status":"open","sticky":false,"template":"","format":"standard","meta":{"om_disable_all_campaigns":false,"_monsterinsights_skip_tracking":false,"_monsterinsights_sitenote_active":false,"_monsterinsights_sitenote_note":"","_monsterinsights_sitenote_category":0,"spay_email":""},"categories":[1],"tags":[],"jetpack_featured_media_url":"https:\/\/vimagazine.com.br\/wp-content\/uploads\/2024\/11\/3-e1732808146431.jpg","_links":{"self":[{"href":"https:\/\/vimagazine.com.br\/index.php?rest_route=\/wp\/v2\/posts\/16885"}],"collection":[{"href":"https:\/\/vimagazine.com.br\/index.php?rest_route=\/wp\/v2\/posts"}],"about":[{"href":"https:\/\/vimagazine.com.br\/index.php?rest_route=\/wp\/v2\/types\/post"}],"author":[{"embeddable":true,"href":"https:\/\/vimagazine.com.br\/index.php?rest_route=\/wp\/v2\/users\/3"}],"replies":[{"embeddable":true,"href":"https:\/\/vimagazine.com.br\/index.php?rest_route=%2Fwp%2Fv2%2Fcomments&post=16885"}],"version-history":[{"count":1,"href":"https:\/\/vimagazine.com.br\/index.php?rest_route=\/wp\/v2\/posts\/16885\/revisions"}],"predecessor-version":[{"id":16889,"href":"https:\/\/vimagazine.com.br\/index.php?rest_route=\/wp\/v2\/posts\/16885\/revisions\/16889"}],"wp:featuredmedia":[{"embeddable":true,"href":"https:\/\/vimagazine.com.br\/index.php?rest_route=\/wp\/v2\/media\/16886"}],"wp:attachment":[{"href":"https:\/\/vimagazine.com.br\/index.php?rest_route=%2Fwp%2Fv2%2Fmedia&parent=16885"}],"wp:term":[{"taxonomy":"category","embeddable":true,"href":"https:\/\/vimagazine.com.br\/index.php?rest_route=%2Fwp%2Fv2%2Fcategories&post=16885"},{"taxonomy":"post_tag","embeddable":true,"href":"https:\/\/vimagazine.com.br\/index.php?rest_route=%2Fwp%2Fv2%2Ftags&post=16885"}],"curies":[{"name":"wp","href":"https:\/\/api.w.org\/{rel}","templated":true}]}}