{"id":16922,"date":"2024-11-29T15:27:09","date_gmt":"2024-11-29T18:27:09","guid":{"rendered":"https:\/\/vimagazine.com.br\/?p=16922"},"modified":"2024-11-29T15:33:51","modified_gmt":"2024-11-29T18:33:51","slug":"seja-protagonista-da-sua-historia","status":"publish","type":"post","link":"https:\/\/vimagazine.com.br\/?p=16922","title":{"rendered":"Seja protagonista da sua hist\u00f3ria"},"content":{"rendered":"\n<p><\/p>\n\n\n\n<p><\/p>\n\n\n\n<p><em>Por: Carla Elage<\/em><\/p>\n\n\n\n<p>O ser humano tem uma p\u00e9ssima tend\u00eancia de colocar a culpa e encontrar desculpas para tudo o que acontece, coloca culpa nos outros, na situa\u00e7\u00e3o, na fam\u00edlia, no pa\u00eds, no chefe.<\/p>\n\n\n\n<p>E assim vai se escondendo atr\u00e1s de cada fracasso e acreditando que n\u00e3o merece, que n\u00e3o pode, n\u00e3o consegue. Isso torna simples e f\u00e1cil o \u201cdar errado\u201d, o \u201cn\u00e3o progredir\u201d, o \u201cn\u00e3o ter sucesso\u201d, o \u201cn\u00e3o vencer\u201d, o \u201cn\u00e3o ganhar mais\u201d.<\/p>\n\n\n\n<p>N\u00e3o estou aqui dizendo que n\u00e3o somos influenciados pelas a\u00e7\u00f5es dos outros, pelas oportunidades que os outros nos d\u00e3o. Sim, isso influencia e muito! Mas como voc\u00ea se comporta, as suas compet\u00eancias, a sua autoridade em determinado assunto e a sua capacidade influenciam sim como os outros te veem!<\/p>\n\n\n\n<p>Confuso? Mas o que vem antes? O ovo ou a galinha? Esse \u00e9 o mesmo tipo de situa\u00e7\u00e3o. O que estou sugerindo agora \u00e9 que voc\u00ea tome as r\u00e9deas da sua vida, das suas atitudes! Seja voc\u00ea. N\u00e3o podemos mudar nosso passado, n\u00e3o podemos mudar as a\u00e7\u00f5es dos outros, mas podemos mudar o nosso futuro, a nossa hist\u00f3ria, com o que fazemos agora.<\/p>\n\n\n\n<p>O poder do agora est\u00e1 somente nas nossas m\u00e3os! E vou dizer mais uma coisa, do mesmo jeito que podemos deixar as desculpas justificarem nosso fracasso, nossa falta de resultados, tamb\u00e9m podemos treinar nossa mente para ser honesta conosco e buscar nossos objetivos, buscar aquilo que nos faz feliz, a ter sonhos que geram metas e objetivos que queremos cumprir, atingir e, com isso, ir em dire\u00e7\u00e3o ao nosso sucesso.<\/p>\n\n\n\n<p>N\u00e3o devemos, jamais, deixar a nossa vida, o nosso sucesso, sob responsabilidade de outra pessoa. Precisamos ser protagonistas em nossas hist\u00f3rias. Protagonista \u00e9 o personagem principal de um livro, filme, novela ou s\u00e9rie. E, para ser protagonista, voc\u00ea tem que ter uma hist\u00f3ria, a sua hist\u00f3ria. Cada um de n\u00f3s tem uma hist\u00f3ria para viver, para transformar. <\/p>\n\n\n\n<p><\/p>\n\n\n\n<p>Alguns escolhem ficar sempre no mesmo lugar, da mesma forma. Outros preferem arrega\u00e7ar as mangas e transformar a sua jornada. Da\u00ed vem o livre arb\u00edtrio, a escolha.<\/p>\n\n\n\n<p>Nem tudo o que fizer vai trazer o resultado exato que voc\u00ea deseja, mas o resultado que voc\u00ea precisa. Seria f\u00e1cil se consegu\u00edssemos tudo o que queremos, da forma e na hora que queremos, mas s\u00f3 o simples fato de agir j\u00e1 \u00e9 maravilhoso.<\/p>\n\n\n\n<p>A vida n\u00e3o \u00e9 sobre nunca errar ou sempre acertar, mas sobre o movimento constante, o aprendizado com cada experi\u00eancia e a coragem de come\u00e7ar de novo sempre que necess\u00e1rio. Ser protagonista \u00e9 assumir que, mesmo diante dos desafios e incertezas, voc\u00ea tem o poder de transformar cada p\u00e1gina em um relato de determina\u00e7\u00e3o, supera\u00e7\u00e3o e realiza\u00e7\u00e3o.<\/p>\n\n\n\n<p>Seu futuro est\u00e1 esperando para ser escrito por voc\u00ea, com coragem, prop\u00f3sito e a\u00e7\u00e3o.<\/p>\n\n\n\n<figure class=\"wp-container-2 wp-block-gallery-1 wp-block-gallery has-nested-images columns-default is-cropped\">\n<figure class=\"wp-block-image size-large\"><img width=\"1310\" height=\"1920\" data-id=\"16932\"  src=\"https:\/\/vimagazine.com.br\/wp-content\/uploads\/2024\/11\/Capa-em-alta-agora-voce-pode-1-1.jpg\" alt=\"\" class=\"wp-image-16932\" srcset=\"https:\/\/vimagazine.com.br\/wp-content\/uploads\/2024\/11\/Capa-em-alta-agora-voce-pode-1-1.jpg 1310w, https:\/\/vimagazine.com.br\/wp-content\/uploads\/2024\/11\/Capa-em-alta-agora-voce-pode-1-1-205x300.jpg 205w, https:\/\/vimagazine.com.br\/wp-content\/uploads\/2024\/11\/Capa-em-alta-agora-voce-pode-1-1-699x1024.jpg 699w, https:\/\/vimagazine.com.br\/wp-content\/uploads\/2024\/11\/Capa-em-alta-agora-voce-pode-1-1-768x1126.jpg 768w, https:\/\/vimagazine.com.br\/wp-content\/uploads\/2024\/11\/Capa-em-alta-agora-voce-pode-1-1-1048x1536.jpg 1048w, https:\/\/vimagazine.com.br\/wp-content\/uploads\/2024\/11\/Capa-em-alta-agora-voce-pode-1-1-1024x1501.jpg 1024w\" sizes=\"(max-width: 1310px) 100vw, 1310px\" \/><\/figure>\n\n\n\n<figure class=\"wp-block-image size-large\"><img width=\"1368\" height=\"1602\" data-id=\"16933\"  src=\"https:\/\/vimagazine.com.br\/wp-content\/uploads\/2024\/11\/D17A6528-1-1-1.jpg\" alt=\"\" class=\"wp-image-16933\" srcset=\"https:\/\/vimagazine.com.br\/wp-content\/uploads\/2024\/11\/D17A6528-1-1-1.jpg 1368w, https:\/\/vimagazine.com.br\/wp-content\/uploads\/2024\/11\/D17A6528-1-1-1-256x300.jpg 256w, https:\/\/vimagazine.com.br\/wp-content\/uploads\/2024\/11\/D17A6528-1-1-1-874x1024.jpg 874w, https:\/\/vimagazine.com.br\/wp-content\/uploads\/2024\/11\/D17A6528-1-1-1-768x899.jpg 768w, https:\/\/vimagazine.com.br\/wp-content\/uploads\/2024\/11\/D17A6528-1-1-1-1312x1536.jpg 1312w, https:\/\/vimagazine.com.br\/wp-content\/uploads\/2024\/11\/D17A6528-1-1-1-1024x1199.jpg 1024w\" sizes=\"(max-width: 1368px) 100vw, 1368px\" \/><\/figure>\n<\/figure>\n\n\n\n<p><strong>Carla Elage<\/strong>&nbsp;\u00e9 especialista em intelig\u00eancia emocional e autora do livro \u201c<a href=\"https:\/\/amzn.to\/413yJD4\" target=\"_blank\" rel=\"noreferrer noopener\">Agora Voc\u00ea Pode<\/a>\u201d<\/p>\n\n\n\n<p><\/p>\n\n\n\n<p><\/p>\n","protected":false},"excerpt":{"rendered":"<p>Por: Carla Elage O ser humano tem uma p\u00e9ssima tend\u00eancia de colocar a culpa e&#8230;<\/p>\n","protected":false},"author":1,"featured_media":16930,"comment_status":"closed","ping_status":"open","sticky":false,"template":"","format":"standard","meta":{"om_disable_all_campaigns":false,"_monsterinsights_skip_tracking":false,"_monsterinsights_sitenote_active":false,"_monsterinsights_sitenote_note":"","_monsterinsights_sitenote_category":0,"spay_email":""},"categories":[27],"tags":[],"jetpack_featured_media_url":"https:\/\/vimagazine.com.br\/wp-content\/uploads\/2024\/11\/Capa-em-alta-agora-voce-pode-2.jpg","_links":{"self":[{"href":"https:\/\/vimagazine.com.br\/index.php?rest_route=\/wp\/v2\/posts\/16922"}],"collection":[{"href":"https:\/\/vimagazine.com.br\/index.php?rest_route=\/wp\/v2\/posts"}],"about":[{"href":"https:\/\/vimagazine.com.br\/index.php?rest_route=\/wp\/v2\/types\/post"}],"author":[{"embeddable":true,"href":"https:\/\/vimagazine.com.br\/index.php?rest_route=\/wp\/v2\/users\/1"}],"replies":[{"embeddable":true,"href":"https:\/\/vimagazine.com.br\/index.php?rest_route=%2Fwp%2Fv2%2Fcomments&post=16922"}],"version-history":[{"count":4,"href":"https:\/\/vimagazine.com.br\/index.php?rest_route=\/wp\/v2\/posts\/16922\/revisions"}],"predecessor-version":[{"id":16935,"href":"https:\/\/vimagazine.com.br\/index.php?rest_route=\/wp\/v2\/posts\/16922\/revisions\/16935"}],"wp:featuredmedia":[{"embeddable":true,"href":"https:\/\/vimagazine.com.br\/index.php?rest_route=\/wp\/v2\/media\/16930"}],"wp:attachment":[{"href":"https:\/\/vimagazine.com.br\/index.php?rest_route=%2Fwp%2Fv2%2Fmedia&parent=16922"}],"wp:term":[{"taxonomy":"category","embeddable":true,"href":"https:\/\/vimagazine.com.br\/index.php?rest_route=%2Fwp%2Fv2%2Fcategories&post=16922"},{"taxonomy":"post_tag","embeddable":true,"href":"https:\/\/vimagazine.com.br\/index.php?rest_route=%2Fwp%2Fv2%2Ftags&post=16922"}],"curies":[{"name":"wp","href":"https:\/\/api.w.org\/{rel}","templated":true}]}}