{"id":16936,"date":"2024-11-29T16:35:56","date_gmt":"2024-11-29T19:35:56","guid":{"rendered":"https:\/\/vimagazine.com.br\/?p=16936"},"modified":"2024-11-29T17:09:42","modified_gmt":"2024-11-29T20:09:42","slug":"monica-carvalho-e-grande-elenco-em-estranhos-na-noite-um-filme-que-celebra-a-cidade-de-sao-paulo-seus-encontros-e-seus-recomecos","status":"publish","type":"post","link":"https:\/\/vimagazine.com.br\/?p=16936","title":{"rendered":"M\u00f4nica Carvalho e grande elenco em Estranhos na Noite: Um filme que celebra \u00e0 cidade de S\u00e3o Paulo, seus encontros e seus recome\u00e7os"},"content":{"rendered":"\n<p>O novo longa-metragem de Walther Neto celebra as conex\u00f5es humanas e a riqueza cultural paulistana, trazendo \u00e0 cena atores locais, m\u00fasicos e uma excepcional equipe t\u00e9cnica e criativa.S\u00e3o Paulo, SP &#8211; 28\/09\/2024 &#8211; O longa metragem \u201cEstranhos na Noite\u201d pode ser considerado um retrato de recome\u00e7os e conex\u00f5es humanas. E, embora ao ler o t\u00edtulo voc\u00ea provavelmente o tenha conectado \u00e0 antol\u00f3gica m\u00fasica de Frank Sinatra e \u00e0 ic\u00f4nica Nova York, para Walther Neto, diretor e criador dessa hist\u00f3ria, ela traz \u00e0 tona o brilho e a autenticidade da cidade de S\u00e3o Paulo.&nbsp;<\/p>\n\n\n\n<p>O filme percorre tr\u00eas narrativas&nbsp; que se desenrolam simultaneamente em uma \u00fanica noite de sexta-feira, enquanto personagens de diferentes esferas sociais enfrentam dilemas pessoais que poder\u00e3o mudar suas vidas para sempre.<\/p>\n\n\n\n<figure class=\"wp-container-2 wp-block-gallery-1 wp-block-gallery has-nested-images columns-default is-cropped\">\n<figure class=\"wp-block-image size-large\"><img width=\"1200\" height=\"632\" data-id=\"16938\"  src=\"https:\/\/vimagazine.com.br\/wp-content\/uploads\/2024\/11\/monica_2_1.26.1.jpg\" alt=\"\" class=\"wp-image-16938\" srcset=\"https:\/\/vimagazine.com.br\/wp-content\/uploads\/2024\/11\/monica_2_1.26.1.jpg 1200w, https:\/\/vimagazine.com.br\/wp-content\/uploads\/2024\/11\/monica_2_1.26.1-300x158.jpg 300w, https:\/\/vimagazine.com.br\/wp-content\/uploads\/2024\/11\/monica_2_1.26.1-1024x539.jpg 1024w, https:\/\/vimagazine.com.br\/wp-content\/uploads\/2024\/11\/monica_2_1.26.1-768x404.jpg 768w\" sizes=\"(max-width: 1200px) 100vw, 1200px\" \/><\/figure>\n\n\n\n<figure class=\"wp-block-image size-large\"><img width=\"1280\" height=\"826\" data-id=\"16940\"  src=\"https:\/\/vimagazine.com.br\/wp-content\/uploads\/2024\/11\/IMG_6858.jpg\" alt=\"\" class=\"wp-image-16940\" srcset=\"https:\/\/vimagazine.com.br\/wp-content\/uploads\/2024\/11\/IMG_6858.jpg 1280w, https:\/\/vimagazine.com.br\/wp-content\/uploads\/2024\/11\/IMG_6858-300x194.jpg 300w, https:\/\/vimagazine.com.br\/wp-content\/uploads\/2024\/11\/IMG_6858-1024x661.jpg 1024w, https:\/\/vimagazine.com.br\/wp-content\/uploads\/2024\/11\/IMG_6858-768x496.jpg 768w\" sizes=\"(max-width: 1280px) 100vw, 1280px\" \/><\/figure>\n<\/figure>\n\n\n\n<p>A proposta da produ\u00e7\u00e3o \u00e9 contar hist\u00f3rias paralelas que, embora universais, est\u00e3o profundamente enraizadas na cultura e nas experi\u00eancias da cidade de S\u00e3o Paulo. N\u00e3o \u00e0 toa, suas loca\u00e7\u00f5es foram escolhidas para apresentar contextos e personagens que traduzem as complexidades humanas e emocionais daqueles que habitam na vibrante noite paulistana.<\/p>\n\n\n\n<p>Nesse contexto, a capital paulista vai muito al\u00e9m de um pano de fundo: S\u00e3o Paulo \u00e9 uma personagem viva, em sintonia com as emo\u00e7\u00f5es e transforma\u00e7\u00f5es dos protagonistas. O filme oferece uma vis\u00e3o profunda sobre os anseios humanos, as escolhas e os encontros inesperados que moldam nossas vidas.<\/p>\n\n\n\n<p>Com participa\u00e7\u00f5es especiais de M\u00f4nica Carvalho, Oscar Magrini, Paulo Vilhena, Ricardo Macchi, Ju Schalch, Jorge Mesquita e Oscar Pardini, al\u00e9m de um elenco composto por atores e atrizes com destaque importante em cinema, teatro e tv, \u201cEstranhos na Noite\u201d mergulha na vida de pessoas comuns que, em um breve encontro com estranhos, descobrem a for\u00e7a das oportunidades e recome\u00e7os.<\/p>\n\n\n\n<figure class=\"wp-block-image aligncenter size-large is-resized\"><img src=\"https:\/\/vimagazine.com.br\/wp-content\/uploads\/2024\/11\/IMG_6859-682x1024.jpg\" alt=\"\" class=\"wp-image-16939\" width=\"541\" height=\"813\" srcset=\"https:\/\/vimagazine.com.br\/wp-content\/uploads\/2024\/11\/IMG_6859-682x1024.jpg 682w, https:\/\/vimagazine.com.br\/wp-content\/uploads\/2024\/11\/IMG_6859-200x300.jpg 200w, https:\/\/vimagazine.com.br\/wp-content\/uploads\/2024\/11\/IMG_6859-768x1152.jpg 768w, https:\/\/vimagazine.com.br\/wp-content\/uploads\/2024\/11\/IMG_6859.jpg 853w\" sizes=\"(max-width: 541px) 100vw, 541px\" \/><\/figure>\n\n\n\n<p>Dirigido por Walther Neto e Nelson Marcondes, ele tamb\u00e9m marcar\u00e1 a estreia de Marisa, diretora do MasterChef Brasil, assinando tamb\u00e9m a dire\u00e7\u00e3o de uma das hist\u00f3rias apresentadas.<\/p>\n\n\n\n<p>Al\u00e9m da for\u00e7a narrativa, a trilha sonora, com m\u00fasicas autorais de Ded\u00e9 Paraizo, Ando, Cl\u00e1udia Rezende e F\u00ea Ouro, se posiciona como um elemento central com composi\u00e7\u00f5es de&nbsp; Walther Neto, Maur\u00edcio Domene e J\u00f4 Borges, que criam uma atmosfera envolvente para o p\u00fablico e complementam o ambiente&nbsp;art\u00edstico da produ\u00e7\u00e3o.<\/p>\n\n\n\n<p>Produzido pela WN Produ\u00e7\u00f5es em parceria com a Marc Films, a YVA Films ( M\u00f4nica Carvalho)&nbsp; e o Grupo Bandeirantes.<\/p>\n\n\n\n<p><strong>ELENCO<\/strong><\/p>\n\n\n\n<p>HIST\u00d3RIA 1 \u2013 RECOME\u00c7OS<\/p>\n\n\n\n<ul><li>Tiago Luchi<\/li><li>Pamela Otero<\/li><li>Jorge Mesquitta<\/li><li>Ju Schalch<\/li><li>Olive: Herrera<\/li><li>Marco Ortiz<\/li><li>Gabi Borba<\/li><li>Olivia Pac\u00edfico<\/li><li>La\u00eds Oliveira<\/li><li>Fe Ouro<\/li><\/ul>\n\n\n\n<p>HIST\u00d3RIA 2 \u2013 UM HOMEM COMUM<\/p>\n\n\n\n<ul><li>Cleiton Morais<\/li><li>Ricardo Macchi<\/li><li>Gil Teles<\/li><li>Michele Muniz<\/li><li>Oscar Pardini<\/li><li>Renata Br\u00e1s<\/li><li>Z\u00e9 Am\u00e9rico<\/li><li>Adriano Arbool<\/li><\/ul>\n\n\n\n<p>HIST\u00d3RIA 3 &#8211; RECOME\u00c7AR<\/p>\n\n\n\n<ul><li>M\u00f4nica Carvalho<\/li><li>Oscar Magrini<\/li><li>Paulinho Vilhena<\/li><li>Roger Chedid<\/li><li>Angela Etell<\/li><li>Camilly Vieira<\/li><li>Tamara W. D.<\/li><\/ul>\n\n\n\n<p>FICHA T\u00c9CNICA<\/p>\n\n\n\n<ul><li>Produ\u00e7\u00e3o Executiva : Rodrigo Salomon<\/li><li>Cria\u00e7\u00e3o e Roteiro: Walther Neto \u2013 Co Roteirista M\u00f4nica Carvalho&nbsp;<\/li><li>Dire\u00e7\u00e3o Geral: Walther Neto | Nelson Marcondes<\/li><li>Dire\u00e7\u00e3o (Hist\u00f3ria 2): Walther Neto I Marisa Mesti\u00e7o&nbsp;<\/li><li>Roteiro: Walther Neto<\/li><li>Revis\u00e3o de Roteiro: Elsa Furtado<\/li><li>Produ\u00e7\u00e3o: WN Produ\u00e7\u00f5es | Marc Films<\/li><li>Produ\u00e7\u00e3o Associada: Grupo Bandeirantes | YVA Films ( M\u00f3nica Carvalho)<\/li><\/ul>\n\n\n\n<p>&nbsp;Dire\u00e7\u00e3o Musical: Walther Neto<\/p>\n\n\n\n<ul><li>Arte \/ Figurinos \/ Coreografia: \u00c2ngela Etell<\/li><li>Edi\u00e7\u00e3o e Finaliza\u00e7\u00e3o: WN Produ\u00e7\u00f5es | Marc Films<\/li><li>Can\u00e7\u00f5es: Cl\u00e1udia Rezende | Dede Paraizo | Ando | F\u00ea Ouro<\/li><li>Trilha Sonora: Walther Neto | Maur\u00edcio Domene | J\u00f4 Borges<\/li><li>Capta\u00e7\u00e3o: WN Produ\u00e7\u00f5es | Marc Films<\/li><li>Produ\u00e7\u00e3o: Renata Generoso | Ci\u00e7a Kramer<\/li><li>Conte\u00fado \/ Making Of: Zarhi El Malek<\/li><li>Finaliza\u00e7\u00e3o: WN Produ\u00e7\u00f5es<\/li><\/ul>\n","protected":false},"excerpt":{"rendered":"<p>O novo longa-metragem de Walther Neto celebra as conex\u00f5es humanas e a riqueza cultural paulistana,&#8230;<\/p>\n","protected":false},"author":18,"featured_media":16937,"comment_status":"closed","ping_status":"open","sticky":false,"template":"","format":"standard","meta":{"om_disable_all_campaigns":false,"_monsterinsights_skip_tracking":false,"_monsterinsights_sitenote_active":false,"_monsterinsights_sitenote_note":"","_monsterinsights_sitenote_category":0,"spay_email":""},"categories":[1],"tags":[268,472,987,269,471,470,288,252,298],"jetpack_featured_media_url":"https:\/\/vimagazine.com.br\/wp-content\/uploads\/2024\/11\/DSC0073-Aprimorado-NR-copiar-c.jpg","_links":{"self":[{"href":"https:\/\/vimagazine.com.br\/index.php?rest_route=\/wp\/v2\/posts\/16936"}],"collection":[{"href":"https:\/\/vimagazine.com.br\/index.php?rest_route=\/wp\/v2\/posts"}],"about":[{"href":"https:\/\/vimagazine.com.br\/index.php?rest_route=\/wp\/v2\/types\/post"}],"author":[{"embeddable":true,"href":"https:\/\/vimagazine.com.br\/index.php?rest_route=\/wp\/v2\/users\/18"}],"replies":[{"embeddable":true,"href":"https:\/\/vimagazine.com.br\/index.php?rest_route=%2Fwp%2Fv2%2Fcomments&post=16936"}],"version-history":[{"count":2,"href":"https:\/\/vimagazine.com.br\/index.php?rest_route=\/wp\/v2\/posts\/16936\/revisions"}],"predecessor-version":[{"id":16942,"href":"https:\/\/vimagazine.com.br\/index.php?rest_route=\/wp\/v2\/posts\/16936\/revisions\/16942"}],"wp:featuredmedia":[{"embeddable":true,"href":"https:\/\/vimagazine.com.br\/index.php?rest_route=\/wp\/v2\/media\/16937"}],"wp:attachment":[{"href":"https:\/\/vimagazine.com.br\/index.php?rest_route=%2Fwp%2Fv2%2Fmedia&parent=16936"}],"wp:term":[{"taxonomy":"category","embeddable":true,"href":"https:\/\/vimagazine.com.br\/index.php?rest_route=%2Fwp%2Fv2%2Fcategories&post=16936"},{"taxonomy":"post_tag","embeddable":true,"href":"https:\/\/vimagazine.com.br\/index.php?rest_route=%2Fwp%2Fv2%2Ftags&post=16936"}],"curies":[{"name":"wp","href":"https:\/\/api.w.org\/{rel}","templated":true}]}}