{"id":16955,"date":"2024-12-03T09:59:35","date_gmt":"2024-12-03T12:59:35","guid":{"rendered":"https:\/\/vimagazine.com.br\/?p=16955"},"modified":"2024-12-03T10:02:38","modified_gmt":"2024-12-03T13:02:38","slug":"natal-da-serra-sustentavel-e-solidario-uma-celebracao-magica","status":"publish","type":"post","link":"https:\/\/vimagazine.com.br\/?p=16955","title":{"rendered":"Natal da Serra Sustent\u00e1vel e Solid\u00e1rio: Uma Celebra\u00e7\u00e3o M\u00e1gica"},"content":{"rendered":"\n<p><\/p>\n\n\n\n<p><\/p>\n\n\n\n<p><\/p>\n\n\n\n<p>No dia 7 de dezembro, a partir das 16h, o Chal\u00e9 em Petr\u00f3polis ser\u00e1 palco de um evento inesquec\u00edvel! Uma encantadora cantata natalina com os artistas italianos Liza e Paolo dar\u00e1 in\u00edcio \u00e0 noite, seguida pelo aguardado Desfile das Senhoras Noel, idealizado pelo estilista Guilherme Tavares.<\/p>\n\n\n\n<p>Personalidades como as atrizes Carla Daniel e Simone Soares brilham na passarela, enquanto o diretor Ign\u00e1cio Coqueiro encarna o Papai Noel e o stylist Andr\u00e9 de Moraes traz o encanto dos elfos. Tudo isso sob a condu\u00e7\u00e3o do talentoso apresentador John Christi.<\/p>\n\n\n\n<p>Venha celebrar a magia do Natal com solidariedade e sustentabilidade!<\/p>\n\n\n\n<p><\/p>\n\n\n\n<figure class=\"wp-block-image size-large is-resized\"><img src=\"https:\/\/vimagazine.com.br\/wp-content\/uploads\/2024\/12\/WhatsApp-Image-2024-12-02-at-23.39.02-819x1024.jpeg\" alt=\"\" class=\"wp-image-16957\" width=\"614\" height=\"768\" srcset=\"https:\/\/vimagazine.com.br\/wp-content\/uploads\/2024\/12\/WhatsApp-Image-2024-12-02-at-23.39.02-819x1024.jpeg 819w, https:\/\/vimagazine.com.br\/wp-content\/uploads\/2024\/12\/WhatsApp-Image-2024-12-02-at-23.39.02-240x300.jpeg 240w, https:\/\/vimagazine.com.br\/wp-content\/uploads\/2024\/12\/WhatsApp-Image-2024-12-02-at-23.39.02-768x960.jpeg 768w, https:\/\/vimagazine.com.br\/wp-content\/uploads\/2024\/12\/WhatsApp-Image-2024-12-02-at-23.39.02.jpeg 1024w\" sizes=\"(max-width: 614px) 100vw, 614px\" \/><\/figure>\n\n\n\n<p><\/p>\n\n\n\n<p><\/p>\n\n\n\n<figure class=\"wp-block-video\"><video controls src=\"https:\/\/vimagazine.com.br\/wp-content\/uploads\/2024\/12\/WhatsApp-Video-2024-12-02-at-23.39.01.mp4\"><\/video><\/figure>\n","protected":false},"excerpt":{"rendered":"<p>No dia 7 de dezembro, a partir das 16h, o Chal\u00e9 em Petr\u00f3polis ser\u00e1 palco&#8230;<\/p>\n","protected":false},"author":1,"featured_media":16961,"comment_status":"closed","ping_status":"open","sticky":false,"template":"","format":"standard","meta":{"om_disable_all_campaigns":false,"_monsterinsights_skip_tracking":false,"_monsterinsights_sitenote_active":false,"_monsterinsights_sitenote_note":"","_monsterinsights_sitenote_category":0,"spay_email":""},"categories":[1],"tags":[],"jetpack_featured_media_url":"https:\/\/vimagazine.com.br\/wp-content\/uploads\/2024\/12\/Natal-na-Serra-1.jpeg","_links":{"self":[{"href":"https:\/\/vimagazine.com.br\/index.php?rest_route=\/wp\/v2\/posts\/16955"}],"collection":[{"href":"https:\/\/vimagazine.com.br\/index.php?rest_route=\/wp\/v2\/posts"}],"about":[{"href":"https:\/\/vimagazine.com.br\/index.php?rest_route=\/wp\/v2\/types\/post"}],"author":[{"embeddable":true,"href":"https:\/\/vimagazine.com.br\/index.php?rest_route=\/wp\/v2\/users\/1"}],"replies":[{"embeddable":true,"href":"https:\/\/vimagazine.com.br\/index.php?rest_route=%2Fwp%2Fv2%2Fcomments&post=16955"}],"version-history":[{"count":2,"href":"https:\/\/vimagazine.com.br\/index.php?rest_route=\/wp\/v2\/posts\/16955\/revisions"}],"predecessor-version":[{"id":16962,"href":"https:\/\/vimagazine.com.br\/index.php?rest_route=\/wp\/v2\/posts\/16955\/revisions\/16962"}],"wp:featuredmedia":[{"embeddable":true,"href":"https:\/\/vimagazine.com.br\/index.php?rest_route=\/wp\/v2\/media\/16961"}],"wp:attachment":[{"href":"https:\/\/vimagazine.com.br\/index.php?rest_route=%2Fwp%2Fv2%2Fmedia&parent=16955"}],"wp:term":[{"taxonomy":"category","embeddable":true,"href":"https:\/\/vimagazine.com.br\/index.php?rest_route=%2Fwp%2Fv2%2Fcategories&post=16955"},{"taxonomy":"post_tag","embeddable":true,"href":"https:\/\/vimagazine.com.br\/index.php?rest_route=%2Fwp%2Fv2%2Ftags&post=16955"}],"curies":[{"name":"wp","href":"https:\/\/api.w.org\/{rel}","templated":true}]}}