{"id":16963,"date":"2024-12-03T16:40:25","date_gmt":"2024-12-03T19:40:25","guid":{"rendered":"https:\/\/vimagazine.com.br\/?p=16963"},"modified":"2024-12-03T16:41:17","modified_gmt":"2024-12-03T19:41:17","slug":"o-cantor-matheus-mare-recebe-o-prestigioso-premio-destaque-do-ano-na-assembleia-legislativa-do-estado-de-sao-paulo-alesp","status":"publish","type":"post","link":"https:\/\/vimagazine.com.br\/?p=16963","title":{"rendered":"O cantor Matheus Mar\u00ea recebe o prestigioso pr\u00eamio &#8220;Destaque do Ano&#8221; na Assembleia Legislativa do Estado de S\u00e3o Paulo (ALESP)"},"content":{"rendered":"\n<p class=\"has-text-align-center\">O cantor e compositor Matheus Mar\u00ea recebeu o prestigioso pr\u00eamio &#8220;Destaque do Ano&#8221; na Assembleia Legislativa do Estado de S\u00e3o Paulo (ALESP), um reconhecimento ao seu talento e impacto na m\u00fasica brasileira.<\/p>\n\n\n\n<p class=\"has-text-align-center\">Matheus conquistou o p\u00fablico e a cr\u00edtica ao interpretar cl\u00e1ssicos da M\u00fasica Popular Brasileira (MPB) com maestria, al\u00e9m de apresentar composi\u00e7\u00f5es autorais que encantam pela profundidade e sensibilidade.<\/p>\n\n\n\n<p class=\"has-text-align-center\">Com uma trajet\u00f3ria marcada por autenticidade e paix\u00e3o pela arte, Matheus Mar\u00ea se consolidou como uma das grandes promessas da m\u00fasica nacional. <\/p>\n\n\n\n<p class=\"has-text-align-center\">Suas performances cativantes n\u00e3o apenas homenageiam a rica heran\u00e7a da MPB, mas tamb\u00e9m trazem um frescor contempor\u00e2neo, conectando diferentes gera\u00e7\u00f5es.<\/p>\n\n\n\n<p class=\"has-text-align-center\">Para 2025, o artista est\u00e1 com a agenda lotada, preparando grandes shows que percorrer\u00e3o diversas cidades do Brasil. <\/p>\n\n\n\n<figure class=\"wp-block-image\"><img alt=\"\" \/><\/figure>\n\n\n\n<p class=\"has-text-align-center\">Esses eventos prometem experi\u00eancias \u00fanicas, combinando arranjos sofisticados, letras marcantes e a presen\u00e7a de palco carism\u00e1tica que se tornou sua marca registrada. <\/p>\n\n\n\n<p class=\"has-text-align-center\">Matheus Mar\u00ea segue encantando cora\u00e7\u00f5es e ampliando sua base de f\u00e3s, reafirmando seu lugar de destaque na cena musical brasileira.<\/p>\n\n\n\n<p class=\"has-text-align-center\">Assessoria: Rosilene Bejarano<\/p>\n\n\n\n<p class=\"has-text-align-center\">(reg. prof. 6925\/SC)<\/p>\n\n\n\n<p class=\"has-text-align-center\"><strong>Rede social do Cantor:<\/strong><\/p>\n\n\n\n<p class=\"has-text-align-center\"><a href=\"https:\/\/www.instagram.com\/matheusmareoficial\/\">https:\/\/www.instagram.com\/matheusmareoficial\/<\/a><\/p>\n\n\n\n<p class=\"has-text-align-center\"><a href=\"https:\/\/www.tiktok.com\/@matheusmareoficial?_t=8ruq3rYbRZw&amp;_r=1\">https:\/\/www.tiktok.com\/@matheusmareoficial?_t=8ruq3rYbRZw&amp;_r=1<\/a><\/p>\n\n\n\n<p class=\"has-text-align-center\"><a href=\"https:\/\/www.facebook.com\/MatheusMareArtista?mibextid=ZbWKwL\">https:\/\/www.facebook.com\/MatheusMareArtista?mibextid=ZbWKwL<\/a><\/p>\n","protected":false},"excerpt":{"rendered":"<p>O cantor e compositor Matheus Mar\u00ea recebeu o prestigioso pr\u00eamio &#8220;Destaque do Ano&#8221; na Assembleia&#8230;<\/p>\n","protected":false},"author":3,"featured_media":16964,"comment_status":"closed","ping_status":"open","sticky":false,"template":"","format":"standard","meta":{"om_disable_all_campaigns":false,"_monsterinsights_skip_tracking":false,"_monsterinsights_sitenote_active":false,"_monsterinsights_sitenote_note":"","_monsterinsights_sitenote_category":0,"spay_email":""},"categories":[1],"tags":[],"jetpack_featured_media_url":"https:\/\/vimagazine.com.br\/wp-content\/uploads\/2024\/12\/IMG_7856-e1733254110702.jpg","_links":{"self":[{"href":"https:\/\/vimagazine.com.br\/index.php?rest_route=\/wp\/v2\/posts\/16963"}],"collection":[{"href":"https:\/\/vimagazine.com.br\/index.php?rest_route=\/wp\/v2\/posts"}],"about":[{"href":"https:\/\/vimagazine.com.br\/index.php?rest_route=\/wp\/v2\/types\/post"}],"author":[{"embeddable":true,"href":"https:\/\/vimagazine.com.br\/index.php?rest_route=\/wp\/v2\/users\/3"}],"replies":[{"embeddable":true,"href":"https:\/\/vimagazine.com.br\/index.php?rest_route=%2Fwp%2Fv2%2Fcomments&post=16963"}],"version-history":[{"count":2,"href":"https:\/\/vimagazine.com.br\/index.php?rest_route=\/wp\/v2\/posts\/16963\/revisions"}],"predecessor-version":[{"id":16966,"href":"https:\/\/vimagazine.com.br\/index.php?rest_route=\/wp\/v2\/posts\/16963\/revisions\/16966"}],"wp:featuredmedia":[{"embeddable":true,"href":"https:\/\/vimagazine.com.br\/index.php?rest_route=\/wp\/v2\/media\/16964"}],"wp:attachment":[{"href":"https:\/\/vimagazine.com.br\/index.php?rest_route=%2Fwp%2Fv2%2Fmedia&parent=16963"}],"wp:term":[{"taxonomy":"category","embeddable":true,"href":"https:\/\/vimagazine.com.br\/index.php?rest_route=%2Fwp%2Fv2%2Fcategories&post=16963"},{"taxonomy":"post_tag","embeddable":true,"href":"https:\/\/vimagazine.com.br\/index.php?rest_route=%2Fwp%2Fv2%2Ftags&post=16963"}],"curies":[{"name":"wp","href":"https:\/\/api.w.org\/{rel}","templated":true}]}}