{"id":16968,"date":"2024-12-03T22:42:24","date_gmt":"2024-12-04T01:42:24","guid":{"rendered":"https:\/\/vimagazine.com.br\/?p=16968"},"modified":"2024-12-03T22:47:29","modified_gmt":"2024-12-04T01:47:29","slug":"superacao-e-fe-inexplicavel-brilha-e-ajuda-quem-precisaquem-entrou-na-vibe-com-giu-cota-foi-o-elenco-do-filme-inexplicavel","status":"publish","type":"post","link":"https:\/\/vimagazine.com.br\/?p=16968","title":{"rendered":"&#8220;Supera\u00e7\u00e3o e F\u00e9: \u2018Inexplic\u00e1vel\u2019 Brilha e Ajuda Quem Precisa&#8221;"},"content":{"rendered":"\n<figure class=\"wp-block-image size-large\"><img width=\"1024\" height=\"768\" src=\"https:\/\/vimagazine.com.br\/wp-content\/uploads\/2024\/12\/photo_2024-12-03_22-20-10-1024x768.jpg\" alt=\"Eriberto Le\u00e3o\" class=\"wp-image-16969\" srcset=\"https:\/\/vimagazine.com.br\/wp-content\/uploads\/2024\/12\/photo_2024-12-03_22-20-10-1024x768.jpg 1024w, https:\/\/vimagazine.com.br\/wp-content\/uploads\/2024\/12\/photo_2024-12-03_22-20-10-300x225.jpg 300w, https:\/\/vimagazine.com.br\/wp-content\/uploads\/2024\/12\/photo_2024-12-03_22-20-10-768x576.jpg 768w, https:\/\/vimagazine.com.br\/wp-content\/uploads\/2024\/12\/photo_2024-12-03_22-20-10.jpg 1280w\" sizes=\"(max-width: 1024px) 100vw, 1024px\" \/><figcaption><a href=\"https:\/\/www.instagram.com\/eribertoleao72\/\" title=\"Eriberto Le\u00e3o\">Eriberto Le\u00e3o<\/a> <\/figcaption><\/figure>\n\n\n\n<p>Quem entrou <strong>Na Vibe com <a href=\"https:\/\/www.instagram.com\/giucota\/\" title=\"Giu Cota\">Giu Cota<\/a><\/strong>, foi o elenco de <strong><a href=\"https:\/\/www.instagram.com\/inexplicavel_filme\/\" title=\"&quot; Inexplic\u00e1vel&quot;\">&#8221; Inexplic\u00e1vel&#8221;<\/a><\/strong> Com uma produ\u00e7\u00e3o impec\u00e1vel da Clube Filmes e codistribui\u00e7\u00e3o da Cinecolor, o longa <strong>\u201cInexplic\u00e1vel\u201d<\/strong> emocionou o p\u00fablico e conquistou o j\u00fari do <strong>Los Angeles Brazilian Film Festival (LABRFF)<\/strong>, levando os pr\u00eamios de Melhor Atriz para <strong>Let\u00edcia Spiller<\/strong> e Melhor Ator para <strong>Eriberto Le\u00e3o<\/strong>. A trama, baseada em uma hist\u00f3ria real de supera\u00e7\u00e3o e f\u00e9, n\u00e3o apenas celebra o talento do cinema brasileiro, mas tamb\u00e9m toca o cora\u00e7\u00e3o de quem assiste.<br>Em seu discurso, <strong>Let\u00edcia Spiller<\/strong> dedicou o pr\u00eamio \u00e0 fam\u00edlia real que inspirou o filme e destacou a sensibilidade do diretor<strong> Fabr\u00edcio Bittar:<\/strong><\/p>\n\n\n\n<figure class=\"wp-container-2 wp-block-gallery-1 wp-block-gallery has-nested-images columns-default is-cropped\">\n<figure class=\"wp-block-image size-large\"><img width=\"1280\" height=\"720\" data-id=\"16970\"  src=\"https:\/\/vimagazine.com.br\/wp-content\/uploads\/2024\/12\/photo_2024-12-03_22-12-14.jpg\" alt=\"\" class=\"wp-image-16970\" srcset=\"https:\/\/vimagazine.com.br\/wp-content\/uploads\/2024\/12\/photo_2024-12-03_22-12-14.jpg 1280w, https:\/\/vimagazine.com.br\/wp-content\/uploads\/2024\/12\/photo_2024-12-03_22-12-14-300x169.jpg 300w, https:\/\/vimagazine.com.br\/wp-content\/uploads\/2024\/12\/photo_2024-12-03_22-12-14-1024x576.jpg 1024w, https:\/\/vimagazine.com.br\/wp-content\/uploads\/2024\/12\/photo_2024-12-03_22-12-14-768x432.jpg 768w\" sizes=\"(max-width: 1280px) 100vw, 1280px\" \/><figcaption>Adriana Lessa<\/figcaption><\/figure>\n\n\n\n<figure class=\"wp-block-image size-large\"><img width=\"1280\" height=\"960\" data-id=\"16971\"  src=\"https:\/\/vimagazine.com.br\/wp-content\/uploads\/2024\/12\/photo_2024-12-03_22-12-22.jpg\" alt=\"\" class=\"wp-image-16971\" srcset=\"https:\/\/vimagazine.com.br\/wp-content\/uploads\/2024\/12\/photo_2024-12-03_22-12-22.jpg 1280w, https:\/\/vimagazine.com.br\/wp-content\/uploads\/2024\/12\/photo_2024-12-03_22-12-22-300x225.jpg 300w, https:\/\/vimagazine.com.br\/wp-content\/uploads\/2024\/12\/photo_2024-12-03_22-12-22-1024x768.jpg 1024w, https:\/\/vimagazine.com.br\/wp-content\/uploads\/2024\/12\/photo_2024-12-03_22-12-22-768x576.jpg 768w\" sizes=\"(max-width: 1280px) 100vw, 1280px\" \/><figcaption>Gustavo Longobardi<\/figcaption><\/figure>\n<\/figure>\n\n\n\n<p><br>&#8220;Esse pr\u00eamio \u00e9 dedicado \u00e0 verdadeira fam\u00edlia de <strong>\u00b4Inexplic\u00e1vel<\/strong>`, especialmente \u00e0 <strong>Yann\u00e1 Varandas<\/strong>, uma mulher que tanto admiro. Este filme nos faz refletir sobre o poder de acreditar nos momentos mais dif\u00edceis.\u201d<br>J\u00e1 <strong>Eriberto Le\u00e3o<\/strong> emocionou ao dizer:<br>&#8220;Fomos transformados por essa hist\u00f3ria real, e espero que os espectadores tamb\u00e9m sejam.&#8221;<br>Dirigido por <strong>Fabr\u00edcio Bittar<\/strong>, conhecido por sucessos como &#8220;<strong>Como Hackear Seu Chefe<\/strong>&#8221; e a s\u00e9rie &#8220;<strong>Bugados<\/strong>&#8220;, o filme j\u00e1 mostra seu impacto antes mesmo do lan\u00e7amento: o primeiro trailer ultrapassou a marca de 1,4 milh\u00e3o de visualiza\u00e7\u00f5es, comprovando o apelo dessa trama poderosa.<br>O elenco estrelado inclui nomes como <strong>Victor Lamoglia<\/strong>, <strong>Miguel Venerabile<\/strong>, <strong>Suely Franco<\/strong>, <strong>Andr\u00e9 Ramiro<\/strong>, <strong>Adriana Lessa<\/strong>, <strong>Gustavo Longobardi<\/strong> e outros grandes talentos. E al\u00e9m de emocionar nas telas, \u201c<strong>Inexplic\u00e1vel<\/strong>\u201d tem uma causa nobre: parte da renda de bilheteria ser\u00e1 doada ao <strong>GRAACC<\/strong> (Grupo de Apoio ao Adolescente e \u00e0 Crian\u00e7a com C\u00e2ncer), refor\u00e7ando o impacto transformador do cinema em diferentes esferas.<\/p>\n\n\n\n<figure class=\"wp-container-4 wp-block-gallery-3 wp-block-gallery has-nested-images columns-default is-cropped\">\n<figure class=\"wp-block-image size-large\"><img width=\"1280\" height=\"960\" data-id=\"16972\"  src=\"https:\/\/vimagazine.com.br\/wp-content\/uploads\/2024\/12\/photo_2024-12-03_22-11-36.jpg\" alt=\"\" class=\"wp-image-16972\" srcset=\"https:\/\/vimagazine.com.br\/wp-content\/uploads\/2024\/12\/photo_2024-12-03_22-11-36.jpg 1280w, https:\/\/vimagazine.com.br\/wp-content\/uploads\/2024\/12\/photo_2024-12-03_22-11-36-300x225.jpg 300w, https:\/\/vimagazine.com.br\/wp-content\/uploads\/2024\/12\/photo_2024-12-03_22-11-36-1024x768.jpg 1024w, https:\/\/vimagazine.com.br\/wp-content\/uploads\/2024\/12\/photo_2024-12-03_22-11-36-768x576.jpg 768w\" sizes=\"(max-width: 1280px) 100vw, 1280px\" \/><figcaption>Victor Lamoglia <\/figcaption><\/figure>\n\n\n\n<figure class=\"wp-block-image size-large\"><img width=\"720\" height=\"1280\" data-id=\"16973\"  src=\"https:\/\/vimagazine.com.br\/wp-content\/uploads\/2024\/12\/photo_2024-12-03_22-12-27.jpg\" alt=\"\" class=\"wp-image-16973\" srcset=\"https:\/\/vimagazine.com.br\/wp-content\/uploads\/2024\/12\/photo_2024-12-03_22-12-27.jpg 720w, https:\/\/vimagazine.com.br\/wp-content\/uploads\/2024\/12\/photo_2024-12-03_22-12-27-169x300.jpg 169w, https:\/\/vimagazine.com.br\/wp-content\/uploads\/2024\/12\/photo_2024-12-03_22-12-27-576x1024.jpg 576w\" sizes=\"(max-width: 720px) 100vw, 720px\" \/><figcaption>Leticia Spiler<\/figcaption><\/figure>\n<\/figure>\n\n\n\n<p><br>\u201c<strong>Inexplic\u00e1vel<\/strong>\u201d estreia dia 05 de Dezembro para nos lembrar que hist\u00f3rias de f\u00e9 e supera\u00e7\u00e3o podem mudar vidas \u2014 e j\u00e1 mudou a minha vibe tamb\u00e9m!<\/p>\n\n\n\n<p>Acompanhe sempre a minha coluna #<strong>NaVibeComGiuCota<\/strong> \u00a0na\u00a0<strong>#ViMagazine<\/strong>\u00a0para mais conte\u00fados exclusivos! para dicas exclusivas e entrevistas que fazem a diferen\u00e7a na sua vida!<\/p>\n\n\n\n<h1>#GiuCota #Podcast #PodCota #RobertoAssessor #cinema #LeticiaSpiler #EribertoLeao #Inexplicavel #filmefamiliar #estreianacional<\/h1>\n\n\n\n<p>Contato Assessoria Giu Cota:<br>Roberto Rodrigues<\/p>\n\n\n\n<p>Giu Cota<br>Colunista Vi Magazine<br>\u201cNa Vibe com Giu Cota\u201d<\/p>\n","protected":false},"excerpt":{"rendered":"<p>Quem entrou Na Vibe com Giu Cota, foi o elenco de &#8221; Inexplic\u00e1vel&#8221; Com uma&#8230;<\/p>\n","protected":false},"author":37,"featured_media":0,"comment_status":"closed","ping_status":"open","sticky":false,"template":"","format":"standard","meta":{"om_disable_all_campaigns":false,"_monsterinsights_skip_tracking":false,"_monsterinsights_sitenote_active":false,"_monsterinsights_sitenote_note":"","_monsterinsights_sitenote_category":0,"spay_email":""},"categories":[1],"tags":[],"jetpack_featured_media_url":"","_links":{"self":[{"href":"https:\/\/vimagazine.com.br\/index.php?rest_route=\/wp\/v2\/posts\/16968"}],"collection":[{"href":"https:\/\/vimagazine.com.br\/index.php?rest_route=\/wp\/v2\/posts"}],"about":[{"href":"https:\/\/vimagazine.com.br\/index.php?rest_route=\/wp\/v2\/types\/post"}],"author":[{"embeddable":true,"href":"https:\/\/vimagazine.com.br\/index.php?rest_route=\/wp\/v2\/users\/37"}],"replies":[{"embeddable":true,"href":"https:\/\/vimagazine.com.br\/index.php?rest_route=%2Fwp%2Fv2%2Fcomments&post=16968"}],"version-history":[{"count":3,"href":"https:\/\/vimagazine.com.br\/index.php?rest_route=\/wp\/v2\/posts\/16968\/revisions"}],"predecessor-version":[{"id":16979,"href":"https:\/\/vimagazine.com.br\/index.php?rest_route=\/wp\/v2\/posts\/16968\/revisions\/16979"}],"wp:attachment":[{"href":"https:\/\/vimagazine.com.br\/index.php?rest_route=%2Fwp%2Fv2%2Fmedia&parent=16968"}],"wp:term":[{"taxonomy":"category","embeddable":true,"href":"https:\/\/vimagazine.com.br\/index.php?rest_route=%2Fwp%2Fv2%2Fcategories&post=16968"},{"taxonomy":"post_tag","embeddable":true,"href":"https:\/\/vimagazine.com.br\/index.php?rest_route=%2Fwp%2Fv2%2Ftags&post=16968"}],"curies":[{"name":"wp","href":"https:\/\/api.w.org\/{rel}","templated":true}]}}