{"id":16984,"date":"2024-12-04T14:04:30","date_gmt":"2024-12-04T17:04:30","guid":{"rendered":"https:\/\/vimagazine.com.br\/?p=16984"},"modified":"2024-12-04T14:04:31","modified_gmt":"2024-12-04T17:04:31","slug":"grupo-de-joinville-anuncia-ricarderson-vieira-como-novo-gerente-de-supply-chain","status":"publish","type":"post","link":"https:\/\/vimagazine.com.br\/?p=16984","title":{"rendered":"Grupo de Joinville anuncia Ricarderson Vieira como novo Gerente de Supply Chain"},"content":{"rendered":"\n<p><\/p>\n\n\n\n<p>A Ponteiras Rodrigues anunciou ao mercado brasileiro, Ricarderson Vieira como novo Gerente de Supply Chain do grupo. Formado em Administra\u00e7\u00e3o de Empresas pela Univille, Vieira possui um Executive MBA em Log\u00edstica e Supply Chain Management pela Funda\u00e7\u00e3o Get\u00falio Vargas e \u00e9 especialista em Gest\u00e3o de Suprimentos pela Unisociesc. O profissional acumula 26 anos de carreira com atua\u00e7\u00e3o em uma das maiores ind\u00fastrias do segmento de fixa\u00e7\u00e3o, onde desempenhou pap\u00e9is estrat\u00e9gicos e consolidou sua expertise em opera\u00e7\u00f5es log\u00edsticas e gest\u00e3o de suprimentos.<\/p>\n\n\n\n<p>Na Ponteiras Rodrigues, empresa com sede em Joinville, SC, Ricarderson ser\u00e1 respons\u00e1vel por liderar \u00e1reas-chave como log\u00edstica interna, gest\u00e3o de frota, controle e otimiza\u00e7\u00e3o de estoques e a implementa\u00e7\u00e3o do WMS &#8211; Sistema de Gerenciamento de Armaz\u00e9ns. A miss\u00e3o do executivo ser\u00e1 a moderniza\u00e7\u00e3o e a integra\u00e7\u00e3o das opera\u00e7\u00f5es para a boa efici\u00eancia e excel\u00eancia dos processos.<\/p>\n\n\n\n<p>Com essa nova lideran\u00e7a, a Ponteiras Rodrigues refor\u00e7a seu prop\u00f3sito de atender com excel\u00eancia seus clientes e parceiros, fortalecendo sua posi\u00e7\u00e3o como refer\u00eancia nacional no mercado de reposi\u00e7\u00e3o de pe\u00e7as automotivas.<\/p>\n\n\n\n<p>I<\/p>\n\n\n\n<p><strong>Assessoria de Imprensa Ponteiras Rodrigues<\/strong><br>Marcos A Pereira &#8211; Jornalista Profissional 5967\/SC<br>Contato: (47) 9.9620.4161<br>www.ponteirasrodrigues.com.br<\/p>\n\n\n\n<p><\/p>\n\n\n\n<p><\/p>\n\n\n\n<p><\/p>\n\n\n\n<p><\/p>\n","protected":false},"excerpt":{"rendered":"<p>A Ponteiras Rodrigues anunciou ao mercado brasileiro, Ricarderson Vieira como novo Gerente de Supply Chain&#8230;<\/p>\n","protected":false},"author":1,"featured_media":16985,"comment_status":"closed","ping_status":"open","sticky":false,"template":"","format":"standard","meta":{"om_disable_all_campaigns":false,"_monsterinsights_skip_tracking":false,"_monsterinsights_sitenote_active":false,"_monsterinsights_sitenote_note":"","_monsterinsights_sitenote_category":0,"spay_email":""},"categories":[27,1],"tags":[],"jetpack_featured_media_url":"https:\/\/vimagazine.com.br\/wp-content\/uploads\/2024\/12\/Foto-Ricarderson.jpg","_links":{"self":[{"href":"https:\/\/vimagazine.com.br\/index.php?rest_route=\/wp\/v2\/posts\/16984"}],"collection":[{"href":"https:\/\/vimagazine.com.br\/index.php?rest_route=\/wp\/v2\/posts"}],"about":[{"href":"https:\/\/vimagazine.com.br\/index.php?rest_route=\/wp\/v2\/types\/post"}],"author":[{"embeddable":true,"href":"https:\/\/vimagazine.com.br\/index.php?rest_route=\/wp\/v2\/users\/1"}],"replies":[{"embeddable":true,"href":"https:\/\/vimagazine.com.br\/index.php?rest_route=%2Fwp%2Fv2%2Fcomments&post=16984"}],"version-history":[{"count":1,"href":"https:\/\/vimagazine.com.br\/index.php?rest_route=\/wp\/v2\/posts\/16984\/revisions"}],"predecessor-version":[{"id":16986,"href":"https:\/\/vimagazine.com.br\/index.php?rest_route=\/wp\/v2\/posts\/16984\/revisions\/16986"}],"wp:featuredmedia":[{"embeddable":true,"href":"https:\/\/vimagazine.com.br\/index.php?rest_route=\/wp\/v2\/media\/16985"}],"wp:attachment":[{"href":"https:\/\/vimagazine.com.br\/index.php?rest_route=%2Fwp%2Fv2%2Fmedia&parent=16984"}],"wp:term":[{"taxonomy":"category","embeddable":true,"href":"https:\/\/vimagazine.com.br\/index.php?rest_route=%2Fwp%2Fv2%2Fcategories&post=16984"},{"taxonomy":"post_tag","embeddable":true,"href":"https:\/\/vimagazine.com.br\/index.php?rest_route=%2Fwp%2Fv2%2Ftags&post=16984"}],"curies":[{"name":"wp","href":"https:\/\/api.w.org\/{rel}","templated":true}]}}