{"id":17020,"date":"2024-12-06T16:02:51","date_gmt":"2024-12-06T19:02:51","guid":{"rendered":"https:\/\/vimagazine.com.br\/?p=17020"},"modified":"2024-12-06T16:39:42","modified_gmt":"2024-12-06T19:39:42","slug":"casal-monken-promove-festa-bebes-2024","status":"publish","type":"post","link":"https:\/\/vimagazine.com.br\/?p=17020","title":{"rendered":"<strong>Casal Monken promove Festa Beb\u00eas 2024<\/strong>"},"content":{"rendered":"\n<p><\/p>\n\n\n\n<p><\/p>\n\n\n\n<p>No dia 8 de dezembro, o casal de obstetras Nat\u00e1lia e Frederico Monken promove a 4\u00aa edi\u00e7\u00e3o da festa Beb\u00eas Casal Moken. O evento celebra junto as pacientes, m\u00e3es e gestantes convidadas, as vidas geradas pelos profissionais em coquetel no Vila Verde Eventos (Av. Joaquim Jos\u00e9 Diniz, 455).<\/p>\n\n\n\n<p>&#8220;Desde a primeira edi\u00e7\u00e3o percebemos o real significado da conex\u00e3o que cri\u00e1vamos com nossas pacientes, bem como toda a fam\u00edlia. A primeira festa teve ades\u00e3o 100% das m\u00e3es que atend\u00edamos e foi crescendo, atraindo futuras m\u00e3es, pais tamb\u00e9m e o intuito realmente se tornou o da celebra\u00e7\u00e3o, que tem tudo a ver com o atendimento humanizado que prestamos e as rela\u00e7\u00f5es interpessoais que criamos com as fam\u00edlias&#8221;, explica a Dra. Nat\u00e1lia Monken.<\/p>\n\n\n\n<p>Com participa\u00e7\u00e3o especial do cantor Jo\u00e3o Luccas e produ\u00e7\u00e3o da All Party Eventos, o evento contar\u00e1 com presen\u00e7as Vips, junto as Rela\u00e7\u00f5es P\u00fablicas Flavia Presoti e Luciana Avelino, tamb\u00e9m apresentadoras do podcast Hist\u00f3rias Reais, que transmitir\u00e3o ao vivo, cases especiais junto aos profissionais e convidados.<\/p>\n\n\n\n<p><\/p>\n\n\n\n<p><\/p>\n\n\n\n<figure class=\"wp-block-image size-large\"><img width=\"1024\" height=\"682\" src=\"https:\/\/vimagazine.com.br\/wp-content\/uploads\/2024\/12\/2811-1024x682.jpg\" alt=\"\" class=\"wp-image-17025\" srcset=\"https:\/\/vimagazine.com.br\/wp-content\/uploads\/2024\/12\/2811-1024x682.jpg 1024w, https:\/\/vimagazine.com.br\/wp-content\/uploads\/2024\/12\/2811-300x200.jpg 300w, https:\/\/vimagazine.com.br\/wp-content\/uploads\/2024\/12\/2811-768x512.jpg 768w, https:\/\/vimagazine.com.br\/wp-content\/uploads\/2024\/12\/2811-1536x1023.jpg 1536w, https:\/\/vimagazine.com.br\/wp-content\/uploads\/2024\/12\/2811.jpg 1600w\" sizes=\"(max-width: 1024px) 100vw, 1024px\" \/><\/figure>\n\n\n\n<p><\/p>\n\n\n\n<p><strong>Sobre o Casal Monken<\/strong><\/p>\n\n\n\n<p>Uma experi\u00eancia premium de pr\u00e9-natal e parto baseada em evid\u00eancias cient\u00edficas atualizadas, respeitando as individualidades de suas pacientes. Foi assim que os Drs.&nbsp;Frederico e Nat\u00e1lia Monken fundaram o Espa\u00e7o Casal Monken voltado aos cuidados \u00e0 Sa\u00fade da Mulher.<\/p>\n\n\n\n<p>Localizado em um ponto estrat\u00e9gico em Belo Horizonte-MG, o espa\u00e7o oferece diferentes especialidades, tais como: Ginecologia, Obstetr\u00edcia, Parto Humanizado, Pediatria, Planejamento Familiar, Cesariana, entre outros.<\/p>\n\n\n\n<p>O cuidado e atendimento humanizado tornaram o Espa\u00e7o Casal Monken refer\u00eancia no segmento, atraindo pacientes da regi\u00e3o e de todo o Estado mineiro.<\/p>\n\n\n\n<p><\/p>\n\n\n\n<p><strong><u>Casal Monken<\/u><\/strong><\/p>\n\n\n\n<p><a href=\"http:\/\/www.casalmonken.com.br\/\" target=\"_blank\" rel=\"noreferrer noopener\"><strong>www.casalmonken.com.br<\/strong><\/a><\/p>\n\n\n\n<p><strong>@casalmonken<\/strong><\/p>\n\n\n\n<p><\/p>\n","protected":false},"excerpt":{"rendered":"<p>No dia 8 de dezembro, o casal de obstetras Nat\u00e1lia e Frederico Monken promove a&#8230;<\/p>\n","protected":false},"author":1,"featured_media":17024,"comment_status":"closed","ping_status":"open","sticky":false,"template":"","format":"standard","meta":{"om_disable_all_campaigns":false,"_monsterinsights_skip_tracking":false,"_monsterinsights_sitenote_active":false,"_monsterinsights_sitenote_note":"","_monsterinsights_sitenote_category":0,"spay_email":""},"categories":[27,1],"tags":[],"jetpack_featured_media_url":"https:\/\/vimagazine.com.br\/wp-content\/uploads\/2024\/12\/corporativo-monken-36.jpg","_links":{"self":[{"href":"https:\/\/vimagazine.com.br\/index.php?rest_route=\/wp\/v2\/posts\/17020"}],"collection":[{"href":"https:\/\/vimagazine.com.br\/index.php?rest_route=\/wp\/v2\/posts"}],"about":[{"href":"https:\/\/vimagazine.com.br\/index.php?rest_route=\/wp\/v2\/types\/post"}],"author":[{"embeddable":true,"href":"https:\/\/vimagazine.com.br\/index.php?rest_route=\/wp\/v2\/users\/1"}],"replies":[{"embeddable":true,"href":"https:\/\/vimagazine.com.br\/index.php?rest_route=%2Fwp%2Fv2%2Fcomments&post=17020"}],"version-history":[{"count":3,"href":"https:\/\/vimagazine.com.br\/index.php?rest_route=\/wp\/v2\/posts\/17020\/revisions"}],"predecessor-version":[{"id":17027,"href":"https:\/\/vimagazine.com.br\/index.php?rest_route=\/wp\/v2\/posts\/17020\/revisions\/17027"}],"wp:featuredmedia":[{"embeddable":true,"href":"https:\/\/vimagazine.com.br\/index.php?rest_route=\/wp\/v2\/media\/17024"}],"wp:attachment":[{"href":"https:\/\/vimagazine.com.br\/index.php?rest_route=%2Fwp%2Fv2%2Fmedia&parent=17020"}],"wp:term":[{"taxonomy":"category","embeddable":true,"href":"https:\/\/vimagazine.com.br\/index.php?rest_route=%2Fwp%2Fv2%2Fcategories&post=17020"},{"taxonomy":"post_tag","embeddable":true,"href":"https:\/\/vimagazine.com.br\/index.php?rest_route=%2Fwp%2Fv2%2Ftags&post=17020"}],"curies":[{"name":"wp","href":"https:\/\/api.w.org\/{rel}","templated":true}]}}