{"id":17049,"date":"2024-12-07T07:53:53","date_gmt":"2024-12-07T10:53:53","guid":{"rendered":"https:\/\/vimagazine.com.br\/?p=17049"},"modified":"2024-12-07T07:53:56","modified_gmt":"2024-12-07T10:53:56","slug":"lancamento-novo-single-de-rafael-garcez-e-luan-pereira-traz-a-mistura-do-sertanejo-agronejo-e-eletrofunk","status":"publish","type":"post","link":"https:\/\/vimagazine.com.br\/?p=17049","title":{"rendered":"Lan\u00e7amento: Novo single de Rafael Garcez e Luan Pereira traz a mistura do sertanejo, agronejo e eletrofunk"},"content":{"rendered":"\n<p class=\"has-text-align-center\"><em>A faixa \u201cFalava Mal da Ro\u00e7a\u201d chega ao p\u00fablico nesta sexta-feira, 06, e no clipe, os artistas trazem como convidada a cantora Gabi Martins como atriz protagonista<\/em><\/p>\n\n\n\n<p class=\"has-text-align-center\">Uma parceria que j\u00e1 pode ser considerada de sucesso.<\/p>\n\n\n\n<p class=\"has-text-align-center\">\u00a0<strong>Rafael Garcez e Luan Pereira<\/strong>\u00a0anunciaram o lan\u00e7amento do single \u201c<strong>Falava Mal da Ro\u00e7a<\/strong>\u201d, que est\u00e1 marcado para chegar \u00e0s plataformas digitais nas primeiras horas desta\u00a0<strong>sexta-feira, 06,<\/strong>\u00a0juntamente com um clipe que estar\u00e1 dispon\u00edvel na mesma data a partir das 11h no canal oficial do Youtube de Rafael.\u00a0<em>(<a href=\"https:\/\/www.youtube.com\/@rafaelgarcezcantor\" target=\"_blank\" rel=\"noreferrer noopener\">acesse aqui<\/a>)<\/em><\/p>\n\n\n\n<p class=\"has-text-align-center\">Trazendo uma novidade especial para o novo trabalho, os artistas apostaram em misturar de forma divertida\u00a0<strong>elementos do sertanejo, agronejo e eletrofunk<\/strong>.<\/p>\n\n\n\n<p class=\"has-text-align-center\"> O sertanejo vem na ess\u00eancia da can\u00e7\u00e3o, o agronejo vem representado na letra que aborda o cen\u00e1rio agro, j\u00e1 o eletrofunk \u00e9 caracterizado na melodia que se funde com o sertanejo.<\/p>\n\n\n\n<p class=\"has-text-align-center\">Composi\u00e7\u00e3o de Rafael Garcez, Luan Pereira, Pedro Padilha e Pvzin, &#8220;<strong>Falava Mal da Ro\u00e7a<\/strong>\u201d retrata a hist\u00f3ria de uma mo\u00e7a que era apaixonada pela boa vida da cidade grande, chegando at\u00e9 mesmo a odiar a vida do campo, mas ao conhecer a pegada do cowboy, n\u00e3o resistiu aos encantos e mudou de opini\u00e3o, como diz no trecho. <\/p>\n\n\n\n<p class=\"has-text-align-center\">\u201cEla falava mal da ro\u00e7a, hoje eu ro\u00e7o, ela gosta e n\u00e3o quer mais parar, ela falava mal da bota, hoje eu boto ela gosta\u201d.<\/p>\n\n\n\n<p class=\"has-text-align-center\"><em>Fa\u00e7a o pr\u00e9-save&nbsp;<a href=\"https:\/\/lnk.fuga.com\/falavamaldaroca?fbclid=PAZXh0bgNhZW0CMTEAAaZQeX8N03dDq4LuFyaj75D-WYsnKjERq_tadQ8Jq1olXXkmYuTk7JKvimY_aem_dpfra4hUZazn6CughSKE9Q\" target=\"_blank\" rel=\"noreferrer noopener\">(aqui)<\/a><\/em><\/p>\n\n\n\n<p class=\"has-text-align-center\">Uma outra novidade que tem agitado os f\u00e3s de Rafael Garcez \u00e9 que a mo\u00e7a em quest\u00e3o \u00e9 representada pela cantora\u00a0<strong>Gabi Martins<\/strong>, que assume o papel de<strong>\u00a0atriz protagonista no clipe<\/strong>. <\/p>\n\n\n\n<p class=\"has-text-align-center\">\u201cA Gabi \u00e9 uma pessoa incr\u00edvel, nossa amizade j\u00e1 \u00e9 de longas datas e sempre falamos de fazer algo, e ent\u00e3o surgiu essa oportunidade e abra\u00e7amos juntos.<\/p>\n\n\n\n<p class=\"has-text-align-center\"> Foi um prazer traz\u00ea-la para este projeto, por\u00e9m ainda estamos conversando em fazer mais trabalhos juntos, afinal, a Gabi \u00e9 uma cantora talentos\u00edssima\u201d, comenta Rafael.<\/p>\n\n\n\n<p class=\"has-text-align-center\">J\u00e1 sobre a parceria sobre o Luan Pereira, Rafael comenta como surgiu o convite.<\/p>\n\n\n\n<p class=\"has-text-align-center\"> \u201cEssa can\u00e7\u00e3o nasceu de forma despretensiosa e leve, eu, Luan, Pedro e o Pvzin somos amigos, e em um dos nossos encontros, das nossas resenhas, come\u00e7amos a compor, e assim surgiu \u201cFalava Mal da Ro\u00e7a\u201d. Luan e eu concordamos que lan\u00e7ar\u00edamos com as nossas vozes, adoramos o resultado final\u201d, complementa Garcez.<\/p>\n\n\n\n<p class=\"has-text-align-center\"> \u201cFalava Mal da Ro\u00e7a\u201d ainda contou com a dire\u00e7\u00e3o de v\u00eddeo de Jaques Jr, produ\u00e7\u00e3o musical de Eduardo Godoy e produ\u00e7\u00e3o executiva de Dracena Music.<\/p>\n\n\n\n<p class=\"has-text-align-center\">Vale ressaltar que Rafael vive um momento de ascens\u00e3o na carreira, recentemente o artista foi confirmado como uma das atra\u00e7\u00f5es principais do cruzeiro das cantoras Maiara &amp; Mara\u00edsa.<\/p>\n\n\n\n<p class=\"has-text-align-center\"><strong>Mais sobre Rafael Garcez<\/strong><\/p>\n\n\n\n<p class=\"has-text-align-center\">Rafael Garcez, fen\u00f4meno das redes conhecido como &#8220;O Palha\u00e7o Cantor&#8221; nasceu no universo m\u00e1gico do circo. <\/p>\n\n\n\n<p class=\"has-text-align-center\">Desde cedo, se viu encantado pelo mundo dos palha\u00e7os e decidiu seguir essa carreira, tornando-se um palha\u00e7o de circo.<\/p>\n\n\n\n<p class=\"has-text-align-center\">Seu talento natural para entreter eram evidentes para todos que o assistiam. <\/p>\n\n\n\n<p class=\"has-text-align-center\">Durante a pandemia, Rafael descobriu uma nova paix\u00e3o: a m\u00fasica.<\/p>\n\n\n\n<p class=\"has-text-align-center\">Ele come\u00e7ou a compor e cantar, rapidamente percebeu que poderia unir seus dois mundos &#8211; o circo e a m\u00fasica. Assim surgiu a ideia do &#8220;palha\u00e7o cantor&#8221;, uma fus\u00e3o perfeita de suas paix\u00f5es e talentos.<\/p>\n\n\n\n<p class=\"has-text-align-center\"> Em uma ocasi\u00e3o, Rafael decidiu gravar um de seus n\u00fameros musicais e compartilha-lo na internet. <\/p>\n\n\n\n<p class=\"has-text-align-center\">O v\u00eddeo viralizou e ele rapidamente ganhou o t\u00edtulo de &#8220;Palha\u00e7o do TikTok&#8221;. <\/p>\n\n\n\n<p class=\"has-text-align-center\">Com mais de 2 milh\u00f5es de seguidores, Rafael come\u00e7ou a levar sua carreira musical ainda mais a s\u00e9rio, apresentando-se como &#8220;Rafael Garcez, o palha\u00e7o cantor\u201d.<\/p>\n\n\n\n<p class=\"has-text-align-center\">Em abril de 2024, Rafael Garcez grava um projeto audiovisual contendo 6 m\u00fasicas, onde 4 delas s\u00e3o m\u00fasicas in\u00e9ditas e 2 medleys de sucessos sertanejos. <\/p>\n\n\n\n<p class=\"has-text-align-center\">O lan\u00e7amento da primeira m\u00fasica do projeto foi um sucesso, a m\u00fasica &#8220;Grato e Ponto&#8221; segue com o \u00e1udio em alta no Instagram e no TikTok. <\/p>\n\n\n\n<p class=\"has-text-align-center\">A m\u00fasica alcan\u00e7ou o top 200 do Spotify e segue sendo trilha sonora de in\u00fameros v\u00eddeos criativos.<\/p>\n\n\n\n<p class=\"has-text-align-center\"><strong>Acompanhe Rafael Garcez nas redes sociais:<\/strong><br>Insta: @rafaelgarcezcantor<br>TikTok: : @rafaelgarcezcantor<br>Face: \/eurafaelgarcezcantor<\/p>\n","protected":false},"excerpt":{"rendered":"<p>A faixa \u201cFalava Mal da Ro\u00e7a\u201d chega ao p\u00fablico nesta sexta-feira, 06, e no clipe,&#8230;<\/p>\n","protected":false},"author":3,"featured_media":17050,"comment_status":"closed","ping_status":"open","sticky":false,"template":"","format":"standard","meta":{"om_disable_all_campaigns":false,"_monsterinsights_skip_tracking":false,"_monsterinsights_sitenote_active":false,"_monsterinsights_sitenote_note":"","_monsterinsights_sitenote_category":0,"spay_email":""},"categories":[1],"tags":[],"jetpack_featured_media_url":"https:\/\/vimagazine.com.br\/wp-content\/uploads\/2024\/12\/RAFAEL-GARCEZ-GABI-MARTINS-LUAN-PEREIRA-FALAVA-MAL-DA-ROCA-e1733568672200.jpg","_links":{"self":[{"href":"https:\/\/vimagazine.com.br\/index.php?rest_route=\/wp\/v2\/posts\/17049"}],"collection":[{"href":"https:\/\/vimagazine.com.br\/index.php?rest_route=\/wp\/v2\/posts"}],"about":[{"href":"https:\/\/vimagazine.com.br\/index.php?rest_route=\/wp\/v2\/types\/post"}],"author":[{"embeddable":true,"href":"https:\/\/vimagazine.com.br\/index.php?rest_route=\/wp\/v2\/users\/3"}],"replies":[{"embeddable":true,"href":"https:\/\/vimagazine.com.br\/index.php?rest_route=%2Fwp%2Fv2%2Fcomments&post=17049"}],"version-history":[{"count":1,"href":"https:\/\/vimagazine.com.br\/index.php?rest_route=\/wp\/v2\/posts\/17049\/revisions"}],"predecessor-version":[{"id":17051,"href":"https:\/\/vimagazine.com.br\/index.php?rest_route=\/wp\/v2\/posts\/17049\/revisions\/17051"}],"wp:featuredmedia":[{"embeddable":true,"href":"https:\/\/vimagazine.com.br\/index.php?rest_route=\/wp\/v2\/media\/17050"}],"wp:attachment":[{"href":"https:\/\/vimagazine.com.br\/index.php?rest_route=%2Fwp%2Fv2%2Fmedia&parent=17049"}],"wp:term":[{"taxonomy":"category","embeddable":true,"href":"https:\/\/vimagazine.com.br\/index.php?rest_route=%2Fwp%2Fv2%2Fcategories&post=17049"},{"taxonomy":"post_tag","embeddable":true,"href":"https:\/\/vimagazine.com.br\/index.php?rest_route=%2Fwp%2Fv2%2Ftags&post=17049"}],"curies":[{"name":"wp","href":"https:\/\/api.w.org\/{rel}","templated":true}]}}