{"id":17060,"date":"2024-12-07T08:07:14","date_gmt":"2024-12-07T11:07:14","guid":{"rendered":"https:\/\/vimagazine.com.br\/?p=17060"},"modified":"2024-12-07T08:07:16","modified_gmt":"2024-12-07T11:07:16","slug":"oficina-de-xadrez-gratuita-e-horario-estendido-marcam-o-fim-de-semana-no-garten-shopping-em-joinville","status":"publish","type":"post","link":"https:\/\/vimagazine.com.br\/?p=17060","title":{"rendered":"Oficina de Xadrez gratuita e hor\u00e1rio estendido marcam o fim de semana no Garten Shopping em Joinville"},"content":{"rendered":"\n<p><em>Neste s\u00e1bado, 7 de dezembro, divers\u00e3o e aprendizado com xadrez; domingo, 8, lojas abrem das 12h \u00e0s 20h para atender \u00e0s compras e lazer de fim de ano<\/em><\/p>\n\n\n\n<p>O\u00a0<a href=\"https:\/\/www.gartenshopping.com.br\/\" target=\"_blank\" rel=\"noreferrer noopener\">Garten Shopping<\/a>\u00a0se prepara para um fim de semana repleto de atra\u00e7\u00f5es e experi\u00eancias marcantes. No s\u00e1bado, 7 de dezembro, a Oficina de Xadrez gratuita em parceria com o N\u00facleo de Estudos em Xadrez e Tecnologia (Next) da Udesc Joinville acontece das 15h \u00e0s 20h na Pra\u00e7a de Alimenta\u00e7\u00e3o. <\/p>\n\n\n\n<p>No domingo, 8 de dezembro, o shopping funcionar\u00e1 em hor\u00e1rio especial, com as lojas abertas das 12h \u00e0s 20h, para atender \u00e0 demanda crescente do fim de ano com conforto e praticidade.<\/p>\n\n\n\n<p>A oficina de xadrez \u00e9 uma oportunidade \u00fanica de aprendizado e divers\u00e3o para todas as idades.<\/p>\n\n\n\n<p> Os participantes contar\u00e3o com instrutores especializados que compartilhar\u00e3o estrat\u00e9gias e desafios personalizados, transformando o jogo em uma ferramenta de desenvolvimento pessoal. <\/p>\n\n\n\n<p>Mais do que um jogo, o xadrez \u00e9 uma ferramenta poderosa para o desenvolvimento pessoal. <\/p>\n\n\n\n<p>Ele n\u00e3o s\u00f3 diverte, mas tamb\u00e9m fortalece habilidades cognitivas que s\u00e3o valiosas para o dia a dia.<\/p>\n\n\n\n<p><strong>\u00c1rvore dos Sonhos: Solidariedade e Esperan\u00e7a<\/strong><\/p>\n\n\n\n<p>O esp\u00edrito natalino no Garten Shopping vai al\u00e9m da decora\u00e7\u00e3o e das atra\u00e7\u00f5es: \u00e9 tamb\u00e9m um momento de solidariedade. <\/p>\n\n\n\n<p>A a\u00e7\u00e3o\u00a0<strong>&#8216;\u00c1rvore dos Sonhos&#8217;<\/strong>, promovida pelo Grupo Almeida Junior, convida os visitantes a doarem livros para crian\u00e7as em situa\u00e7\u00e3o de vulnerabilidade atendidas pelo Projeto Resgate em Joinville.<\/p>\n\n\n\n<p>A \u00e1rvore, localizada perto das Livrarias Curitiba, traz cart\u00f5es que indicam os livros desejados para cada crian\u00e7a. <\/p>\n\n\n\n<p>Os visitantes podem adquirir os t\u00edtulos na pr\u00f3pria livraria, com desconto de 15%. As doa\u00e7\u00f5es ser\u00e3o entregues na institui\u00e7\u00e3o at\u00e9 6 de janeiro, proporcionando momentos \u00fanicos de aprendizado e divers\u00e3o \u00e0s crian\u00e7as.<\/p>\n\n\n\n<p>\u201cCada livro doado \u00e9 uma hist\u00f3ria que come\u00e7a e um sonho que ganha asas.<\/p>\n\n\n\n<p> Participar dessa a\u00e7\u00e3o \u00e9 uma forma simples e significativa de transformar vidas\u201d, destaca Ari Vieira Junior, gerente de marketing do Garten Shopping.<\/p>\n\n\n\n<p><strong>Campanha de Natal: Sorteio de Carro H\u00edbrido<\/strong><\/p>\n\n\n\n<p>O clima natalino do Garten Shopping tamb\u00e9m oferece aos clientes a chance de ganhar um\u00a0<strong>carro h\u00edbrido BYD King<\/strong>\u00a0na tradicional Campanha de Natal. <\/p>\n\n\n\n<p>A cada R$300 em compras, os participantes recebem um N\u00famero da Sorte, e para quem utiliza o Cart\u00e3o SICOOB, as chances s\u00e3o triplicadas.<\/p>\n\n\n\n<p>A promo\u00e7\u00e3o segue integrando-se \u00e0 programa\u00e7\u00e3o de fim de ano do shopping, que inclui a decora\u00e7\u00e3o \u201cJardim Encantado\u201d, inspirada na tradi\u00e7\u00e3o de Joinville como Cidade das Flores, passeios de charrete e encontros com o Papai Noel .<\/p>\n\n\n\n<p><strong>Jardim Encantado: Uma Experi\u00eancia Multissensorial<\/strong><\/p>\n\n\n\n<p>Os visitantes podem explorar o Jardim Encantado por meio de passeios de charrete e fotos com o Papai Noel. Para participar, basta fazer o download do aplicativo\u00a0<a href=\"https:\/\/almeidajunior.com.br\/pt-br\/app-ajfans\/\" target=\"_blank\" rel=\"noreferrer noopener\"><strong>AJFans<\/strong><\/a>\u00a0e cadastrar-se.<\/p>\n\n\n\n<p>\u00a0Fotos com o Noel s\u00e3o de\u00a0segunda a s\u00e1bado, das 14h \u00e0s 22h e domingos, das 14h \u00e0s 20h.<\/p>\n\n\n\n<p>Para atender melhor os visitantes durante a temporada de fim de ano, o Garten Shopping opera com hor\u00e1rios ampliados:<\/p>\n\n\n\n<ul><li><strong>Domingos Especiais<\/strong>:<ul><li>08\/12: Lojas das 12h \u00e0s 20h.<\/li><li>15\/12: Lojas das 12h \u00e0s 21h.<\/li><li>22\/12: Lojas das 10h \u00e0s 22h.<\/li><\/ul><\/li><li><strong>Semana de Natal<\/strong>:<ul><li>De 16 a 23\/12: Funcionamento das 10h \u00e0s 22h.<\/li><li>24\/12: Lojas das 10h \u00e0s 16h;&nbsp;<\/li><li>25\/12: Shopping fechado.<\/li><\/ul><\/li><li><strong>Ano Novo<\/strong>:<ul><li>31\/12: Alimenta\u00e7\u00e3o, cinema e lazer das 10h \u00e0s 16h; lojas fechadas.<\/li><li>01\/01\/2025: Alimenta\u00e7\u00e3o, cinema e lazer das 10h \u00e0s 16h; lojas fechadas.<\/li><\/ul><\/li><\/ul>\n\n\n\n<p><strong>Carolina Winter<\/strong><\/p>\n\n\n\n<p><strong>Assessora de Imprensa Garten Shopping<br>Primeira Via Comunica\u00e7\u00e3o Integrada<\/strong><\/p>\n","protected":false},"excerpt":{"rendered":"<p>Neste s\u00e1bado, 7 de dezembro, divers\u00e3o e aprendizado com xadrez; domingo, 8, lojas abrem das&#8230;<\/p>\n","protected":false},"author":3,"featured_media":17061,"comment_status":"closed","ping_status":"open","sticky":false,"template":"","format":"standard","meta":{"om_disable_all_campaigns":false,"_monsterinsights_skip_tracking":false,"_monsterinsights_sitenote_active":false,"_monsterinsights_sitenote_note":"","_monsterinsights_sitenote_category":0,"spay_email":""},"categories":[1],"tags":[],"jetpack_featured_media_url":"https:\/\/vimagazine.com.br\/wp-content\/uploads\/2024\/12\/Chegada-Papai-Noel-Garten-e1733569519931.jpg","_links":{"self":[{"href":"https:\/\/vimagazine.com.br\/index.php?rest_route=\/wp\/v2\/posts\/17060"}],"collection":[{"href":"https:\/\/vimagazine.com.br\/index.php?rest_route=\/wp\/v2\/posts"}],"about":[{"href":"https:\/\/vimagazine.com.br\/index.php?rest_route=\/wp\/v2\/types\/post"}],"author":[{"embeddable":true,"href":"https:\/\/vimagazine.com.br\/index.php?rest_route=\/wp\/v2\/users\/3"}],"replies":[{"embeddable":true,"href":"https:\/\/vimagazine.com.br\/index.php?rest_route=%2Fwp%2Fv2%2Fcomments&post=17060"}],"version-history":[{"count":1,"href":"https:\/\/vimagazine.com.br\/index.php?rest_route=\/wp\/v2\/posts\/17060\/revisions"}],"predecessor-version":[{"id":17062,"href":"https:\/\/vimagazine.com.br\/index.php?rest_route=\/wp\/v2\/posts\/17060\/revisions\/17062"}],"wp:featuredmedia":[{"embeddable":true,"href":"https:\/\/vimagazine.com.br\/index.php?rest_route=\/wp\/v2\/media\/17061"}],"wp:attachment":[{"href":"https:\/\/vimagazine.com.br\/index.php?rest_route=%2Fwp%2Fv2%2Fmedia&parent=17060"}],"wp:term":[{"taxonomy":"category","embeddable":true,"href":"https:\/\/vimagazine.com.br\/index.php?rest_route=%2Fwp%2Fv2%2Fcategories&post=17060"},{"taxonomy":"post_tag","embeddable":true,"href":"https:\/\/vimagazine.com.br\/index.php?rest_route=%2Fwp%2Fv2%2Ftags&post=17060"}],"curies":[{"name":"wp","href":"https:\/\/api.w.org\/{rel}","templated":true}]}}