{"id":17063,"date":"2024-12-07T08:12:05","date_gmt":"2024-12-07T11:12:05","guid":{"rendered":"https:\/\/vimagazine.com.br\/?p=17063"},"modified":"2024-12-07T08:12:08","modified_gmt":"2024-12-07T11:12:08","slug":"jornada-academica-da-unisociesc-tem-palestras-abertas-a-comunidade","status":"publish","type":"post","link":"https:\/\/vimagazine.com.br\/?p=17063","title":{"rendered":"Jornada Acad\u00eamica da UniSociesc tem palestras abertas \u00e0 comunidade"},"content":{"rendered":"\n<p>Confira a programa\u00e7\u00e3o para esta quinta-feira (5\/12) a partir das 19 horas, nas unidades de Joinville, Blumenau, Jaragu\u00e1 do Sul e S\u00e3o Bento do Sul<\/p>\n\n\n\n<p>Com o objetivo de incentivar acad\u00eamicos e professores de todos os cursos da UniSociesc a apresentarem resultados de seus trabalhos e pesquisas, a Jornada Acad\u00eamica de Pesquisa, Extens\u00e3o e Integra\u00e7\u00e3o ocorre nas unidades de Blumenau, Jaragu\u00e1 do Sul, Joinville e S\u00e3o Bento do Sul durante esta semana.<\/p>\n\n\n\n<p>Desde segunda-feira est\u00e3o sendo realizadas exposi\u00e7\u00f5es de trabalhos cient\u00edficos, de extens\u00e3o e de pr\u00e1ticas de ensino.<\/p>\n\n\n\n<p> A ideia \u00e9 fomentar o debate acad\u00eamico, a troca de experi\u00eancias, a obten\u00e7\u00e3o de novos conhecimentos, complementando a forma\u00e7\u00e3o curricular e o incentivo \u00e0 pesquisa e extens\u00e3o universit\u00e1ria. <\/p>\n\n\n\n<p>Tamb\u00e9m \u00e9 uma forma de oportunizar a comunidade a ter acesso a estas informa\u00e7\u00f5es.<\/p>\n\n\n\n<p>Neste dia 5\/12, quinta-feira, a partir das 19 horas, uma s\u00e9rie de palestras abertas \u00e0 comunidade ser\u00e3o realizadas nas quatro unidades. <\/p>\n\n\n\n<p>Basta escolher o tema de interesse e fazer a inscri\u00e7\u00e3o, conforme programa\u00e7\u00e3o e links abaixo (em que est\u00e3o listadas apenas as palestras que ainda tem vagas para inscri\u00e7\u00f5es). <\/p>\n\n\n\n<p>Na sexta-feira haver\u00e1 eventos de premia\u00e7\u00e3o dos melhores trabalhos acad\u00eamicos em todas as unidades, a partir das 19 horas.<\/p>\n\n\n\n<p>Palestras abertas \u00e0 comunidade em Joinville<\/p>\n\n\n\n<p>Data: 5\/12<br>Como se inscrever: https:\/\/www.sympla.com.br\/evento\/jornada-academica-de-pesquisa-extensao-e-integracao-da-unisociesc\/2738003<br>Onde: Rua Gothard Kaesemodel, 833, bairro Anita Garibaldi, Joinville<br>Temas das palestras:<\/p>\n\n\n\n<ul><li>MoviLetrando (20h30)<\/li><li>Corpo em movimento: oficina de mobilidade e flexibilidade (19h)<\/li><li>Transformando cidades: o futuro do planejamento urbano de Joinville (20h)<\/li><li>Desvendando o processo digital: como submeter projetos na prefeitura de Joinville (19h)<\/li><li>Biomateriais sint\u00e9ticos (19h)<\/li><li>Vulnerabilidade infantil e papel da enfermagem (19h)<\/li><li>Jogos s\u00e9rios: Dance2Rehab (20h30)<\/li><li>Jogos s\u00e9rios: RepeTEA (20h30)<\/li><li>Jogos digitais como recurso para interven\u00e7\u00f5es para sa\u00fade f\u00edsica e mental (19h45)<\/li><li>IA e o direito digital: inova\u00e7\u00f5es e responsabilidades (20h30)<\/li><li>O papel do l\u00edder nas organiza\u00e7\u00f5es contempor\u00e2neas (19h)<\/li><\/ul>\n\n\n\n<p>Palestras abertas \u00e0 comunidade em Blumenau<\/p>\n\n\n\n<p>Data: 5\/12<br>Como se inscrever: https:\/\/www.sympla.com.br\/evento\/jornada-academica-de-pesquisa-extensao-e-integracao-da-unisociesc\/2738620<br>Onde: Rua Pandi\u00e1 Cal\u00f3geras, 272, bairro Jardim Blumenau, Blumenau<br>Temas das palestras:<\/p>\n\n\n\n<ul><li>IA: como potencializador da comunica\u00e7\u00e3o (19h)<\/li><li>Olhar interdisciplinar sobre direitos humanos (19h)<\/li><li>Libras: comunica\u00e7\u00e3o para todos (20h30)<\/li><li>Princ\u00edpios do comportamento canino e c\u00e3es (19h)<\/li><li>Tracionamento ortod\u00f4ntico com mini-implantes (19h)<\/li><li>Desafios e condutas cirurgia bucomaxilofacial (20h30)<\/li><li>Tend\u00eancias tecnol\u00f3gicas ventila\u00e7\u00e3o mec\u00e2nica (19h)<\/li><li>Desafios oftalmologia veterin\u00e1ria (20h30)<\/li><\/ul>\n\n\n\n<p>Palestras abertas \u00e0 comunidade em Jaragu\u00e1 do Sul<\/p>\n\n\n\n<p>Data: 5\/12<br>Como se inscrever: https:\/\/www.sympla.com.br\/evento\/jornada-academica-de-pesquisa-extensao-e-integracao-da-unisociesc\/2738657<br>Onde: avenida Get\u00falio Vargas, 268, Centro, Jaragu\u00e1 do Sul<br>Temas das palestras:<\/p>\n\n\n\n<ul><li>Negocia\u00e7\u00e3o Assertiva (19h)<\/li><li>Prepara\u00e7\u00e3o f\u00edsica e An\u00e1lise de desempenho de atletas do Jaragu\u00e1 Futsal (20h30)<\/li><li>Explorando a Gin\u00e1stica Ol\u00edmpica (19h)<\/li><li>Per\u00edcia: contribui\u00e7\u00f5es para justi\u00e7a e sa\u00fade p\u00fablica (19h)<\/li><li>Alinhando estilos de vida e h\u00e1bitos nos estudos (19h)<\/li><li>Autoestima e sucesso na carreira jur\u00eddica (19h)<\/li><li>Alta qualidade ambiental nas constru\u00e7\u00f5es brasileiras (19h)<\/li><li>A import\u00e2ncia da extens\u00e3o odontol\u00f3gica no SUS (19h)<\/li><li>Sa\u00fade p\u00fablica e o ensino: desafios e oportunidades (19h)<\/li><li>Papel do nutricionista na aten\u00e7\u00e3o b\u00e1sica (19h)<\/li><\/ul>\n\n\n\n<p>Palestras abertas \u00e0 comunidade em S\u00e3o Bento do Sul<\/p>\n\n\n\n<p>Data: 5\/12<br>Como se inscrever: https:\/\/www.sympla.com.br\/evento\/jornada-academica-de-pesquisa-extensao-e-integracao-da-unisociesc\/2737332<br>Onde: rua Dr. Hans Dieter Schmidt, 950, bairro Centen\u00e1rio, S\u00e3o Bento do Sul<br>Temas das palestras:<\/p>\n\n\n\n<ul><li>Fruticultura: fator de transforma\u00e7\u00e3o (19h)<\/li><li>Princ\u00edpios do comportamento canino (20h15)<\/li><li>Desafios, avan\u00e7os e perspectivas da Medicina Veterin\u00e1ria (19h)<\/li><li>Oficina pr\u00e1tica: reda\u00e7\u00e3o de pe\u00e7as processuais e escrita jur\u00eddica (19h)<\/li><li>Empreender na est\u00e9tica: desafio de construir um neg\u00f3cio de sucesso (19h)<\/li><li>Impacto do uso das telas para aprendizagem (19h)<\/li><li>Conduta terap\u00eautica na fisioterapia moderna (19h)<\/li><\/ul>\n","protected":false},"excerpt":{"rendered":"<p>Confira a programa\u00e7\u00e3o para esta quinta-feira (5\/12) a partir das 19 horas, nas unidades de&#8230;<\/p>\n","protected":false},"author":3,"featured_media":17064,"comment_status":"closed","ping_status":"open","sticky":false,"template":"","format":"standard","meta":{"om_disable_all_campaigns":false,"_monsterinsights_skip_tracking":false,"_monsterinsights_sitenote_active":false,"_monsterinsights_sitenote_note":"","_monsterinsights_sitenote_category":0,"spay_email":""},"categories":[1],"tags":[],"jetpack_featured_media_url":"https:\/\/vimagazine.com.br\/wp-content\/uploads\/2024\/12\/WhatsApp-Image-2024-12-04-at-17.55.33.jpeg","_links":{"self":[{"href":"https:\/\/vimagazine.com.br\/index.php?rest_route=\/wp\/v2\/posts\/17063"}],"collection":[{"href":"https:\/\/vimagazine.com.br\/index.php?rest_route=\/wp\/v2\/posts"}],"about":[{"href":"https:\/\/vimagazine.com.br\/index.php?rest_route=\/wp\/v2\/types\/post"}],"author":[{"embeddable":true,"href":"https:\/\/vimagazine.com.br\/index.php?rest_route=\/wp\/v2\/users\/3"}],"replies":[{"embeddable":true,"href":"https:\/\/vimagazine.com.br\/index.php?rest_route=%2Fwp%2Fv2%2Fcomments&post=17063"}],"version-history":[{"count":1,"href":"https:\/\/vimagazine.com.br\/index.php?rest_route=\/wp\/v2\/posts\/17063\/revisions"}],"predecessor-version":[{"id":17065,"href":"https:\/\/vimagazine.com.br\/index.php?rest_route=\/wp\/v2\/posts\/17063\/revisions\/17065"}],"wp:featuredmedia":[{"embeddable":true,"href":"https:\/\/vimagazine.com.br\/index.php?rest_route=\/wp\/v2\/media\/17064"}],"wp:attachment":[{"href":"https:\/\/vimagazine.com.br\/index.php?rest_route=%2Fwp%2Fv2%2Fmedia&parent=17063"}],"wp:term":[{"taxonomy":"category","embeddable":true,"href":"https:\/\/vimagazine.com.br\/index.php?rest_route=%2Fwp%2Fv2%2Fcategories&post=17063"},{"taxonomy":"post_tag","embeddable":true,"href":"https:\/\/vimagazine.com.br\/index.php?rest_route=%2Fwp%2Fv2%2Ftags&post=17063"}],"curies":[{"name":"wp","href":"https:\/\/api.w.org\/{rel}","templated":true}]}}