{"id":17067,"date":"2024-12-08T14:59:22","date_gmt":"2024-12-08T17:59:22","guid":{"rendered":"https:\/\/vimagazine.com.br\/?p=17067"},"modified":"2024-12-08T14:59:23","modified_gmt":"2024-12-08T17:59:23","slug":"desfile-inclusivo-celebra-a-diversidade-na-semana-de-valorizacao-da-pessoa-com-deficiencia","status":"publish","type":"post","link":"https:\/\/vimagazine.com.br\/?p=17067","title":{"rendered":"Desfile inclusivo celebra a diversidade na Semana de Valoriza\u00e7\u00e3o da Pessoa com Defici\u00eancia"},"content":{"rendered":"\n<p><\/p>\n\n\n\n<p><\/p>\n\n\n\n<p class=\"has-text-align-center has-medium-font-size\"><strong>Semana de Valoriza\u00e7\u00e3o da Pessoa com Defici\u00eancia: Kohll Beauty abra\u00e7a a diversidade no desfile de moda inclusivo da Casa de Criadores<\/strong><\/p>\n\n\n\n<p style=\"font-size:18px\"><em>Marca catarinense reafirma seu compromisso com a beleza acess\u00edvel e a valoriza\u00e7\u00e3o de todas as identidades<\/em><\/p>\n\n\n\n<p><\/p>\n\n\n\n<p><\/p>\n\n\n\n<p><\/p>\n\n\n\n<p>A Kohll Beauty, uma marca comprometida em levar beleza para todos, junta-se ao desfile de moda inclusiva na Casa de Criadores 2024, um evento que celebra a diversidade e a representatividade na moda. A apresenta\u00e7\u00e3o aconteceu na sexta-feira, 6, \u00e0s 18h, como parte da plataforma Collab Moda Inclusiva, que destaca a for\u00e7a transformadora da moda e sua capacidade de incluir e conectar pessoas.<\/p>\n\n\n\n<p>Reconhecida como o principal evento de moda autoral do Brasil, a Casa de Criadores se firma como palco de inova\u00e7\u00f5es que apontam para o futuro do setor. Idealizado por Daniela Auler, o desfile de moda inclusiva ganhou ainda mais destaque ao abra\u00e7ar a pluralidade de corpos, contemplando pessoas com defici\u00eancia, al\u00e9m de diferentes g\u00eaneros, etnias e faixas et\u00e1rias. Todos os modelos e jurados foram maquiados com produtos da Kohll Beauty, reafirmando o compromisso da marca com a valoriza\u00e7\u00e3o da diversidade e a democratiza\u00e7\u00e3o da beleza.<\/p>\n\n\n\n<p>A Collab Moda Inclusiva foi al\u00e9m da passarela. Estruturado como um concurso cultural, o projeto recebeu inscri\u00e7\u00f5es de estudantes, profissionais e entusiastas da moda inclusiva. Nesta edi\u00e7\u00e3o, foram selecionados os 20 melhores trabalhos, desafiando padr\u00f5es tradicionais e ampliando os conceitos de representa\u00e7\u00e3o. Cada pe\u00e7a foi desenvolvida para atender \u00e0s necessidades de diferentes corpos, promovendo autonomia, conforto e estilo para pessoas historicamente pouco representadas no universo da moda.<\/p>\n\n\n\n<p>&#8220;Participar de um evento como este \u00e9 uma grande alegria para n\u00f3s. Acreditamos que a beleza tem o poder de unir as pessoas e valorizar suas singularidades. Estar aqui \u00e9 uma forma de mostrar nosso respeito por cada hist\u00f3ria e apoiar iniciativas que realmente fazem a diferen\u00e7a,&#8221; afirma Hello Bertolini, CEO da Kohll Beauty.<\/p>\n\n\n\n<p>Os valores da Kohll Beauty est\u00e3o enraizados na ideia de que a beleza deve ser acess\u00edvel a todos. Seus produtos s\u00e3o desenvolvidos para atender \u00e0s mais diversas necessidades,&nbsp; e participa\u00e7\u00e3o em eventos como a Casa de Criadores reflete sua vis\u00e3o de um mercado de moda e beleza mais inclusivo e humano.&nbsp;<\/p>\n\n\n\n<p>Mais do que um desfile, este evento \u00e9 um convite \u00e0 reflex\u00e3o e \u00e0 conex\u00e3o. A moda assume aqui o papel de ferramenta para destacar o valor de cada indiv\u00edduo e criar espa\u00e7os mais acolhedores para todos. Al\u00e9m disso, a Collab Moda Inclusiva promove discuss\u00f5es relevantes sobre a cadeia produtiva da moda, incentivando ideias de vanguarda e contribuindo para uma sociedade mais equitativa.<\/p>\n\n\n\n<p>A participa\u00e7\u00e3o da Kohll Beauty neste evento ressalta a import\u00e2ncia de parcerias que v\u00e3o al\u00e9m do mercado tradicional, promovendo um impacto positivo por meio de valores como inclus\u00e3o e sustentabilidade. Eventos como este mostram que moda e beleza podem ser ferramentas poderosas de transforma\u00e7\u00e3o social, criando espa\u00e7os onde todos se sintam representados e valorizados.<\/p>\n\n\n\n<p><strong>Sobre a Kohll Beauty<\/strong><\/p>\n\n\n\n<p>A Kohll Beauty surgiu em 2021 desenvolvendo produtos de maquiagem e cuidados faciais de alta performance e tecnologia em ativos. Conhecida por sua linha de produtos blindados, que garantem longa fixa\u00e7\u00e3o e resist\u00eancia a atrito, suor, gordura, e l\u00e1grimas, a marca une o design e pesquisas na \u00e1rea. Atualmente \u00e9 comercializada no Brasil, Estados Unidos, Portugal e It\u00e1lia e representa a beleza brasileira e os profissionais de maquiagem do pa\u00eds.\u00a0<\/p>\n\n\n\n<p><\/p>\n\n\n\n<figure class=\"wp-container-2 wp-block-gallery-1 wp-block-gallery has-nested-images columns-default is-cropped\">\n<figure class=\"wp-block-image size-large\"><img width=\"853\" height=\"1280\" data-id=\"17068\"  src=\"https:\/\/vimagazine.com.br\/wp-content\/uploads\/2024\/12\/1e9192ab-2038-4740-ae7f-255b19c76872.jpg\" alt=\"\" class=\"wp-image-17068\" srcset=\"https:\/\/vimagazine.com.br\/wp-content\/uploads\/2024\/12\/1e9192ab-2038-4740-ae7f-255b19c76872.jpg 853w, https:\/\/vimagazine.com.br\/wp-content\/uploads\/2024\/12\/1e9192ab-2038-4740-ae7f-255b19c76872-200x300.jpg 200w, https:\/\/vimagazine.com.br\/wp-content\/uploads\/2024\/12\/1e9192ab-2038-4740-ae7f-255b19c76872-682x1024.jpg 682w, https:\/\/vimagazine.com.br\/wp-content\/uploads\/2024\/12\/1e9192ab-2038-4740-ae7f-255b19c76872-768x1152.jpg 768w\" sizes=\"(max-width: 853px) 100vw, 853px\" \/><\/figure>\n\n\n\n<figure class=\"wp-block-image size-large\"><img width=\"1280\" height=\"853\" data-id=\"17069\"  src=\"https:\/\/vimagazine.com.br\/wp-content\/uploads\/2024\/12\/76eb10f6-cfca-4856-8794-9c4e8eb905c7.jpg\" alt=\"\" class=\"wp-image-17069\" srcset=\"https:\/\/vimagazine.com.br\/wp-content\/uploads\/2024\/12\/76eb10f6-cfca-4856-8794-9c4e8eb905c7.jpg 1280w, https:\/\/vimagazine.com.br\/wp-content\/uploads\/2024\/12\/76eb10f6-cfca-4856-8794-9c4e8eb905c7-300x200.jpg 300w, https:\/\/vimagazine.com.br\/wp-content\/uploads\/2024\/12\/76eb10f6-cfca-4856-8794-9c4e8eb905c7-1024x682.jpg 1024w, https:\/\/vimagazine.com.br\/wp-content\/uploads\/2024\/12\/76eb10f6-cfca-4856-8794-9c4e8eb905c7-768x512.jpg 768w\" sizes=\"(max-width: 1280px) 100vw, 1280px\" \/><\/figure>\n<\/figure>\n\n\n\n<p><\/p>\n\n\n\n<p><\/p>\n\n\n\n<p><\/p>\n\n\n\n<p><\/p>\n\n\n\n<p><\/p>\n\n\n\n<p><\/p>\n","protected":false},"excerpt":{"rendered":"<p>Semana de Valoriza\u00e7\u00e3o da Pessoa com Defici\u00eancia: Kohll Beauty abra\u00e7a a diversidade no desfile de&#8230;<\/p>\n","protected":false},"author":1,"featured_media":17070,"comment_status":"closed","ping_status":"open","sticky":false,"template":"","format":"standard","meta":{"om_disable_all_campaigns":false,"_monsterinsights_skip_tracking":false,"_monsterinsights_sitenote_active":false,"_monsterinsights_sitenote_note":"","_monsterinsights_sitenote_category":0,"spay_email":""},"categories":[1],"tags":[],"jetpack_featured_media_url":"https:\/\/vimagazine.com.br\/wp-content\/uploads\/2024\/12\/3e63bf64-e2dd-45d4-bdc8-b63c83845f3a.jpg","_links":{"self":[{"href":"https:\/\/vimagazine.com.br\/index.php?rest_route=\/wp\/v2\/posts\/17067"}],"collection":[{"href":"https:\/\/vimagazine.com.br\/index.php?rest_route=\/wp\/v2\/posts"}],"about":[{"href":"https:\/\/vimagazine.com.br\/index.php?rest_route=\/wp\/v2\/types\/post"}],"author":[{"embeddable":true,"href":"https:\/\/vimagazine.com.br\/index.php?rest_route=\/wp\/v2\/users\/1"}],"replies":[{"embeddable":true,"href":"https:\/\/vimagazine.com.br\/index.php?rest_route=%2Fwp%2Fv2%2Fcomments&post=17067"}],"version-history":[{"count":1,"href":"https:\/\/vimagazine.com.br\/index.php?rest_route=\/wp\/v2\/posts\/17067\/revisions"}],"predecessor-version":[{"id":17071,"href":"https:\/\/vimagazine.com.br\/index.php?rest_route=\/wp\/v2\/posts\/17067\/revisions\/17071"}],"wp:featuredmedia":[{"embeddable":true,"href":"https:\/\/vimagazine.com.br\/index.php?rest_route=\/wp\/v2\/media\/17070"}],"wp:attachment":[{"href":"https:\/\/vimagazine.com.br\/index.php?rest_route=%2Fwp%2Fv2%2Fmedia&parent=17067"}],"wp:term":[{"taxonomy":"category","embeddable":true,"href":"https:\/\/vimagazine.com.br\/index.php?rest_route=%2Fwp%2Fv2%2Fcategories&post=17067"},{"taxonomy":"post_tag","embeddable":true,"href":"https:\/\/vimagazine.com.br\/index.php?rest_route=%2Fwp%2Fv2%2Ftags&post=17067"}],"curies":[{"name":"wp","href":"https:\/\/api.w.org\/{rel}","templated":true}]}}