{"id":17087,"date":"2024-12-09T21:02:18","date_gmt":"2024-12-10T00:02:18","guid":{"rendered":"https:\/\/vimagazine.com.br\/?p=17087"},"modified":"2024-12-09T21:13:26","modified_gmt":"2024-12-10T00:13:26","slug":"%ef%bf%bcfesta-de-lancamento-de-verao-de-hermes-inocencio-agitou-ipanema-no-final-de-semana","status":"publish","type":"post","link":"https:\/\/vimagazine.com.br\/?p=17087","title":{"rendered":"FESTA DE LAN\u00c7AMENTO VER\u00c3O 2025 DE HERMES INOC\u00caNCIO AGITOU IPANEMA NO FINAL DE SEMANA"},"content":{"rendered":"\n<p><\/p>\n\n\n\n<p><\/p>\n\n\n\n<p style=\"font-size:26px\"><strong>Estilista Hermes Inocencio lan\u00e7a sua cole\u00e7\u00e3o ver\u00e3o 2025 &#8220;FLORES DE FRIDA&#8217; com festa que fez tremer Ipanema no \u00faltimo s\u00e1bado<\/strong><\/p>\n\n\n\n<p><\/p>\n\n\n\n<p>&nbsp;Em um evento badalado que tomou conta de Ipanema, no ultimo final de semana, Hermes Inocencio lan\u00e7a sua cole\u00e7\u00e3o ver\u00e3o 2025 &#8220;FLORES DE FRIDA&#8221; inspirada na inesquec\u00edvel artista pl\u00e1stica e ativista mexicana &#8220;Frida Khalo&#8221;.&nbsp;<\/p>\n\n\n\n<p>Famosos abrilhantaram a festa anual de Hermes Inoc\u00eancia, que \u00e9 o &#8220;Queridinho dos Famosos,&#8221;&nbsp; e o ator Igor Mau\u00e9s, que vem atuando com sucesso na s\u00e9rie &#8220;Reis&#8221; da Record, interpretando o&nbsp;Sodomita &#8220;Baraka&#8221; \u00e9 o novo rosto da campanha.<\/p>\n\n\n\n<p>&nbsp;Ao som de m\u00fasicas eletr\u00f4nicas do&nbsp;DJ Waldo Lobo, o melhor Pop e Tribal&nbsp;fez tremer o bairro de Ipanema.  O buffet, sempre impec\u00e1vel, teve a assinatura de Roberto Moura e muito Prosecco e drinks sofisticados.<\/p>\n\n\n\n<p>A presen\u00e7a de convidados, imprensa e famosos como: Roberto Birindelli, Claudia Melo, Evelyn Montesano, Larissa Rodrigues, In\u00eas Galv\u00e3o, Yara Castanha, Kenny Alberti Marcus Tardin, Van Furlanetti, entre outros famosos&nbsp; do meio art\u00edstico marcaram o evento de lan\u00e7amento da cole\u00e7\u00e3o ver\u00e3o de Hermes Inoc\u00eancio, que sempre \u00e9 sucesso na apresenta\u00e7\u00e3o de suas cole\u00e7\u00f5es. <\/p>\n\n\n\n<p><\/p>\n\n\n\n<figure class=\"wp-container-2 wp-block-gallery-1 wp-block-gallery has-nested-images columns-default is-cropped\">\n<figure class=\"wp-block-image size-large\"><img width=\"1920\" height=\"1280\" data-id=\"17089\"  src=\"https:\/\/vimagazine.com.br\/wp-content\/uploads\/2024\/12\/atrizes-Kenny-Alberti-e-Claudia-Melo-entre-o-estilosta-Hermes-Inocencio.jpg\" alt=\"\" class=\"wp-image-17089\" srcset=\"https:\/\/vimagazine.com.br\/wp-content\/uploads\/2024\/12\/atrizes-Kenny-Alberti-e-Claudia-Melo-entre-o-estilosta-Hermes-Inocencio.jpg 1920w, https:\/\/vimagazine.com.br\/wp-content\/uploads\/2024\/12\/atrizes-Kenny-Alberti-e-Claudia-Melo-entre-o-estilosta-Hermes-Inocencio-300x200.jpg 300w, https:\/\/vimagazine.com.br\/wp-content\/uploads\/2024\/12\/atrizes-Kenny-Alberti-e-Claudia-Melo-entre-o-estilosta-Hermes-Inocencio-1024x683.jpg 1024w, https:\/\/vimagazine.com.br\/wp-content\/uploads\/2024\/12\/atrizes-Kenny-Alberti-e-Claudia-Melo-entre-o-estilosta-Hermes-Inocencio-768x512.jpg 768w, https:\/\/vimagazine.com.br\/wp-content\/uploads\/2024\/12\/atrizes-Kenny-Alberti-e-Claudia-Melo-entre-o-estilosta-Hermes-Inocencio-1536x1024.jpg 1536w\" sizes=\"(max-width: 1920px) 100vw, 1920px\" \/><\/figure>\n\n\n\n<figure class=\"wp-block-image size-large\"><img width=\"1920\" height=\"1280\" data-id=\"17090\"  src=\"https:\/\/vimagazine.com.br\/wp-content\/uploads\/2024\/12\/ator-Marcus-Tardin-atriz-Ines-Galvao-ator-Roberto-Birindell-iMERCEZ@RETINADOTEUOLHAR-144.jpg\" alt=\"\" class=\"wp-image-17090\" srcset=\"https:\/\/vimagazine.com.br\/wp-content\/uploads\/2024\/12\/ator-Marcus-Tardin-atriz-Ines-Galvao-ator-Roberto-Birindell-iMERCEZ@RETINADOTEUOLHAR-144.jpg 1920w, https:\/\/vimagazine.com.br\/wp-content\/uploads\/2024\/12\/ator-Marcus-Tardin-atriz-Ines-Galvao-ator-Roberto-Birindell-iMERCEZ@RETINADOTEUOLHAR-144-300x200.jpg 300w, https:\/\/vimagazine.com.br\/wp-content\/uploads\/2024\/12\/ator-Marcus-Tardin-atriz-Ines-Galvao-ator-Roberto-Birindell-iMERCEZ@RETINADOTEUOLHAR-144-1024x683.jpg 1024w, https:\/\/vimagazine.com.br\/wp-content\/uploads\/2024\/12\/ator-Marcus-Tardin-atriz-Ines-Galvao-ator-Roberto-Birindell-iMERCEZ@RETINADOTEUOLHAR-144-768x512.jpg 768w, https:\/\/vimagazine.com.br\/wp-content\/uploads\/2024\/12\/ator-Marcus-Tardin-atriz-Ines-Galvao-ator-Roberto-Birindell-iMERCEZ@RETINADOTEUOLHAR-144-1536x1024.jpg 1536w\" sizes=\"(max-width: 1920px) 100vw, 1920px\" \/><\/figure>\n\n\n\n<figure class=\"wp-block-image size-large\"><img width=\"1920\" height=\"1280\" data-id=\"17088\"  src=\"https:\/\/vimagazine.com.br\/wp-content\/uploads\/2024\/12\/Ator-Van-Furlanetti-e-Hermes-Inocencio-DSC_0013.jpg\" alt=\"\" class=\"wp-image-17088\" srcset=\"https:\/\/vimagazine.com.br\/wp-content\/uploads\/2024\/12\/Ator-Van-Furlanetti-e-Hermes-Inocencio-DSC_0013.jpg 1920w, https:\/\/vimagazine.com.br\/wp-content\/uploads\/2024\/12\/Ator-Van-Furlanetti-e-Hermes-Inocencio-DSC_0013-300x200.jpg 300w, https:\/\/vimagazine.com.br\/wp-content\/uploads\/2024\/12\/Ator-Van-Furlanetti-e-Hermes-Inocencio-DSC_0013-1024x683.jpg 1024w, https:\/\/vimagazine.com.br\/wp-content\/uploads\/2024\/12\/Ator-Van-Furlanetti-e-Hermes-Inocencio-DSC_0013-768x512.jpg 768w, https:\/\/vimagazine.com.br\/wp-content\/uploads\/2024\/12\/Ator-Van-Furlanetti-e-Hermes-Inocencio-DSC_0013-1536x1024.jpg 1536w\" sizes=\"(max-width: 1920px) 100vw, 1920px\" \/><\/figure>\n\n\n\n<figure class=\"wp-block-image size-large\"><img width=\"1920\" height=\"1280\" data-id=\"17091\"  src=\"https:\/\/vimagazine.com.br\/wp-content\/uploads\/2024\/12\/estilista-Hermes-Inocencio-Roberto-Birindelli-Claudia-Melo-Ator-Igor-Maues-e-atriz-Yara-Castanha-MERCEZ@RETINADOTEUOLHAR-207.jpg\" alt=\"\" class=\"wp-image-17091\" srcset=\"https:\/\/vimagazine.com.br\/wp-content\/uploads\/2024\/12\/estilista-Hermes-Inocencio-Roberto-Birindelli-Claudia-Melo-Ator-Igor-Maues-e-atriz-Yara-Castanha-MERCEZ@RETINADOTEUOLHAR-207.jpg 1920w, https:\/\/vimagazine.com.br\/wp-content\/uploads\/2024\/12\/estilista-Hermes-Inocencio-Roberto-Birindelli-Claudia-Melo-Ator-Igor-Maues-e-atriz-Yara-Castanha-MERCEZ@RETINADOTEUOLHAR-207-300x200.jpg 300w, https:\/\/vimagazine.com.br\/wp-content\/uploads\/2024\/12\/estilista-Hermes-Inocencio-Roberto-Birindelli-Claudia-Melo-Ator-Igor-Maues-e-atriz-Yara-Castanha-MERCEZ@RETINADOTEUOLHAR-207-1024x683.jpg 1024w, https:\/\/vimagazine.com.br\/wp-content\/uploads\/2024\/12\/estilista-Hermes-Inocencio-Roberto-Birindelli-Claudia-Melo-Ator-Igor-Maues-e-atriz-Yara-Castanha-MERCEZ@RETINADOTEUOLHAR-207-768x512.jpg 768w, https:\/\/vimagazine.com.br\/wp-content\/uploads\/2024\/12\/estilista-Hermes-Inocencio-Roberto-Birindelli-Claudia-Melo-Ator-Igor-Maues-e-atriz-Yara-Castanha-MERCEZ@RETINADOTEUOLHAR-207-1536x1024.jpg 1536w\" sizes=\"(max-width: 1920px) 100vw, 1920px\" \/><\/figure>\n\n\n\n<figure class=\"wp-block-image size-large\"><img width=\"1920\" height=\"1280\" data-id=\"17092\"  src=\"https:\/\/vimagazine.com.br\/wp-content\/uploads\/2024\/12\/ator-Roberto-Birindelli-atriz-Evelyn-Montezano-atriz-Yara-Castanha-e-ator-Marcus-TardinDSC_0158.jpg\" alt=\"\" class=\"wp-image-17092\" srcset=\"https:\/\/vimagazine.com.br\/wp-content\/uploads\/2024\/12\/ator-Roberto-Birindelli-atriz-Evelyn-Montezano-atriz-Yara-Castanha-e-ator-Marcus-TardinDSC_0158.jpg 1920w, https:\/\/vimagazine.com.br\/wp-content\/uploads\/2024\/12\/ator-Roberto-Birindelli-atriz-Evelyn-Montezano-atriz-Yara-Castanha-e-ator-Marcus-TardinDSC_0158-300x200.jpg 300w, https:\/\/vimagazine.com.br\/wp-content\/uploads\/2024\/12\/ator-Roberto-Birindelli-atriz-Evelyn-Montezano-atriz-Yara-Castanha-e-ator-Marcus-TardinDSC_0158-1024x683.jpg 1024w, https:\/\/vimagazine.com.br\/wp-content\/uploads\/2024\/12\/ator-Roberto-Birindelli-atriz-Evelyn-Montezano-atriz-Yara-Castanha-e-ator-Marcus-TardinDSC_0158-768x512.jpg 768w, https:\/\/vimagazine.com.br\/wp-content\/uploads\/2024\/12\/ator-Roberto-Birindelli-atriz-Evelyn-Montezano-atriz-Yara-Castanha-e-ator-Marcus-TardinDSC_0158-1536x1024.jpg 1536w\" sizes=\"(max-width: 1920px) 100vw, 1920px\" \/><\/figure>\n<\/figure>\n\n\n\n<p><\/p>\n\n\n\n<p><\/p>\n\n\n\n<p>Assessoria Hermes Inoc\u00eancio: Dg assessoria e Comunica\u00e7\u00e3o<\/p>\n\n\n\n<p>Fotos:&nbsp; Silas Marques \/ &nbsp;Bia M\u00earcez<\/p>\n","protected":false},"excerpt":{"rendered":"<p>Estilista Hermes Inocencio lan\u00e7a sua cole\u00e7\u00e3o ver\u00e3o 2025 &#8220;FLORES DE FRIDA&#8217; com festa que fez&#8230;<\/p>\n","protected":false},"author":1,"featured_media":17093,"comment_status":"closed","ping_status":"open","sticky":false,"template":"","format":"standard","meta":{"om_disable_all_campaigns":false,"_monsterinsights_skip_tracking":false,"_monsterinsights_sitenote_active":false,"_monsterinsights_sitenote_note":"","_monsterinsights_sitenote_category":0,"spay_email":""},"categories":[27],"tags":[],"jetpack_featured_media_url":"https:\/\/vimagazine.com.br\/wp-content\/uploads\/2024\/12\/Modelo-Ali-Sulman-Hermes-Inocencio-e-o-ator-Igor-Maues-MERCEZ@RETINADOTEUOLHAR-184.jpg","_links":{"self":[{"href":"https:\/\/vimagazine.com.br\/index.php?rest_route=\/wp\/v2\/posts\/17087"}],"collection":[{"href":"https:\/\/vimagazine.com.br\/index.php?rest_route=\/wp\/v2\/posts"}],"about":[{"href":"https:\/\/vimagazine.com.br\/index.php?rest_route=\/wp\/v2\/types\/post"}],"author":[{"embeddable":true,"href":"https:\/\/vimagazine.com.br\/index.php?rest_route=\/wp\/v2\/users\/1"}],"replies":[{"embeddable":true,"href":"https:\/\/vimagazine.com.br\/index.php?rest_route=%2Fwp%2Fv2%2Fcomments&post=17087"}],"version-history":[{"count":3,"href":"https:\/\/vimagazine.com.br\/index.php?rest_route=\/wp\/v2\/posts\/17087\/revisions"}],"predecessor-version":[{"id":17096,"href":"https:\/\/vimagazine.com.br\/index.php?rest_route=\/wp\/v2\/posts\/17087\/revisions\/17096"}],"wp:featuredmedia":[{"embeddable":true,"href":"https:\/\/vimagazine.com.br\/index.php?rest_route=\/wp\/v2\/media\/17093"}],"wp:attachment":[{"href":"https:\/\/vimagazine.com.br\/index.php?rest_route=%2Fwp%2Fv2%2Fmedia&parent=17087"}],"wp:term":[{"taxonomy":"category","embeddable":true,"href":"https:\/\/vimagazine.com.br\/index.php?rest_route=%2Fwp%2Fv2%2Fcategories&post=17087"},{"taxonomy":"post_tag","embeddable":true,"href":"https:\/\/vimagazine.com.br\/index.php?rest_route=%2Fwp%2Fv2%2Ftags&post=17087"}],"curies":[{"name":"wp","href":"https:\/\/api.w.org\/{rel}","templated":true}]}}