{"id":17114,"date":"2024-12-12T12:52:45","date_gmt":"2024-12-12T15:52:45","guid":{"rendered":"https:\/\/vimagazine.com.br\/?p=17114"},"modified":"2024-12-12T12:52:46","modified_gmt":"2024-12-12T15:52:46","slug":"claudia-metne-reune-empresarias-para-celebrar-o-natal","status":"publish","type":"post","link":"https:\/\/vimagazine.com.br\/?p=17114","title":{"rendered":"Claudia M\u00e9tne reune empres\u00e1rias para celebrar o Natal"},"content":{"rendered":"\n<figure class=\"wp-block-image aligncenter size-large is-resized\"><img src=\"https:\/\/vimagazine.com.br\/wp-content\/uploads\/2024\/12\/IMG-20241211-WA0029-768x1024.jpg\" alt=\"\" class=\"wp-image-17115\" width=\"544\" height=\"725\" srcset=\"https:\/\/vimagazine.com.br\/wp-content\/uploads\/2024\/12\/IMG-20241211-WA0029-768x1024.jpg 768w, https:\/\/vimagazine.com.br\/wp-content\/uploads\/2024\/12\/IMG-20241211-WA0029-225x300.jpg 225w, https:\/\/vimagazine.com.br\/wp-content\/uploads\/2024\/12\/IMG-20241211-WA0029-1152x1536.jpg 1152w, https:\/\/vimagazine.com.br\/wp-content\/uploads\/2024\/12\/IMG-20241211-WA0029-1024x1365.jpg 1024w, https:\/\/vimagazine.com.br\/wp-content\/uploads\/2024\/12\/IMG-20241211-WA0029.jpg 1200w\" sizes=\"(max-width: 544px) 100vw, 544px\" \/><\/figure>\n\n\n\n<figure class=\"wp-block-image aligncenter size-large is-resized\"><img src=\"https:\/\/vimagazine.com.br\/wp-content\/uploads\/2024\/12\/IMG-20241211-WA0110-461x1024.jpg\" alt=\"\" class=\"wp-image-17116\" width=\"383\" height=\"850\" srcset=\"https:\/\/vimagazine.com.br\/wp-content\/uploads\/2024\/12\/IMG-20241211-WA0110-461x1024.jpg 461w, https:\/\/vimagazine.com.br\/wp-content\/uploads\/2024\/12\/IMG-20241211-WA0110-135x300.jpg 135w, https:\/\/vimagazine.com.br\/wp-content\/uploads\/2024\/12\/IMG-20241211-WA0110-691x1536.jpg 691w, https:\/\/vimagazine.com.br\/wp-content\/uploads\/2024\/12\/IMG-20241211-WA0110.jpg 720w\" sizes=\"(max-width: 383px) 100vw, 383px\" \/><\/figure>\n\n\n\n<figure class=\"wp-block-image aligncenter size-large\"><img width=\"461\" height=\"1024\" src=\"https:\/\/vimagazine.com.br\/wp-content\/uploads\/2024\/12\/IMG-20241211-WA0116-461x1024.jpg\" alt=\"\" class=\"wp-image-17117\" srcset=\"https:\/\/vimagazine.com.br\/wp-content\/uploads\/2024\/12\/IMG-20241211-WA0116-461x1024.jpg 461w, https:\/\/vimagazine.com.br\/wp-content\/uploads\/2024\/12\/IMG-20241211-WA0116-135x300.jpg 135w, https:\/\/vimagazine.com.br\/wp-content\/uploads\/2024\/12\/IMG-20241211-WA0116-692x1536.jpg 692w, https:\/\/vimagazine.com.br\/wp-content\/uploads\/2024\/12\/IMG-20241211-WA0116.jpg 721w\" sizes=\"(max-width: 461px) 100vw, 461px\" \/><\/figure>\n\n\n\n<p>Como acontece todos os anos, Claudia Metne organizou mais uma edi\u00e7\u00e3o memor\u00e1vel do evento de Natal no Maxifour, com muito charme e alegria. Ao lado de amigas, parceiras e da primeira-dama do Estado de S\u00e3o Paulo, &nbsp;Regina Nunes, a celebra\u00e7\u00e3o deste ano foi marcada por momentos especiais e iniciativas solid\u00e1rias.<\/p>\n\n\n\n<p>O evento n\u00e3o apenas reuniu os amigos , mas tamb\u00e9m deu destaque \u00e0 ONG SOS Caramelo dos animais da qual Claudia \u00e9 embaixadora. Regina Nunes, al\u00e9m de ser uma presen\u00e7a ilustre, desempenha o papel de mentora da organiza\u00e7\u00e3o. A ONG, que recebe o apoio de figuras importantes , foi uma das grandes protagonistas da noite, com a divulga\u00e7\u00e3o de seu trabalho voltado \u00e0 prote\u00e7\u00e3o e bem-estar dos animais.<\/p>\n\n\n\n<p>A celebra\u00e7\u00e3o foi ainda mais animada com a troca de presentes do tradicional amigo secreto, proporcionando momentos de descontra\u00e7\u00e3o e confraterniza\u00e7\u00e3o entre todos os presentes. Para completar a noite, o evento contou com a participa\u00e7\u00e3o especial do cantor Pedro Lima do The Voice, que encantou os convidados com sua voz marcante.<\/p>\n\n\n\n<p>A CEO do Maxifour Sonia Kheir foi a grande anfitri\u00e3 da noite, recebendo todos os convidados com sua j\u00e1 famosa e deliciosa culin\u00e1ria libanesa. Os sabores aut\u00eanticos, preparados com carinho, tornaram o evento ainda mais especial, tornando a experi\u00eancia um verdadeiro banquete para os sentidos.<\/p>\n\n\n\n<p>Maxifour Restaurante \u00c1rabe&nbsp; Av. Moreira Guimar\u00e3es, 900 \u2013 Indian\u00f3polis, S\u00e3o Paulo<\/p>\n","protected":false},"excerpt":{"rendered":"<p>Como acontece todos os anos, Claudia Metne organizou mais uma edi\u00e7\u00e3o memor\u00e1vel do evento de&#8230;<\/p>\n","protected":false},"author":19,"featured_media":17118,"comment_status":"closed","ping_status":"open","sticky":false,"template":"","format":"standard","meta":{"om_disable_all_campaigns":false,"_monsterinsights_skip_tracking":false,"_monsterinsights_sitenote_active":false,"_monsterinsights_sitenote_note":"","_monsterinsights_sitenote_category":0,"spay_email":""},"categories":[1],"tags":[],"jetpack_featured_media_url":"https:\/\/vimagazine.com.br\/wp-content\/uploads\/2024\/12\/IMG-20241211-WA0146.jpg","_links":{"self":[{"href":"https:\/\/vimagazine.com.br\/index.php?rest_route=\/wp\/v2\/posts\/17114"}],"collection":[{"href":"https:\/\/vimagazine.com.br\/index.php?rest_route=\/wp\/v2\/posts"}],"about":[{"href":"https:\/\/vimagazine.com.br\/index.php?rest_route=\/wp\/v2\/types\/post"}],"author":[{"embeddable":true,"href":"https:\/\/vimagazine.com.br\/index.php?rest_route=\/wp\/v2\/users\/19"}],"replies":[{"embeddable":true,"href":"https:\/\/vimagazine.com.br\/index.php?rest_route=%2Fwp%2Fv2%2Fcomments&post=17114"}],"version-history":[{"count":1,"href":"https:\/\/vimagazine.com.br\/index.php?rest_route=\/wp\/v2\/posts\/17114\/revisions"}],"predecessor-version":[{"id":17119,"href":"https:\/\/vimagazine.com.br\/index.php?rest_route=\/wp\/v2\/posts\/17114\/revisions\/17119"}],"wp:featuredmedia":[{"embeddable":true,"href":"https:\/\/vimagazine.com.br\/index.php?rest_route=\/wp\/v2\/media\/17118"}],"wp:attachment":[{"href":"https:\/\/vimagazine.com.br\/index.php?rest_route=%2Fwp%2Fv2%2Fmedia&parent=17114"}],"wp:term":[{"taxonomy":"category","embeddable":true,"href":"https:\/\/vimagazine.com.br\/index.php?rest_route=%2Fwp%2Fv2%2Fcategories&post=17114"},{"taxonomy":"post_tag","embeddable":true,"href":"https:\/\/vimagazine.com.br\/index.php?rest_route=%2Fwp%2Fv2%2Ftags&post=17114"}],"curies":[{"name":"wp","href":"https:\/\/api.w.org\/{rel}","templated":true}]}}