{"id":17203,"date":"2024-12-17T12:53:37","date_gmt":"2024-12-17T15:53:37","guid":{"rendered":"https:\/\/vimagazine.com.br\/?p=17203"},"modified":"2024-12-17T12:53:37","modified_gmt":"2024-12-17T15:53:37","slug":"burnout-de-fim-de-ano-como-identificar-e-prevenir","status":"publish","type":"post","link":"https:\/\/vimagazine.com.br\/?p=17203","title":{"rendered":"Burnout de Fim de Ano: Como Identificar e Prevenir"},"content":{"rendered":"\n<p>Por: <em>F\u00e1tima Macedo, CEO da Mental Clean<\/em><\/p>\n\n\n\n<p>O fim do ano costuma ser uma \u00e9poca de grande agita\u00e7\u00e3o, marcada pela corrida para cumprir metas e atender a compromissos profissionais e pessoais. Essa sobrecarga pode desencadear o burnout, um estado de esgotamento f\u00edsico e emocional causado pelo estresse cr\u00f4nico relacionado ao trabalho. O impacto vai al\u00e9m da sa\u00fade mental, afetando a produtividade e a qualidade de vida.<\/p>\n\n\n\n<p>Uma pesquisa recente realizada em parceria com a Oceano revelou dados alarmantes: mais de 32% dos profissionais acreditam j\u00e1 ter enfrentado burnout, mas sem um diagn\u00f3stico m\u00e9dico. Outros 30,2% afirmaram n\u00e3o ter passado pelo problema, mas conhecem algu\u00e9m pr\u00f3ximo que enfrentou essa condi\u00e7\u00e3o. Entre aqueles com diagn\u00f3stico m\u00e9dico confirmado, o \u00edndice foi de 15,4%. Esses n\u00fameros mostram que o burnout est\u00e1 cada vez mais presente no ambiente de trabalho.<\/p>\n\n\n\n<p><strong>Principais Sinais de Burnout<\/strong><\/p>\n\n\n\n<p>Identificar os sintomas de burnout \u00e9 fundamental para agir rapidamente e evitar maiores complica\u00e7\u00f5es. Os sinais incluem:<\/p>\n\n\n\n<p>\u2022 Fadiga constante: sensa\u00e7\u00e3o de cansa\u00e7o extremo, mesmo ap\u00f3s per\u00edodos de descanso.<br>\u2022 Desmotiva\u00e7\u00e3o: perda de interesse por atividades antes consideradas importantes.<br>\u2022 Irritabilidade e ansiedade: rea\u00e7\u00f5es emocionais exageradas a pequenos problemas.<br>\u2022 Dificuldade de concentra\u00e7\u00e3o: problemas para focar e lembrar informa\u00e7\u00f5es importantes.<br>\u2022 Altera\u00e7\u00f5es no sono e apetite: ins\u00f4nia ou sono n\u00e3o reparador, al\u00e9m de mudan\u00e7as nos h\u00e1bitos alimentares.<br>\u2022 Sentimento de inefic\u00e1cia: sensa\u00e7\u00e3o de incapacidade para realizar tarefas, mesmo quando os resultados s\u00e3o positivos.<\/p>\n\n\n\n<p><strong>Como Prevenir o Burnout<\/strong><\/p>\n\n\n\n<p>Adotar medidas preventivas \u00e9 essencial para manter o equil\u00edbrio e a sa\u00fade mental. Aqui est\u00e3o algumas estrat\u00e9gias eficazes:<br>\u2022 Pratique exerc\u00edcios regularmente: combinados com uma alimenta\u00e7\u00e3o balanceada, ajudam a aumentar a disposi\u00e7\u00e3o.<br>\u2022 Priorize atividades prazerosas: inclua momentos para hobbies, leitura e medita\u00e7\u00e3o.<br>\u2022 Estabele\u00e7a limites entre trabalho e vida pessoal: respeite hor\u00e1rios e evite sobrecarga.<br>\u2022 Revise suas metas: garanta que sejam realistas e poss\u00edveis de alcan\u00e7ar.<br>\u2022 Busque apoio profissional: muitas empresas oferecem programas de sa\u00fade mental para seus colaboradores.<\/p>\n\n\n\n<p>Se o burnout j\u00e1 estiver afetando sua qualidade de vida, compartilhe suas preocupa\u00e7\u00f5es com pessoas de confian\u00e7a e considere o acompanhamento de um profissional de sa\u00fade mental. Prevenir o burnout \u00e9 poss\u00edvel com pequenas mudan\u00e7as di\u00e1rias e uma abordagem consciente, transformando o fim de ano em um per\u00edodo de renova\u00e7\u00e3o e equil\u00edbrio.<\/p>\n\n\n\n<p><strong>Sobre F\u00e1tima Macedo<\/strong><br>F\u00e1tima Macedo \u00e9 CEO da Mental Clean, psic\u00f3loga especializada em Psicologia da Sa\u00fade Ocupacional e Terapia Cognitivo-Comportamental. Com mais de 20 anos de atua\u00e7\u00e3o na \u00e1rea, \u00e9 membro fundadora do SAMPO \u2013 Ambulat\u00f3rio de Sa\u00fade Mental do Trabalhador \u2013 e do Conselho da ABQV. Foi homenageada no Pr\u00eamio Empreendedores do Ano 2025, na categoria Winning Woman.<\/p>\n\n\n\n<p><strong>Sobre a Mental Clean<\/strong><br>Fundada em 2004, a Mental Clean \u00e9 pioneira na aplica\u00e7\u00e3o da psicologia \u00e0 sa\u00fade ocupacional no Brasil. Com mais de 200 mil atendimentos realizados e uma rede de 1.600 profissionais de sa\u00fade credenciados, oferece programas abrangentes de bem-estar e apoio \u00e0 sa\u00fade mental, transformando a maneira como empresas cuidam de seus colaboradores.<\/p>\n","protected":false},"excerpt":{"rendered":"<p>Por: F\u00e1tima Macedo, CEO da Mental Clean O fim do ano costuma ser uma \u00e9poca&#8230;<\/p>\n","protected":false},"author":1,"featured_media":17204,"comment_status":"closed","ping_status":"open","sticky":false,"template":"","format":"standard","meta":{"om_disable_all_campaigns":false,"_monsterinsights_skip_tracking":false,"_monsterinsights_sitenote_active":false,"_monsterinsights_sitenote_note":"","_monsterinsights_sitenote_category":0,"spay_email":""},"categories":[27,75],"tags":[],"jetpack_featured_media_url":"https:\/\/vimagazine.com.br\/wp-content\/uploads\/2024\/12\/Fatima-Macedo-MC.jpg","_links":{"self":[{"href":"https:\/\/vimagazine.com.br\/index.php?rest_route=\/wp\/v2\/posts\/17203"}],"collection":[{"href":"https:\/\/vimagazine.com.br\/index.php?rest_route=\/wp\/v2\/posts"}],"about":[{"href":"https:\/\/vimagazine.com.br\/index.php?rest_route=\/wp\/v2\/types\/post"}],"author":[{"embeddable":true,"href":"https:\/\/vimagazine.com.br\/index.php?rest_route=\/wp\/v2\/users\/1"}],"replies":[{"embeddable":true,"href":"https:\/\/vimagazine.com.br\/index.php?rest_route=%2Fwp%2Fv2%2Fcomments&post=17203"}],"version-history":[{"count":1,"href":"https:\/\/vimagazine.com.br\/index.php?rest_route=\/wp\/v2\/posts\/17203\/revisions"}],"predecessor-version":[{"id":17205,"href":"https:\/\/vimagazine.com.br\/index.php?rest_route=\/wp\/v2\/posts\/17203\/revisions\/17205"}],"wp:featuredmedia":[{"embeddable":true,"href":"https:\/\/vimagazine.com.br\/index.php?rest_route=\/wp\/v2\/media\/17204"}],"wp:attachment":[{"href":"https:\/\/vimagazine.com.br\/index.php?rest_route=%2Fwp%2Fv2%2Fmedia&parent=17203"}],"wp:term":[{"taxonomy":"category","embeddable":true,"href":"https:\/\/vimagazine.com.br\/index.php?rest_route=%2Fwp%2Fv2%2Fcategories&post=17203"},{"taxonomy":"post_tag","embeddable":true,"href":"https:\/\/vimagazine.com.br\/index.php?rest_route=%2Fwp%2Fv2%2Ftags&post=17203"}],"curies":[{"name":"wp","href":"https:\/\/api.w.org\/{rel}","templated":true}]}}