{"id":17220,"date":"2024-12-18T08:33:55","date_gmt":"2024-12-18T11:33:55","guid":{"rendered":"https:\/\/vimagazine.com.br\/?p=17220"},"modified":"2024-12-18T08:33:56","modified_gmt":"2024-12-18T11:33:56","slug":"jose-augusto-e-alcione-na-via-music-hall","status":"publish","type":"post","link":"https:\/\/vimagazine.com.br\/?p=17220","title":{"rendered":"Jos\u00e9 Augusto e Alcione na Via Music Hall"},"content":{"rendered":"\n<p class=\"has-text-align-center\"><strong>No pr\u00f3ximo dia 27 de dezembro (6\u00aa feira), a Via Music Hall recebe dois gigantes da m\u00fasica popular brasileira, a \u201cMarrom\u201d Alcione e o cantor Jos\u00e9 Augusto, a partir das 21hs, em dois shows completos.<\/strong><\/p>\n\n\n\n<p class=\"has-text-align-center\">Com uma carreira marcada por grandes sucessos e uma voz inconfund\u00edvel, o cantor e compositor Jos\u00e9 Augusto, promete uma apresenta\u00e7\u00e3o repleta de mem\u00f3rias e emo\u00e7\u00f5es em uma noite \u00fanica, que ser\u00e1 eternizada atrav\u00e9s de suas m\u00fasicas.<\/p>\n\n\n\n<p class=\"has-text-align-center\">A nova turn\u00ea&nbsp;<strong>\u201cHist\u00f3rias em Can\u00e7\u00f5es \u2013 50 anos\u201d<\/strong>&nbsp;\u00e9 um projeto grandioso de celebra\u00e7\u00e3o e traz a dire\u00e7\u00e3o musical assinada por Jos\u00e9 Augusto, com os arranjos impec\u00e1veis de Ca\u00edque Rocha e dire\u00e7\u00e3o geral da LC Entretenimento.<\/p>\n\n\n\n<p class=\"has-text-align-center\">O cantor afirma n\u00e3o apenas relembrar os sucessos que marcaram sua trajet\u00f3ria, mas tamb\u00e9m trazer um toque especial ao apresentar m\u00fasicas que ele interpretou de outros artistas, bem como aquelas que foram eternizadas por int\u00e9rpretes que celebraram suas composi\u00e7\u00f5es.<\/p>\n\n\n\n<p class=\"has-text-align-center\">Com a experi\u00eancia do artista, ele garante no setlist, desde o sucesso \u201cChuvas de Ver\u00e3o\u201d at\u00e9 a emblem\u00e1tica \u201cEvid\u00eancias\u201d. <\/p>\n\n\n\n<p class=\"has-text-align-center\">Podemos destacar tamb\u00e9m as m\u00fasicas: Separa\u00e7\u00e3o, Indiferen\u00e7a, S\u00e1bado e Fantasias, transformando cada melodia e revelando hist\u00f3rias por tr\u00e1s de cada can\u00e7\u00e3o. Al\u00e9m dos sucessos consagrados, Jos\u00e9 Augusto tamb\u00e9m promete surpresas e novidades durante o show, com as can\u00e7\u00f5es: \u201cAinda Ontem Chorei de Saudade\u201d, composi\u00e7\u00e3o do amigo Moacir Franco, e \u201cTe Amo, Te Amo, Te Amo\u201d, sucesso de Roberto Carlos.<\/p>\n\n\n\n<p class=\"has-text-align-center\"><strong><u>Jos\u00e9 Augusto<\/u><\/strong><\/p>\n\n\n\n<p class=\"has-text-align-center\">Jos\u00e9 Augusto \u00e9 um cantor e compositor carioca, reconhecido por sua contribui\u00e7\u00e3o significativa \u00e0 m\u00fasica rom\u00e2ntica no Brasil e no exterior. <\/p>\n\n\n\n<p class=\"has-text-align-center\">Com uma carreira not\u00e1vel e uma legi\u00e3o de f\u00e3s, o artista continua encantando o p\u00fablico com sua voz envolvente e suas letras profundas.<\/p>\n\n\n\n<p class=\"has-text-align-center\"><strong>\u201cHist\u00f3rias em Can\u00e7\u00f5es &#8211; 50 anos\u201d<\/strong>\u00a0\u00e9 a mais recente express\u00e3o de sua paix\u00e3o pela m\u00fasica, em uma turn\u00ea que promete emocionar e inspirar.<\/p>\n\n\n\n<p class=\"has-text-align-center\"> Suas can\u00e7\u00f5es e sua presen\u00e7a cativante no palco fazem dele uma refer\u00eancia incontest\u00e1vel na m\u00fasica rom\u00e2ntica brasileira.<\/p>\n\n\n\n<p class=\"has-text-align-center\"><strong><u>Para saber mais acesse:<\/u><\/strong><\/p>\n\n\n\n<p class=\"has-text-align-center\">Site:&nbsp;<a href=\"http:\/\/www.joseaugusto.com.br\/\" target=\"_blank\" rel=\"noreferrer noopener\">www.joseaugusto.com.br<\/a><\/p>\n\n\n\n<p class=\"has-text-align-center\">Instagram &#8211;&nbsp;<a href=\"http:\/\/www.instagram.com\/joseaugustooficial\" target=\"_blank\" rel=\"noreferrer noopener\">www.instagram.com\/joseaugustooficial<\/a><\/p>\n\n\n\n<p class=\"has-text-align-center\">Youtube:&nbsp;<a href=\"http:\/\/www.youtube.com\/joseaugustooficial\" target=\"_blank\" rel=\"noreferrer noopener\">www.youtube.com\/joseaugustooficial<\/a><\/p>\n\n\n\n<p class=\"has-text-align-center\">Ao completar 50 anos de uma vitoriosa trajet\u00f3ria em 2022, Alcione prepara uma s\u00e9rie de eventos comemorativos com o prop\u00f3sito, exclusivo, de celebrar esse antol\u00f3gico meio s\u00e9culo de dedica\u00e7\u00e3o e amor \u00e0 M\u00fasica.\u00a0 <\/p>\n\n\n\n<figure class=\"wp-block-image aligncenter size-large\"><img width=\"1024\" height=\"683\" src=\"https:\/\/vimagazine.com.br\/wp-content\/uploads\/2024\/12\/WhatsApp-Image-2024-12-16-at-16.22.53-1024x683.jpeg\" alt=\"\" class=\"wp-image-17222\" srcset=\"https:\/\/vimagazine.com.br\/wp-content\/uploads\/2024\/12\/WhatsApp-Image-2024-12-16-at-16.22.53-1024x683.jpeg 1024w, https:\/\/vimagazine.com.br\/wp-content\/uploads\/2024\/12\/WhatsApp-Image-2024-12-16-at-16.22.53-300x200.jpeg 300w, https:\/\/vimagazine.com.br\/wp-content\/uploads\/2024\/12\/WhatsApp-Image-2024-12-16-at-16.22.53-768x512.jpeg 768w, https:\/\/vimagazine.com.br\/wp-content\/uploads\/2024\/12\/WhatsApp-Image-2024-12-16-at-16.22.53.jpeg 1440w\" sizes=\"(max-width: 1024px) 100vw, 1024px\" \/><\/figure>\n\n\n\n<p class=\"has-text-align-center\">Al\u00e9m das turn\u00eas pelo Brasil e exterior, que ser\u00e3o um revival de sua carreira, a artista gravou um projeto audiovisual no Theatro Municipal do Rio de Janeiro, com seus principais hits.<\/p>\n\n\n\n<p class=\"has-text-align-center\">Para resumir uma trajet\u00f3ria t\u00e3o longeva vale reafirmar que os dom\u00ednios da Marrom extrapolam fronteiras. A int\u00e9rprete j\u00e1 se apresentou pelos cinco continentes, em mais de 36 pa\u00edses, nos principais festivais e casas de espet\u00e1culos internacionais. Portugal, Espanha, Su\u00ed\u00e7a, Alemanha, Israel, Jap\u00e3o, Angola, Fran\u00e7a, Mo\u00e7ambique, Inglaterra, It\u00e1lia, Argentina, Chile, Uruguai, e at\u00e9 mesmo na antiga Uni\u00e3o Sovi\u00e9tica. <\/p>\n\n\n\n<p class=\"has-text-align-center\">E isso antes mesmo da Perestroika, da abertura, por pa\u00edses que s\u00e3o hoje a Litu\u00e2nia, Est\u00f4nia, Ucr\u00e2nia e R\u00fassia.<\/p>\n\n\n\n<p class=\"has-text-align-center\">A maranhense, criada ouvindo os grandes cantores da \u00e9poca, nacionais e internacionais, sempre transitou entre os variados g\u00eaneros e estilos musicais: samba, jazz, bolero, reggae, e can\u00e7\u00f5es rom\u00e2nticas. <\/p>\n\n\n\n<p class=\"has-text-align-center\">E apesar de ser tratada como sambista, adora gravar e interpretar o que lhe conv\u00e9m e emociona. <\/p>\n\n\n\n<p class=\"has-text-align-center\">E a galeria de hits \u00e9 imensur\u00e1vel: \u201cN\u00e3o Deixe o Samba Morrer\u201d (uma esp\u00e9cie de hino para os sambistas), \u201cO Surdo\u201d, \u201cSufoco\u201d, \u201cNem Morta\u201d, \u201cVoc\u00ea Me Vira a Cabe\u00e7a\u201d, \u201cA Loba\u201d, \u201cMeu \u00c9bano\u201d, \u201cMulher Ideal\u201d, \u201cGaroto Maroto\u201d, \u201cEstranha Loucura\u201d, dentre as dezenas de sucessos.<\/p>\n\n\n\n<p class=\"has-text-align-center\">Para tirar suas d\u00favidas, ou obter mais informa\u00e7\u00f5es sobre este evento, entre em contato com a Central de Atendimento da Via Music Hall atrav\u00e9s do WhatsApp (21) 97496-2052.<\/p>\n\n\n\n<p class=\"has-text-align-center\"><strong><u>Jos\u00e9 Augusto e Alcione na Via Music Hall<\/u><\/strong><\/p>\n\n\n\n<p class=\"has-text-align-center\">Local: Via Music Hall<\/p>\n\n\n\n<p class=\"has-text-align-center\">Dia:&nbsp; 27.12.2024 (Sexta)<\/p>\n\n\n\n<p class=\"has-text-align-center\">Hora: 21h abertura da casa &#8211; Primeiro show previsto para 23:00hs<\/p>\n\n\n\n<p class=\"has-text-align-center\">Endere\u00e7o: Rod. Pres. Dutra, 4200 \u2013 Parque Barreto, S\u00e3o Jo\u00e3o de Meriti \u2013 RJ<\/p>\n\n\n\n<p class=\"has-text-align-center\">Capacidade:&nbsp; 4.500 pessoas<\/p>\n\n\n\n<p class=\"has-text-align-center\">Faixa et\u00e1ria: 18 anos<\/p>\n\n\n\n<p class=\"has-text-align-center\">Pre\u00e7o:&nbsp; Ingressos a partir de R$40,00<\/p>\n\n\n\n<p class=\"has-text-align-center\">Mais informa\u00e7\u00f5es:&nbsp;&nbsp;<a href=\"http:\/\/www.viamusichall.com.br\/\" target=\"_blank\" rel=\"noreferrer noopener\">www.viamusichall.com.br<\/a><\/p>\n\n\n\n<p class=\"has-text-align-center\"><strong>Assessoria de Imprensa &#8211; Jos\u00e9 Augusto<\/strong><\/p>\n\n\n\n<p class=\"has-text-align-center\">Fernanda Lara Rocca &#8211; @FLRcomunica\u00e7\u00e3o<\/p>\n\n\n\n<p class=\"has-text-align-center\"><strong>Assessoria Via Music Hall<\/strong><\/p>\n\n\n\n<p class=\"has-text-align-center\">Celso Lima &#8211; @celsolima.imprensa&nbsp;&nbsp;<\/p>\n","protected":false},"excerpt":{"rendered":"<p>No pr\u00f3ximo dia 27 de dezembro (6\u00aa feira), a Via Music Hall recebe dois gigantes&#8230;<\/p>\n","protected":false},"author":3,"featured_media":17221,"comment_status":"closed","ping_status":"open","sticky":false,"template":"","format":"standard","meta":{"om_disable_all_campaigns":false,"_monsterinsights_skip_tracking":false,"_monsterinsights_sitenote_active":false,"_monsterinsights_sitenote_note":"","_monsterinsights_sitenote_category":0,"spay_email":""},"categories":[1],"tags":[],"jetpack_featured_media_url":"https:\/\/vimagazine.com.br\/wp-content\/uploads\/2024\/12\/1N8D4108-e1734521468680.jpg","_links":{"self":[{"href":"https:\/\/vimagazine.com.br\/index.php?rest_route=\/wp\/v2\/posts\/17220"}],"collection":[{"href":"https:\/\/vimagazine.com.br\/index.php?rest_route=\/wp\/v2\/posts"}],"about":[{"href":"https:\/\/vimagazine.com.br\/index.php?rest_route=\/wp\/v2\/types\/post"}],"author":[{"embeddable":true,"href":"https:\/\/vimagazine.com.br\/index.php?rest_route=\/wp\/v2\/users\/3"}],"replies":[{"embeddable":true,"href":"https:\/\/vimagazine.com.br\/index.php?rest_route=%2Fwp%2Fv2%2Fcomments&post=17220"}],"version-history":[{"count":1,"href":"https:\/\/vimagazine.com.br\/index.php?rest_route=\/wp\/v2\/posts\/17220\/revisions"}],"predecessor-version":[{"id":17223,"href":"https:\/\/vimagazine.com.br\/index.php?rest_route=\/wp\/v2\/posts\/17220\/revisions\/17223"}],"wp:featuredmedia":[{"embeddable":true,"href":"https:\/\/vimagazine.com.br\/index.php?rest_route=\/wp\/v2\/media\/17221"}],"wp:attachment":[{"href":"https:\/\/vimagazine.com.br\/index.php?rest_route=%2Fwp%2Fv2%2Fmedia&parent=17220"}],"wp:term":[{"taxonomy":"category","embeddable":true,"href":"https:\/\/vimagazine.com.br\/index.php?rest_route=%2Fwp%2Fv2%2Fcategories&post=17220"},{"taxonomy":"post_tag","embeddable":true,"href":"https:\/\/vimagazine.com.br\/index.php?rest_route=%2Fwp%2Fv2%2Ftags&post=17220"}],"curies":[{"name":"wp","href":"https:\/\/api.w.org\/{rel}","templated":true}]}}