{"id":17236,"date":"2024-12-18T15:23:19","date_gmt":"2024-12-18T18:23:19","guid":{"rendered":"https:\/\/vimagazine.com.br\/?p=17236"},"modified":"2024-12-18T15:23:21","modified_gmt":"2024-12-18T18:23:21","slug":"na-vibe-com-giu-cota-chico-bento-chega-as-telonas-em-09-de-janeiro-de-2025-debora-falabella-e-isac-amendoim-encantam-na-coletiva-de-a-goiabeira-maviosa-2","status":"publish","type":"post","link":"https:\/\/vimagazine.com.br\/?p=17236","title":{"rendered":"Na Vibe com Giu Cota: &#8220;Chico Bento Chega \u00e0s Telonas em 09 de janeiro de 2025: D\u00e9bora Falabella e Isac Amendoim Encantam na Coletiva de \u2018A Goiabeira Maviosa\u2019&#8221;"},"content":{"rendered":"\n<figure class=\"wp-block-image size-large\"><img width=\"1024\" height=\"576\" src=\"https:\/\/vimagazine.com.br\/wp-content\/uploads\/2024\/12\/debora-1024x576.jpg\" alt=\"\" class=\"wp-image-17228\" srcset=\"https:\/\/vimagazine.com.br\/wp-content\/uploads\/2024\/12\/debora-1024x576.jpg 1024w, https:\/\/vimagazine.com.br\/wp-content\/uploads\/2024\/12\/debora-300x169.jpg 300w, https:\/\/vimagazine.com.br\/wp-content\/uploads\/2024\/12\/debora-768x432.jpg 768w, https:\/\/vimagazine.com.br\/wp-content\/uploads\/2024\/12\/debora.jpg 1280w\" sizes=\"(max-width: 1024px) 100vw, 1024px\" \/><figcaption><strong><a href=\"https:\/\/www.instagram.com\/deborafalabellaoficial\/\">Debora Falabella<\/a><\/strong><\/figcaption><\/figure>\n\n\n\n<p>Quem entrou na vibe com Giu Cota foi o elenco de \u201c<strong><a href=\"https:\/\/www.instagram.com\/chicobentoofilme\/\">Chico Bento<\/a>&nbsp;e a goiabeira Maraviosa<\/strong>\u201d<\/p>\n\n\n\n<p>Na ultima segunda feira, (16\/12\/2024) aconteceu a coletiva de imprensa, do t\u00e3o aguardado filme&nbsp;<strong>\u201cChico Bento e a Goiabeira Maviosa\u201d<\/strong>, promovida pela&nbsp;<strong>Ana Miller<\/strong>&nbsp;da&nbsp;<strong><a href=\"https:\/\/www.instagram.com\/primeiroplanocom\/\">Primeiro Plano<\/a><\/strong>. O evento contou com a presen\u00e7a do elenco principal, incluindo&nbsp;<strong><a href=\"https:\/\/www.instagram.com\/oisaacamendoim\/\">Isac Amendoim<\/a><\/strong>, que interpreta Chico Bento, a renomada atriz&nbsp;<strong>D\u00e9bora Falabella<\/strong>&nbsp;e outros grandes talentos, al\u00e9m do diretor&nbsp;<strong><a href=\"https:\/\/www.instagram.com\/fernandofraiha\/\">Fernando Fraiha<\/a><\/strong>, da produtora&nbsp;<strong><em>Bi\u00f4nica Filmes<\/em><\/strong>.<\/p>\n\n\n\n<figure class=\"wp-container-2 wp-block-gallery-1 wp-block-gallery has-nested-images columns-default is-cropped\">\n<figure class=\"wp-block-image size-large\"><img width=\"1280\" height=\"853\" data-id=\"17229\"  src=\"https:\/\/vimagazine.com.br\/wp-content\/uploads\/2024\/12\/cerca.jpg\" alt=\"\" class=\"wp-image-17229\" srcset=\"https:\/\/vimagazine.com.br\/wp-content\/uploads\/2024\/12\/cerca.jpg 1280w, https:\/\/vimagazine.com.br\/wp-content\/uploads\/2024\/12\/cerca-300x200.jpg 300w, https:\/\/vimagazine.com.br\/wp-content\/uploads\/2024\/12\/cerca-1024x682.jpg 1024w, https:\/\/vimagazine.com.br\/wp-content\/uploads\/2024\/12\/cerca-768x512.jpg 768w\" sizes=\"(max-width: 1280px) 100vw, 1280px\" \/><figcaption>Foto: Fabio Braga<\/figcaption><\/figure>\n\n\n\n<figure class=\"wp-block-image size-large\"><img width=\"1280\" height=\"720\" data-id=\"17230\"  src=\"https:\/\/vimagazine.com.br\/wp-content\/uploads\/2024\/12\/chico.jpg\" alt=\"\" class=\"wp-image-17230\" srcset=\"https:\/\/vimagazine.com.br\/wp-content\/uploads\/2024\/12\/chico.jpg 1280w, https:\/\/vimagazine.com.br\/wp-content\/uploads\/2024\/12\/chico-300x169.jpg 300w, https:\/\/vimagazine.com.br\/wp-content\/uploads\/2024\/12\/chico-1024x576.jpg 1024w, https:\/\/vimagazine.com.br\/wp-content\/uploads\/2024\/12\/chico-768x432.jpg 768w\" sizes=\"(max-width: 1280px) 100vw, 1280px\" \/><figcaption>Isac Amendoim <\/figcaption><\/figure>\n\n\n\n<figure class=\"wp-block-image size-large\"><img width=\"1280\" height=\"720\" data-id=\"17231\"  src=\"https:\/\/vimagazine.com.br\/wp-content\/uploads\/2024\/12\/fernando.jpg\" alt=\"\" class=\"wp-image-17231\" srcset=\"https:\/\/vimagazine.com.br\/wp-content\/uploads\/2024\/12\/fernando.jpg 1280w, https:\/\/vimagazine.com.br\/wp-content\/uploads\/2024\/12\/fernando-300x169.jpg 300w, https:\/\/vimagazine.com.br\/wp-content\/uploads\/2024\/12\/fernando-1024x576.jpg 1024w, https:\/\/vimagazine.com.br\/wp-content\/uploads\/2024\/12\/fernando-768x432.jpg 768w\" sizes=\"(max-width: 1280px) 100vw, 1280px\" \/><figcaption>Diretor: Fernado Fraiha<\/figcaption><\/figure>\n<\/figure>\n\n\n\n<p>Com estreia marcada para o dia\u00a0<strong>9 de janeiro de 2025<\/strong>, o longa promete conquistar o p\u00fablico ao levar para as telas a ess\u00eancia das hist\u00f3rias criadas por\u00a0<strong>Mauricio de Sous<\/strong>a. No centro da trama,\u00a0<strong>Chico Ben<\/strong>to vive uma aventura cheia de emo\u00e7\u00e3o e aprendizado ao lado da m\u00edtica Goiabeira Maviosa, abordando temas como amizade, preserva\u00e7\u00e3o ambiental e a valoriza\u00e7\u00e3o da cultura do interior.<br>Durante a coletiva,\u00a0<strong>Fernando Fraiha<\/strong>\u00a0destacou o desafio e a alegria de dirigir uma adapta\u00e7\u00e3o t\u00e3o ic\u00f4nica: \u201c<strong>Trazer Chico Bento para o cinema foi uma responsabilidade imensa, mas tamb\u00e9m uma chance de explorar a simplicidade e a magia de um personagem t\u00e3o amado, com um olhar moderno, mas fiel \u00e0s origens.\u201d<\/strong><\/p>\n\n\n\n<figure class=\"wp-container-4 wp-block-gallery-3 wp-block-gallery has-nested-images columns-default is-cropped\">\n<figure class=\"wp-block-image size-large\"><img width=\"1280\" height=\"853\" data-id=\"17232\"  src=\"https:\/\/vimagazine.com.br\/wp-content\/uploads\/2024\/12\/professora.jpg\" alt=\"\" class=\"wp-image-17232\" srcset=\"https:\/\/vimagazine.com.br\/wp-content\/uploads\/2024\/12\/professora.jpg 1280w, https:\/\/vimagazine.com.br\/wp-content\/uploads\/2024\/12\/professora-300x200.jpg 300w, https:\/\/vimagazine.com.br\/wp-content\/uploads\/2024\/12\/professora-1024x682.jpg 1024w, https:\/\/vimagazine.com.br\/wp-content\/uploads\/2024\/12\/professora-768x512.jpg 768w\" sizes=\"(max-width: 1280px) 100vw, 1280px\" \/><figcaption>Foto: <a href=\"https:\/\/www.instagram.com\/fabio_braga.fotografo\/\" title=\"Fabio Braga\">Fabio Braga<\/a><\/figcaption><\/figure>\n\n\n\n<figure class=\"wp-block-image size-large\"><img width=\"1279\" height=\"949\" data-id=\"17233\"  src=\"https:\/\/vimagazine.com.br\/wp-content\/uploads\/2024\/12\/satudi.jpg\" alt=\"\" class=\"wp-image-17233\" srcset=\"https:\/\/vimagazine.com.br\/wp-content\/uploads\/2024\/12\/satudi.jpg 1279w, https:\/\/vimagazine.com.br\/wp-content\/uploads\/2024\/12\/satudi-300x223.jpg 300w, https:\/\/vimagazine.com.br\/wp-content\/uploads\/2024\/12\/satudi-1024x760.jpg 1024w, https:\/\/vimagazine.com.br\/wp-content\/uploads\/2024\/12\/satudi-768x570.jpg 768w\" sizes=\"(max-width: 1279px) 100vw, 1279px\" \/><figcaption>Foto: Nicolau Satudi<\/figcaption><\/figure>\n\n\n\n<figure class=\"wp-block-image size-large\"><img width=\"1280\" height=\"853\" data-id=\"17234\"  src=\"https:\/\/vimagazine.com.br\/wp-content\/uploads\/2024\/12\/escola.jpg\" alt=\"\" class=\"wp-image-17234\" srcset=\"https:\/\/vimagazine.com.br\/wp-content\/uploads\/2024\/12\/escola.jpg 1280w, https:\/\/vimagazine.com.br\/wp-content\/uploads\/2024\/12\/escola-300x200.jpg 300w, https:\/\/vimagazine.com.br\/wp-content\/uploads\/2024\/12\/escola-1024x682.jpg 1024w, https:\/\/vimagazine.com.br\/wp-content\/uploads\/2024\/12\/escola-768x512.jpg 768w\" sizes=\"(max-width: 1280px) 100vw, 1280px\" \/><figcaption>Foto: <a href=\"https:\/\/www.instagram.com\/fabio_braga.fotografo\/\" title=\"Fabio Braga\">Fabio Braga<\/a><\/figcaption><\/figure>\n<\/figure>\n\n\n\n<p>Os atores tamb\u00e9m compartilharam suas experi\u00eancias de filmagem, com&nbsp;<strong>Isac Amendoi<\/strong>m emocionando ao falar sobre sua identifica\u00e7\u00e3o com&nbsp;<strong>Chico Bento<\/strong>&nbsp;e&nbsp;<strong>D\u00e9bora Falabell<\/strong>a elogiando a profundidade da narrativa.<br>Com cen\u00e1rios deslumbrantes, uma trilha sonora marcante e o inconfund\u00edvel charme do universo de Mauricio de Sousa, \u201cChico Bento e a Goiabeira Maviosa\u201d promete ser um dos grandes destaques do cinema nacional em 2025. Anote na agenda: a estreia acontece no dia 9 de janeiro nos cinemas de todo o Brasil!<\/p>\n\n\n\n<p>Acompanhe sempre a minha coluna&nbsp;<strong>#NaVibeComGiuCota<\/strong>&nbsp;&nbsp;na&nbsp;<strong>#ViMagazine<\/strong>&nbsp;para mais conte\u00fados exclusivos! para dicas exclusivas e entrevistas que fazem a diferen\u00e7a na sua vida!<\/p>\n\n\n\n<h1>#GiuCota #Podcast #PodCota #RobertoAssessor #cinema #aventura #bionicafilmes #parisfilme #deborafalabella #fernandofraiha #isaacamendoim #chicobento #filmebrasileiro #parisfilmes #primeiroplano<\/h1>\n\n\n\n<p>Contato Assessoria Giu Cota:<\/p>\n\n\n\n<p><strong><a href=\"https:\/\/www.instagram.com\/robertoassessor?\">Roberto Rodrigues<\/a><\/strong><\/p>\n\n\n\n<p>Giu Cota<\/p>\n\n\n\n<p>Colunista Vi Magazine<\/p>\n\n\n\n<p>\u201cNa Vibe com Giu Cota\u201d<\/p>\n","protected":false},"excerpt":{"rendered":"<p>Quem entrou na vibe com Giu Cota foi o elenco de \u201cChico Bento&nbsp;e a goiabeira&#8230;<\/p>\n","protected":false},"author":37,"featured_media":0,"comment_status":"closed","ping_status":"open","sticky":false,"template":"","format":"standard","meta":{"om_disable_all_campaigns":false,"_monsterinsights_skip_tracking":false,"_monsterinsights_sitenote_active":false,"_monsterinsights_sitenote_note":"","_monsterinsights_sitenote_category":0,"spay_email":""},"categories":[1],"tags":[],"jetpack_featured_media_url":"","_links":{"self":[{"href":"https:\/\/vimagazine.com.br\/index.php?rest_route=\/wp\/v2\/posts\/17236"}],"collection":[{"href":"https:\/\/vimagazine.com.br\/index.php?rest_route=\/wp\/v2\/posts"}],"about":[{"href":"https:\/\/vimagazine.com.br\/index.php?rest_route=\/wp\/v2\/types\/post"}],"author":[{"embeddable":true,"href":"https:\/\/vimagazine.com.br\/index.php?rest_route=\/wp\/v2\/users\/37"}],"replies":[{"embeddable":true,"href":"https:\/\/vimagazine.com.br\/index.php?rest_route=%2Fwp%2Fv2%2Fcomments&post=17236"}],"version-history":[{"count":1,"href":"https:\/\/vimagazine.com.br\/index.php?rest_route=\/wp\/v2\/posts\/17236\/revisions"}],"predecessor-version":[{"id":17239,"href":"https:\/\/vimagazine.com.br\/index.php?rest_route=\/wp\/v2\/posts\/17236\/revisions\/17239"}],"wp:attachment":[{"href":"https:\/\/vimagazine.com.br\/index.php?rest_route=%2Fwp%2Fv2%2Fmedia&parent=17236"}],"wp:term":[{"taxonomy":"category","embeddable":true,"href":"https:\/\/vimagazine.com.br\/index.php?rest_route=%2Fwp%2Fv2%2Fcategories&post=17236"},{"taxonomy":"post_tag","embeddable":true,"href":"https:\/\/vimagazine.com.br\/index.php?rest_route=%2Fwp%2Fv2%2Ftags&post=17236"}],"curies":[{"name":"wp","href":"https:\/\/api.w.org\/{rel}","templated":true}]}}