{"id":17255,"date":"2024-12-20T13:10:33","date_gmt":"2024-12-20T16:10:33","guid":{"rendered":"https:\/\/vimagazine.com.br\/?p=17255"},"modified":"2024-12-20T13:10:35","modified_gmt":"2024-12-20T16:10:35","slug":"wendy-dantas-prestigia-a-final-do-reality-a-fazenda-da-rede-record-de-tv","status":"publish","type":"post","link":"https:\/\/vimagazine.com.br\/?p=17255","title":{"rendered":"<strong>Wendy Dantas prestigia a final do reality \u201cA Fazenda\u201d, da Rede Record de TV<\/strong>"},"content":{"rendered":"\n<p>A modelo e influenciadora digital Wendy Dantas marcou presen\u00e7a na grande final do reality show &#8220;A Fazenda&#8221;, da Rede Record de TV. Sobre o evento, ela declarou: &#8220;Ser convidada para um evento t\u00e3o significativo foi uma honra! A final de &#8216;A Fazenda&#8217; \u00e9 um programa que celebra talento e perseveran\u00e7a, reunindo pessoas em busca de seus sonhos. Fiquei emocionada por fazer parte disso.&#8221;<\/p>\n\n\n\n<p>Para Wendy, participar de eventos desse porte \u00e9 essencial para sua trajet\u00f3ria como influenciadora. &#8220;Eles ampliam minha rede de contatos e me permitem interagir com outros criadores, al\u00e9m de aprender com suas experi\u00eancias. \u00c9 uma oportunidade incr\u00edvel de crescimento pessoal e profissional, al\u00e9m de maior visibilidade&#8221;, destacou.<\/p>\n\n\n\n<p>A modelo tamb\u00e9m revelou o quanto ficou impressionada ao conhecer os participantes do programa. &#8220;Foi surpreendente! Admirei muito a dedica\u00e7\u00e3o e o esfor\u00e7o que cada um colocou na competi\u00e7\u00e3o. Foi emocionante testemunhar de perto a realiza\u00e7\u00e3o de um sonho t\u00e3o grande.&#8221;<\/p>\n\n\n\n<p>Wendy tamb\u00e9m comentou sobre a din\u00e2mica entre os competidores, que chamou sua aten\u00e7\u00e3o. &#8220;Cada participante trouxe sua pr\u00f3pria personalidade e estrat\u00e9gia, o que tornou o jogo ainda mais envolvente. \u00c9 fascinante observar como as rela\u00e7\u00f5es e alian\u00e7as se formam e se desfazem ao longo da competi\u00e7\u00e3o.&#8221;<\/p>\n\n\n\n<p>Ao ser questionada sobre seu participante favorito, Wendy n\u00e3o hesitou: &#8220;Meu favorito foi Sacha Bali, porque ele demonstrou uma combina\u00e7\u00e3o de autenticidade e resili\u00eancia. A maneira como enfrentou os desafios e interagiu com os outros participantes foi verdadeiramente inspiradora.&#8221;<\/p>\n\n\n\n<p>A influenciadora explicou ainda como incorporou a experi\u00eancia ao seu conte\u00fado digital: &#8220;Compartilhei reflex\u00f5es sobre estrat\u00e9gia e supera\u00e7\u00e3o nas redes sociais, publicando posts e stories sobre o evento. Foi uma oportunidade de destacar os aprendizados e as emo\u00e7\u00f5es que vivi ali.&#8221;<\/p>\n\n\n\n<p>Entre as li\u00e7\u00f5es que levou da experi\u00eancia, Wendy ressaltou a import\u00e2ncia da autenticidade: &#8220;Uma das maiores li\u00e7\u00f5es que aprendi \u00e9 ser fiel a quem voc\u00ea realmente \u00e9. A autenticidade \u00e9 essencial para se conectar com as pessoas e construir relacionamentos duradouros.&#8221;<\/p>\n\n\n\n<p>Por fim, Wendy compartilhou suas expectativas para 2025: &#8220;Minhas perspectivas s\u00e3o muito positivas! Tenho muitos projetos que finalmente sair\u00e3o do papel. Ser\u00e1 um ano pr\u00f3spero e marcante na minha vida pessoal e profissional. Quero expandir meu conte\u00fado, explorar novas parcerias e continuar inspirando e motivando meus seguidores. Estou ansiosa pelo futuro e espero que ele traga muitas conquistas. Quem sabe estarei pronta para um reality show no pr\u00f3ximo ano?&#8221; concluiu, com entusiasmo.<\/p>\n\n\n\n<p><strong><em>Redes sociais<\/em><\/strong><strong><\/strong><\/p>\n\n\n\n<p><strong>Instagram<\/strong>:&nbsp;<a href=\"https:\/\/www.instagram.com\/wendydantas_\/\">@wendydantas_<\/a>&nbsp;&nbsp;e no&nbsp;<strong>Threads<\/strong>&nbsp;&nbsp; <a href=\"https:\/\/www.threads.net\/@wendydantas_\">@wendydantas&nbsp;&nbsp;&nbsp;&nbsp;&nbsp;&nbsp;&nbsp;&nbsp;&nbsp;&nbsp;&nbsp;&nbsp; <\/a>&nbsp;<\/p>\n\n\n\n<p><strong>TikTok<\/strong>&nbsp;<a href=\"https:\/\/www.tiktok.com\/@wendydantass_\">@wendydantass_<\/a>,&nbsp;&nbsp;<strong>Facebook&nbsp;<\/strong>&nbsp;<a href=\"https:\/\/www.facebook.com\/WENDYDANTAS16\">Wendy Dantas<\/a><strong><em><\/em><\/strong><\/p>\n","protected":false},"excerpt":{"rendered":"<p>A modelo e influenciadora digital Wendy Dantas marcou presen\u00e7a na grande final do reality show&#8230;<\/p>\n","protected":false},"author":2,"featured_media":17256,"comment_status":"closed","ping_status":"open","sticky":false,"template":"","format":"standard","meta":{"om_disable_all_campaigns":false,"_monsterinsights_skip_tracking":false,"_monsterinsights_sitenote_active":false,"_monsterinsights_sitenote_note":"","_monsterinsights_sitenote_category":0,"spay_email":""},"categories":[27,26],"tags":[997,736],"jetpack_featured_media_url":"https:\/\/vimagazine.com.br\/wp-content\/uploads\/2024\/12\/57d58ad3-2ea3-46d6-a00c-28bb11139121.jpg","_links":{"self":[{"href":"https:\/\/vimagazine.com.br\/index.php?rest_route=\/wp\/v2\/posts\/17255"}],"collection":[{"href":"https:\/\/vimagazine.com.br\/index.php?rest_route=\/wp\/v2\/posts"}],"about":[{"href":"https:\/\/vimagazine.com.br\/index.php?rest_route=\/wp\/v2\/types\/post"}],"author":[{"embeddable":true,"href":"https:\/\/vimagazine.com.br\/index.php?rest_route=\/wp\/v2\/users\/2"}],"replies":[{"embeddable":true,"href":"https:\/\/vimagazine.com.br\/index.php?rest_route=%2Fwp%2Fv2%2Fcomments&post=17255"}],"version-history":[{"count":1,"href":"https:\/\/vimagazine.com.br\/index.php?rest_route=\/wp\/v2\/posts\/17255\/revisions"}],"predecessor-version":[{"id":17257,"href":"https:\/\/vimagazine.com.br\/index.php?rest_route=\/wp\/v2\/posts\/17255\/revisions\/17257"}],"wp:featuredmedia":[{"embeddable":true,"href":"https:\/\/vimagazine.com.br\/index.php?rest_route=\/wp\/v2\/media\/17256"}],"wp:attachment":[{"href":"https:\/\/vimagazine.com.br\/index.php?rest_route=%2Fwp%2Fv2%2Fmedia&parent=17255"}],"wp:term":[{"taxonomy":"category","embeddable":true,"href":"https:\/\/vimagazine.com.br\/index.php?rest_route=%2Fwp%2Fv2%2Fcategories&post=17255"},{"taxonomy":"post_tag","embeddable":true,"href":"https:\/\/vimagazine.com.br\/index.php?rest_route=%2Fwp%2Fv2%2Ftags&post=17255"}],"curies":[{"name":"wp","href":"https:\/\/api.w.org\/{rel}","templated":true}]}}