{"id":17272,"date":"2024-12-26T12:59:07","date_gmt":"2024-12-26T15:59:07","guid":{"rendered":"https:\/\/vimagazine.com.br\/?p=17272"},"modified":"2024-12-26T13:00:45","modified_gmt":"2024-12-26T16:00:45","slug":"marcos-pereira-e-premiado-como-personalidade-executiva-de-honra-e-excelencia-2024-em-sao-paulo","status":"publish","type":"post","link":"https:\/\/vimagazine.com.br\/?p=17272","title":{"rendered":"Marcos Pereira \u00e9 premiado como Personalidade Executiva de Honra e Excel\u00eancia 2024 em S\u00e3o Paulo"},"content":{"rendered":"\n<p><\/p>\n\n\n\n<p>O apresentador Marcos Pereira, natural de Joinville, conquistou o prestigiado t\u00edtulo de Personalidade Executiva de Honra e Excel\u00eancia 2024, concedido pela renomada Elite Academy. O reconhecimento foi oficializado durante uma glamourosa Noite de Gala, realizada em Alphaville, S\u00e3o Paulo, reunindo mais de 150 grandes personalidades do mundo executivo.<\/p>\n\n\n\n<p>A cerim\u00f4nia, que simboliza o auge da excel\u00eancia profissional e lideran\u00e7a no cen\u00e1rio empresarial, destacou o jornalista pelo seu trabalho inspirador e pela influ\u00eancia positiva exercida em sua trajet\u00f3ria como comunicador, mentor e palestrante. A escolha para o t\u00edtulo foi fundamentada na habilidade do apresentador em transitar com excel\u00eancia entre o universo da comunica\u00e7\u00e3o e o mundo corporativo.<\/p>\n\n\n\n<p>&#8220;Receber esse t\u00edtulo \u00e9 uma honra. \u00c9 a valida\u00e7\u00e3o de que dedica\u00e7\u00e3o, autenticidade e comprometimento com a excel\u00eancia s\u00e3o caminhos que levam ao reconhecimento, em qualquer \u00e1rea ou setor&#8221;, destacou Marcos.<\/p>\n\n\n\n<p>Ap\u00f3s receber a premia\u00e7\u00e3o, Marcos adiantou que seguir\u00e1 empenhado em projetos que combinem comunica\u00e7\u00e3o, lideran\u00e7a e transforma\u00e7\u00e3o social.<\/p>\n\n\n\n<p>&#8220;Este pr\u00eamio \u00e9 um incentivo para continuar buscando o melhor e, ao mesmo tempo, ser um agente de transforma\u00e7\u00e3o na vida de outras pessoas. &#8220;, concluiu.<\/p>\n\n\n\n<p>Atualmente o jornalista atua como \u00e2ncora e coordenador de jornalismo na Jovem Pan Joinville.<\/p>\n\n\n\n<p><\/p>\n\n\n\n<figure class=\"wp-block-image size-large\"><img width=\"1024\" height=\"683\" src=\"https:\/\/vimagazine.com.br\/wp-content\/uploads\/2024\/12\/WhatsApp-Image-2024-12-26-at-12.28.29-1024x683.jpeg\" alt=\"\" class=\"wp-image-17273\" srcset=\"https:\/\/vimagazine.com.br\/wp-content\/uploads\/2024\/12\/WhatsApp-Image-2024-12-26-at-12.28.29-1024x683.jpeg 1024w, https:\/\/vimagazine.com.br\/wp-content\/uploads\/2024\/12\/WhatsApp-Image-2024-12-26-at-12.28.29-300x200.jpeg 300w, https:\/\/vimagazine.com.br\/wp-content\/uploads\/2024\/12\/WhatsApp-Image-2024-12-26-at-12.28.29-768x512.jpeg 768w, https:\/\/vimagazine.com.br\/wp-content\/uploads\/2024\/12\/WhatsApp-Image-2024-12-26-at-12.28.29-1536x1024.jpeg 1536w, https:\/\/vimagazine.com.br\/wp-content\/uploads\/2024\/12\/WhatsApp-Image-2024-12-26-at-12.28.29.jpeg 1920w\" sizes=\"(max-width: 1024px) 100vw, 1024px\" \/><\/figure>\n\n\n\n<p><\/p>\n\n\n\n<p><\/p>\n\n\n\n<p>Sobre a Elite Academy<br>Reconhecida por homenagear profissionais que se destacam por sua lideran\u00e7a, compet\u00eancia e contribui\u00e7\u00f5es significativas ao mercado, a Elite Academy promove anualmente premia\u00e7\u00f5es para exaltar os nomes mais relevantes em suas \u00e1reas de atua\u00e7\u00e3o em todo o pa\u00eds.<\/p>\n\n\n\n<p><\/p>\n\n\n\n<p>Fotos: Divulga\u00e7\u00e3o<\/p>\n","protected":false},"excerpt":{"rendered":"<p>O apresentador Marcos Pereira, natural de Joinville, conquistou o prestigiado t\u00edtulo de Personalidade Executiva de&#8230;<\/p>\n","protected":false},"author":1,"featured_media":17277,"comment_status":"closed","ping_status":"open","sticky":false,"template":"","format":"standard","meta":{"om_disable_all_campaigns":false,"_monsterinsights_skip_tracking":false,"_monsterinsights_sitenote_active":false,"_monsterinsights_sitenote_note":"","_monsterinsights_sitenote_category":0,"spay_email":""},"categories":[26],"tags":[],"jetpack_featured_media_url":"https:\/\/vimagazine.com.br\/wp-content\/uploads\/2024\/12\/WhatsApp-Image-2024-12-26-at-12.28.30-1.jpeg","_links":{"self":[{"href":"https:\/\/vimagazine.com.br\/index.php?rest_route=\/wp\/v2\/posts\/17272"}],"collection":[{"href":"https:\/\/vimagazine.com.br\/index.php?rest_route=\/wp\/v2\/posts"}],"about":[{"href":"https:\/\/vimagazine.com.br\/index.php?rest_route=\/wp\/v2\/types\/post"}],"author":[{"embeddable":true,"href":"https:\/\/vimagazine.com.br\/index.php?rest_route=\/wp\/v2\/users\/1"}],"replies":[{"embeddable":true,"href":"https:\/\/vimagazine.com.br\/index.php?rest_route=%2Fwp%2Fv2%2Fcomments&post=17272"}],"version-history":[{"count":1,"href":"https:\/\/vimagazine.com.br\/index.php?rest_route=\/wp\/v2\/posts\/17272\/revisions"}],"predecessor-version":[{"id":17275,"href":"https:\/\/vimagazine.com.br\/index.php?rest_route=\/wp\/v2\/posts\/17272\/revisions\/17275"}],"wp:featuredmedia":[{"embeddable":true,"href":"https:\/\/vimagazine.com.br\/index.php?rest_route=\/wp\/v2\/media\/17277"}],"wp:attachment":[{"href":"https:\/\/vimagazine.com.br\/index.php?rest_route=%2Fwp%2Fv2%2Fmedia&parent=17272"}],"wp:term":[{"taxonomy":"category","embeddable":true,"href":"https:\/\/vimagazine.com.br\/index.php?rest_route=%2Fwp%2Fv2%2Fcategories&post=17272"},{"taxonomy":"post_tag","embeddable":true,"href":"https:\/\/vimagazine.com.br\/index.php?rest_route=%2Fwp%2Fv2%2Ftags&post=17272"}],"curies":[{"name":"wp","href":"https:\/\/api.w.org\/{rel}","templated":true}]}}