{"id":17284,"date":"2024-12-30T16:06:08","date_gmt":"2024-12-30T19:06:08","guid":{"rendered":"https:\/\/vimagazine.com.br\/?p=17284"},"modified":"2025-01-02T15:22:27","modified_gmt":"2025-01-02T18:22:27","slug":"enquanto-ha-tempo-um-convite-a-reflexao-sobre-o-valor-da-vida","status":"publish","type":"post","link":"https:\/\/vimagazine.com.br\/?p=17284","title":{"rendered":"Enquanto H\u00e1 Tempo: Um Convite \u00e0 Reflex\u00e3o Sobre o Valor da Vida"},"content":{"rendered":"\n<div class=\"wp-container-1 is-vertical wp-block-group\">\n<p><\/p>\n\n\n\n<p>H\u00e1 algo profundamente desconcertante na forma como o ser humano se relaciona com o tempo, os afetos e a pr\u00f3pria exist\u00eancia alheia. A observa\u00e7\u00e3o contida na afirma\u00e7\u00e3o acima n\u00e3o apenas nos faz pensar, mas nos confronta. Ela nos coloca diante de um espelho que revela nossas contradi\u00e7\u00f5es, nossa hipocrisia velada, e, sobretudo, nossa falta de conex\u00e3o genu\u00edna com a vida em si.&nbsp;<\/p>\n\n\n\n<p>Por que valorizamos tanto o ser humano apenas na aus\u00eancia? Por que as flores mais belas s\u00e3o destinadas aos mortos, enquanto os vivos, muitas vezes, recebem o espinho das nossas palavras, a neglig\u00eancia dos nossos gestos e o peso do nosso sil\u00eancio?&nbsp;<\/p>\n\n\n\n<p>Vivemos em um tempo de pressa, de distra\u00e7\u00f5es intermin\u00e1veis, de cronogramas que nunca t\u00eam espa\u00e7o para o essencial. Priorizar o que \u00e9 humano se tornou quase um luxo; um ato que, na pressa do dia a dia, relegamos ao \u201cdepois\u201d. O problema \u00e9 que o \u201cdepois\u201d tem um h\u00e1bito cruel de se transformar no \u201cnunca\u201d.&nbsp;<\/p>\n\n\n\n<p>Brigamos com aqueles que amamos, nos afastamos daqueles que nos importam, e acreditamos, ingenuamente, que haver\u00e1 tempo para consertar as coisas. Mas a vida, sempre imprevis\u00edvel, nem sempre oferece a chance de reparar os la\u00e7os que deixamos arrebentar. Quando a morte chega \u2014 e ela sempre chega \u2014, nos deparamos com a aus\u00eancia irrevers\u00edvel. \u00c9 nesse momento que choramos, nos desculpamos em sil\u00eancio e oferecemos tributos p\u00f3stumos que, se fossem dados em vida, teriam talvez transformado o curso das coisas.&nbsp;<\/p>\n\n\n\n<p>O paradoxo \u00e9 claro: em vida, o ser humano \u00e9 alvo de cr\u00edticas, fofocas, e at\u00e9 desprezo. Na morte, torna-se santo, intoc\u00e1vel, digno das mais belas palavras e homenagens. O que essa transforma\u00e7\u00e3o repentina diz sobre n\u00f3s? N\u00e3o seria a santifica\u00e7\u00e3o p\u00f3stuma um reflexo do nosso pr\u00f3prio arrependimento e da culpa que carregamos por n\u00e3o termos sido melhores enquanto havia tempo?&nbsp;<\/p>\n\n\n\n<p>Homenageamos o morto n\u00e3o porque ele mudou, mas porque n\u00f3s falhamos. E, ao fazer isso, tentamos aliviar o peso do remorso. Mas ser\u00e1 que n\u00e3o seria mais honesto e humano abra\u00e7ar, elogiar e valorizar os vivos enquanto ainda respiram?&nbsp;<\/p>\n\n\n\n<p>\u00c9 preciso romper com essa l\u00f3gica que coloca a morte como medida do valor de algu\u00e9m. Cada ser humano carrega uma hist\u00f3ria, uma riqueza, um universo inteiro que s\u00f3 pode ser acessado enquanto ele est\u00e1 vivo. No entanto, essa riqueza \u00e9 frequentemente ignorada. Em vez disso, focamos em diferen\u00e7as, m\u00e1goas e superficialidades que nos afastam.&nbsp;<\/p>\n\n\n\n<p>E se, a partir de hoje, fiz\u00e9ssemos um esfor\u00e7o consciente para dizer as palavras que costumamos guardar para os epit\u00e1fios? Para oferecer abra\u00e7os que n\u00e3o precisar\u00e3o ser substitu\u00eddos por coroas de flores? Para estar presentes, verdadeiramente, enquanto ainda h\u00e1 presen\u00e7a para compartilhar?&nbsp;<\/p>\n\n\n\n<p>Esta reflex\u00e3o n\u00e3o \u00e9 um lamento, mas um convite. Um chamado para que repensemos nossas prioridades e ajustemos nossos gestos ao que realmente importa. H\u00e1 algo profundamente libertador em escolher valorizar, perdoar e amar enquanto \u00e9 poss\u00edvel.&nbsp;<\/p>\n\n\n\n<p>Que possamos, como humanidade, aprender a cultivar nossos relacionamentos em vida, com todas as imperfei\u00e7\u00f5es que eles carregam. Que sejamos mais generosos com nossos gestos e mais r\u00e1pidos em nossas reconcilia\u00e7\u00f5es. Porque, no final, o valor do ser humano n\u00e3o est\u00e1 na aus\u00eancia que ele deixa, mas na presen\u00e7a que ele pode compartilhar.&nbsp;<\/p>\n\n\n\n<p>E que essa mudan\u00e7a de olhar nos permita, quando o dia chegar, encerrar nossa pr\u00f3pria jornada sem arrependimentos. Enquanto h\u00e1 tempo.\u00a0<\/p>\n\n\n\n<p><\/p>\n\n\n\n<p>Artigo de Thiago&nbsp;de Moraes jurista, cientista pol\u00edtico, apresentador ancora, jornalista&nbsp;&nbsp;&nbsp;<\/p>\n\n\n\n<p>MTB&nbsp;0091632\/SP&nbsp;<\/p>\n<\/div>\n","protected":false},"excerpt":{"rendered":"<p>H\u00e1 algo profundamente desconcertante na forma como o ser humano se relaciona com o tempo,&#8230;<\/p>\n","protected":false},"author":19,"featured_media":17294,"comment_status":"closed","ping_status":"open","sticky":false,"template":"","format":"standard","meta":{"om_disable_all_campaigns":false,"_monsterinsights_skip_tracking":false,"_monsterinsights_sitenote_active":false,"_monsterinsights_sitenote_note":"","_monsterinsights_sitenote_category":0,"spay_email":""},"categories":[1],"tags":[],"jetpack_featured_media_url":"https:\/\/vimagazine.com.br\/wp-content\/uploads\/2024\/12\/Captura-de-tela-2025-01-02-152035.jpg","_links":{"self":[{"href":"https:\/\/vimagazine.com.br\/index.php?rest_route=\/wp\/v2\/posts\/17284"}],"collection":[{"href":"https:\/\/vimagazine.com.br\/index.php?rest_route=\/wp\/v2\/posts"}],"about":[{"href":"https:\/\/vimagazine.com.br\/index.php?rest_route=\/wp\/v2\/types\/post"}],"author":[{"embeddable":true,"href":"https:\/\/vimagazine.com.br\/index.php?rest_route=\/wp\/v2\/users\/19"}],"replies":[{"embeddable":true,"href":"https:\/\/vimagazine.com.br\/index.php?rest_route=%2Fwp%2Fv2%2Fcomments&post=17284"}],"version-history":[{"count":2,"href":"https:\/\/vimagazine.com.br\/index.php?rest_route=\/wp\/v2\/posts\/17284\/revisions"}],"predecessor-version":[{"id":17295,"href":"https:\/\/vimagazine.com.br\/index.php?rest_route=\/wp\/v2\/posts\/17284\/revisions\/17295"}],"wp:featuredmedia":[{"embeddable":true,"href":"https:\/\/vimagazine.com.br\/index.php?rest_route=\/wp\/v2\/media\/17294"}],"wp:attachment":[{"href":"https:\/\/vimagazine.com.br\/index.php?rest_route=%2Fwp%2Fv2%2Fmedia&parent=17284"}],"wp:term":[{"taxonomy":"category","embeddable":true,"href":"https:\/\/vimagazine.com.br\/index.php?rest_route=%2Fwp%2Fv2%2Fcategories&post=17284"},{"taxonomy":"post_tag","embeddable":true,"href":"https:\/\/vimagazine.com.br\/index.php?rest_route=%2Fwp%2Fv2%2Ftags&post=17284"}],"curies":[{"name":"wp","href":"https:\/\/api.w.org\/{rel}","templated":true}]}}