{"id":17287,"date":"2025-01-02T12:12:29","date_gmt":"2025-01-02T15:12:29","guid":{"rendered":"https:\/\/vimagazine.com.br\/?p=17287"},"modified":"2025-01-02T12:12:30","modified_gmt":"2025-01-02T15:12:30","slug":"jovem-pan-joinville-tera-mais-um-apresentador","status":"publish","type":"post","link":"https:\/\/vimagazine.com.br\/?p=17287","title":{"rendered":"JOVEM PAN JOINVILLE TER\u00c1 MAIS UM APRESENTADOR"},"content":{"rendered":"\n<p><\/p>\n\n\n\n<p class=\"has-medium-font-size\"><strong>CESAR J\u00daNIOR ESTAR\u00c1 NA BANCADA DO JORNAL DA MANH\u00c3<\/strong><\/p>\n\n\n\n<p><\/p>\n\n\n\n<p>O jornalismo da Jovem Pan Joinville inicia 2025 com novidades na programa\u00e7\u00e3o. A partir do dia 06 de janeiro, o Jornal da Manh\u00e3 (JM), principal notici\u00e1rio da emissora no norte do estado, ter\u00e1 dois apresentadores: Cesar J\u00fanior e Marcos Pereira.<\/p>\n\n\n\n<p>Cesar, com passagens pelas principais emissoras de r\u00e1dio e TV de Santa Catarina, \u00e9 profissional experiente com quase 40 anos de profiss\u00e3o. Ele chega para, tamb\u00e9m, ancorar o programa que vai ao ar das 07h \u00e0s 08h.<\/p>\n\n\n\n<p>\u201cEstou muito feliz com esta oportunidade. A Pan \u00e9 um grupo forte e com uma marca j\u00e1 reconhecida no mercado e por isso venho com muita determina\u00e7\u00e3o para informar o ouvinte todos os dias\u201d, afirma J\u00fanior.<\/p>\n\n\n\n<p>O radialista vai se juntar ao atual \u00e2ncora do programa, Marcos Pereira, que vai seguir na apresenta\u00e7\u00e3o e na coordena\u00e7\u00e3o de jornalismo do grupo em Joinville.<br>O JM est\u00e1 ainda mais interativo, com opini\u00e3o e an\u00e1lise sobre os mais variados temas e participa\u00e7\u00f5es di\u00e1rias de reportagens sobre a cidade.<\/p>\n\n\n\n<p>O programa pode ser ouvido na 91.1 FM, aplicativo exclusivo da Jovem Pan Joinville e pelo Canal do Youtube.<\/p>\n","protected":false},"excerpt":{"rendered":"<p>CESAR J\u00daNIOR ESTAR\u00c1 NA BANCADA DO JORNAL DA MANH\u00c3 O jornalismo da Jovem Pan Joinville&#8230;<\/p>\n","protected":false},"author":1,"featured_media":17288,"comment_status":"closed","ping_status":"open","sticky":false,"template":"","format":"standard","meta":{"om_disable_all_campaigns":false,"_monsterinsights_skip_tracking":false,"_monsterinsights_sitenote_active":false,"_monsterinsights_sitenote_note":"","_monsterinsights_sitenote_category":0,"spay_email":""},"categories":[1],"tags":[],"jetpack_featured_media_url":"https:\/\/vimagazine.com.br\/wp-content\/uploads\/2025\/01\/WhatsApp-Image-2025-01-02-at-11.32.42.jpeg","_links":{"self":[{"href":"https:\/\/vimagazine.com.br\/index.php?rest_route=\/wp\/v2\/posts\/17287"}],"collection":[{"href":"https:\/\/vimagazine.com.br\/index.php?rest_route=\/wp\/v2\/posts"}],"about":[{"href":"https:\/\/vimagazine.com.br\/index.php?rest_route=\/wp\/v2\/types\/post"}],"author":[{"embeddable":true,"href":"https:\/\/vimagazine.com.br\/index.php?rest_route=\/wp\/v2\/users\/1"}],"replies":[{"embeddable":true,"href":"https:\/\/vimagazine.com.br\/index.php?rest_route=%2Fwp%2Fv2%2Fcomments&post=17287"}],"version-history":[{"count":1,"href":"https:\/\/vimagazine.com.br\/index.php?rest_route=\/wp\/v2\/posts\/17287\/revisions"}],"predecessor-version":[{"id":17289,"href":"https:\/\/vimagazine.com.br\/index.php?rest_route=\/wp\/v2\/posts\/17287\/revisions\/17289"}],"wp:featuredmedia":[{"embeddable":true,"href":"https:\/\/vimagazine.com.br\/index.php?rest_route=\/wp\/v2\/media\/17288"}],"wp:attachment":[{"href":"https:\/\/vimagazine.com.br\/index.php?rest_route=%2Fwp%2Fv2%2Fmedia&parent=17287"}],"wp:term":[{"taxonomy":"category","embeddable":true,"href":"https:\/\/vimagazine.com.br\/index.php?rest_route=%2Fwp%2Fv2%2Fcategories&post=17287"},{"taxonomy":"post_tag","embeddable":true,"href":"https:\/\/vimagazine.com.br\/index.php?rest_route=%2Fwp%2Fv2%2Ftags&post=17287"}],"curies":[{"name":"wp","href":"https:\/\/api.w.org\/{rel}","templated":true}]}}