{"id":1732,"date":"2021-12-01T15:13:11","date_gmt":"2021-12-01T18:13:11","guid":{"rendered":"https:\/\/vimagazine.com.br\/?p=1732"},"modified":"2021-12-01T15:13:12","modified_gmt":"2021-12-01T18:13:12","slug":"famoso-consultor-de-moda-reginaldo-fonseca-revela-os-segredos-do-seu-sucesso-e-as-novas-tendencias-pos-pandemia","status":"publish","type":"post","link":"https:\/\/vimagazine.com.br\/?p=1732","title":{"rendered":"Famoso consultor de moda, Reginaldo Fonseca, revela os segredos do seu sucesso e as novas tend\u00eancias p\u00f3s pandemia"},"content":{"rendered":"\n<p><\/p>\n\n\n\n<p><strong>&nbsp;&nbsp; Reginaldo Fonseca <\/strong>\u00e9 Consultor de moda, escritor, fundador e idealizador da <strong>Cia Paulista de Moda<\/strong>, \u00e9 reconhecido como um dos mais renomados profissionais em consultoria, mentoria e dire\u00e7\u00e3o executiva\/art\u00edstica de eventos e a\u00e7\u00f5es de moda em todo o Brasil, possu\u00ed mais de tr\u00eas d\u00e9cadas de experi\u00eancia e expertise no mercado fashion mundial. Sintonizado com as novas tecnologias e demandas de desenvolvimento no segmento, j\u00e1 atendeu centenas de clientes espalhados pelo Brasil, Paris, Londres, Portugal, Dubai, Angola, It\u00e1lia, Peru, entre outros.<\/p>\n\n\n\n<p>&nbsp;&nbsp; Em meio a um contexto de recome\u00e7o, as pessoas possuem curiosidades sobre quais as novas tend\u00eancias da moda p\u00f3s pandemia. Foi pensando nisso que eu entrevistei, com exclusividade, o bem-sucedido empres\u00e1rio e consultor de modas, <strong>Reginaldo Fonseca<\/strong>.<\/p>\n\n\n\n<p><strong><em>Quais s\u00e3o as novas tend\u00eancias, inova\u00e7\u00f5es e tecnologias no mundo p\u00f3s-pandemia?<\/em><\/strong><\/p>\n\n\n\n<p>&nbsp; <strong>R:<\/strong> No momento, todos n\u00f3s precisamos de alegria, e a cole\u00e7\u00e3o Ver\u00e3o 2021-2022 vai traduzir claramente isto, atrav\u00e9s de cores super coloridas, com muitas ombreiras, cinturas marcadas, alfaiataria, brilhos com aquela coisa do alto glamour, e da \u201c<strong>Era Disco<\/strong>\u2019, que j\u00e1 marcou as passarelas em diversas temporadas.<\/p>\n\n\n\n<p>&#8211; As pessoas querem liberdade e a moda se associa a essa ideia, para que os indiv\u00edduos saiam \u00e0s ruas e sejam vistos da melhor forma. Tudo indica que ser\u00e1 um processo interno de revitaliza\u00e7\u00e3o, ap\u00f3s quase dois anos de pandemia, um per\u00edodo que foi marcado por restri\u00e7\u00f5es, de ficar recluso em casa e n\u00e3o ter vida social.<\/p>\n\n\n\n<p>&#8211; J\u00e1 as inova\u00e7\u00f5es se dar\u00e3o em rela\u00e7\u00e3o aos tecidos, tendo em vista que o planeta est\u00e1 cada vez mais quente, o que leva os designers de moda a adotarem tecidos cada vez mais finos. Sem falar que h\u00e1 tecidos para todos os gostos, desde roupas mais esvoa\u00e7antes, soltas, fluidas, at\u00e9 roupas mais justas.<\/p>\n\n\n\n<p><strong><em>No dia 25\/10, voc\u00ea ministrou um workshop a convite do \u201cModaconnect\u201d. Quais foram os principais t\u00f3picos e qual o diferencial deste evento?<\/em><\/strong><\/p>\n\n\n\n<p>&nbsp;<strong>R:<\/strong> Foi maravilhoso ter estado novamente em Bras\u00edlia, cidade que amo. A Ana Beatriz e a Josi, do Modaconnect, me convidaram para ministrar o workshop, marcando o encerramento de projetos do ano de 2021.<\/p>\n\n\n\n<p>&#8211; Na oportunidade, procurei levar \u00e0s pessoas o que est\u00e1 acontecendo no mundo de hoje, n\u00e3o s\u00f3 no p\u00f3s-pandemia. Tentei projet\u00e1-las a uma viagem no tempo, a fim de que elas compreendessem o que aconteceu nos \u00faltimos 10 anos e o que poder\u00e1 acontecer na pr\u00f3xima d\u00e9cada. As mudan\u00e7as envolvem tudo e nos levam a um novo comportamento. A moda est\u00e1 sempre baseada na mudan\u00e7a de comportamento das pessoas, para poder vender e atender o consumidor, que \u00e9 super exigente.<\/p>\n\n\n\n<p>&#8211; O maior diferencial deste workshop \u00e9 cuidar das pessoas que fazem uma moda artesanal. Particularmente, sou apaixonado pela artesania, o chamado \u201cfeito a m\u00e3o\u201d, j\u00e1 que estamos t\u00e3o cansados de tudo o que \u00e9 muito industrializado. Vejo que muitos pa\u00edses est\u00e3o levantando suas bandeiras do \u201cUse o Nacional\u201d. Sem contar que temos um artesanato primoroso no Brasil, que \u00e9 um dos nossos diferenciais.<\/p>\n\n\n\n<p><strong>Atualmente fala-se bastante sobre Moda Inclusiva. A seu ver, qual a import\u00e2ncia desse projeto e no que ele beneficia as pessoas?<\/strong><\/p>\n\n\n\n<p>&nbsp;&nbsp; <strong>R:<\/strong> \u00c9 algo fant\u00e1stico. At\u00e9 porque a ind\u00fastria da moda pensa em tudo e em todos: no corpo, na cor, no bolso, no clima, no sexo e no estilo de vida. Enfim, tudo \u00e9 muito bem pensado para que o produto chegue at\u00e9 a arara, \u00e0 loja e, claro, ao nosso guarda-roupa.<\/p>\n\n\n\n<p>&#8211; Um evento como o do Modaconnect \u00e9 fundamental para beneficiar as pessoas. Existem grandes talentos que, muitas vezes, ficam no anonimato por n\u00e3o terem a oportunidade de mostrar os seus trabalhos para um maior n\u00famero de pessoas.<\/p>\n\n\n\n<p>&#8211; Na minha vis\u00e3o, o mais importante \u00e9 qualificar as pessoas em rela\u00e7\u00e3o ao universo da moda e ao que elas podem fazer de melhor. Logo, as palavras Moda e Inclus\u00e3o devem andar de m\u00e3os dadas, e o Modaconnect sai na frente por pensar nisso, beneficiando essas pessoas em v\u00e1rios aspectos.<\/p>\n\n\n\n<p><strong><em>O que \u00e9, qual a finalidade e como surgiu a Moda Inclusiva?<\/em><\/strong><\/p>\n\n\n\n<p>&nbsp;<strong>R:<\/strong> A moda inclusiva \u00e9 fundamental e j\u00e1 aparece nas passarelas e nos grandes lan\u00e7amentos. Reafirmo: a moda \u00e9 para todos e a ind\u00fastria da moda traz inova\u00e7\u00f5es e tend\u00eancias para todos, sem exce\u00e7\u00e3o.<\/p>\n\n\n\n<p><strong><em>Quais foram os seus maiores desafios, como diretor, para administrar a Cia Paulista de Moda em meio \u00e0 pandemia?<\/em><\/strong><\/p>\n\n\n\n<p>&nbsp;<strong>R:<\/strong> Tive muitos desafios, pois come\u00e7amos o ano de 2020 com aproximadamente 50 eventos fechados pelo Brasil e em alguns lugares do mundo, e praticamente todos foram cancelados em uma semana. Foi um choque, j\u00e1 que tenho uma equipe de 60 pessoas que dependem disso. Contudo, come\u00e7amos a trabalhar em outros projetos, tais como consultoria e mentoria, trazendo a\u00e7\u00f5es para o universo online, com a finalidade de ajudar as marcas e os nossos clientes a navegarem no mundo digital, que se fortaleceu ainda mais na pandemia.<\/p>\n\n\n\n<p>&#8211; Em outubro de 2020, fizemos o <strong>Arab Fashion Week<\/strong>, em Dubai, com cinco marcas brasileiras da alta-costura, como: Vitor Zerbinato, Sandro Barros, Emannuelle Junqueira, Maison Alexandrine e as joias de Andrea Conti, o que nos deu um trabalho muito grande ao longo de cinco meses.<\/p>\n\n\n\n<p>&#8211; Em 2021, finalizamos projetos para Guin\u00e9-Bissau e Portugal. Al\u00e9m disso, em setembro, levamos as cria\u00e7\u00f5es de Vitor Zerbinato para o <strong>Milan Fashion Week<\/strong>, que \u00e9 uma das quatro mais importantes semanas de moda do mundo.<\/p>\n\n\n\n<p>&#8211; Enfim, a pandemia foi um momento muito desafiador para n\u00f3s da <strong>Cia Paulista de Moda<\/strong>, pois tivemos que fazer coisas novas e levar as pessoas a verem o mundo digital como uma porta muito relevante para a divulga\u00e7\u00e3o e venda de seus produtos.<\/p>\n\n\n\n<p><strong><em>Qual a sua avalia\u00e7\u00e3o do legado de estilistas como Dener Pamplona de Abreu, Clodovil Hernandes, Marco Rica e Ocimar Versolato?<\/em><\/strong><\/p>\n\n\n\n<p>&nbsp;<strong>R: <\/strong>A cada d\u00e9cada, sempre teremos novos talentos entrando no universo da moda e, obviamente, partindo, como no caso desses consagrados nomes.<\/p>\n\n\n\n<p>&#8211; Na minha concep\u00e7\u00e3o, <strong>Dener<\/strong>, <strong>Clodovil<\/strong>, <strong>Marco Rica<\/strong> e <strong>Ocimar Versolato <\/strong>t\u00eam um papel important\u00edssimo para a moda brasileira, pois eles deixaram um legado para a moda atual, que \u00e9 a feita sob medida, como a alta-costura, que veste mulheres que gostam de festas. Assim como muitos outros designers internacionais, eles sempre ser\u00e3o lembrados no universo fashion.<\/p>\n\n\n\n<p>&#8211; O saudoso <strong>Ocimar Versolato<\/strong>, por exemplo, esteve \u00e0 frente de uma grande maison internacional por anos, depois veio ao Brasil e abriu v\u00e1rias lojas com uma moda incr\u00edvel! Ressalto que sou apaixonado pela moda brasileira e por estes grandes nomes que ajudaram a enaltec\u00ea-la.<\/p>\n\n\n\n<p><strong><em>Na sua opini\u00e3o, quais s\u00e3o os principais nomes da moda na atualidade?<\/em><\/strong><\/p>\n\n\n\n<p>&nbsp; <strong>R: <\/strong>N\u00e3o costumo citar nomes, porque muitos deles s\u00e3o meus clientes e est\u00e3o envolvidos em alguma de minhas consultorias\/mentorias. Mas, dentre tantos talentos do Brasil, vou mencionar o designer de moda <strong>Vitor Zerbinato<\/strong>, meu amigo de d\u00e9cadas, com quem j\u00e1 fiz duas a\u00e7\u00f5es internacionais e a terceira acontecer\u00e1 em 2022.<\/p>\n\n\n\n<p>&#8211; Sua extinta grife chamada <strong>Madame X<\/strong> deu lugar \u00e0 marca que agora leva seu nome. Vitor sempre teve um diferencial, pois faz um trabalho primoroso, juntando arquitetura e moda. Suas roupas caem perfeitamente no corpo feminino, seja nas pe\u00e7as de alta-costura, no \u201cPr\u00eat-\u00e0-Porter\u201d, no casual ou no comercial. Tudo que ele faz \u00e9 muito bem-feito. Sem contar que Vitor \u00e9 de uma humildade gigantesca, com uma vontade \u00edmpar de crescer e de aprender.<\/p>\n\n\n\n<p><strong><em>Na sua avalia\u00e7\u00e3o, a que se deve o seu sucesso na \u00e1rea de moda?<\/em><\/strong><\/p>\n\n\n\n<p>&nbsp;&nbsp; <strong>R: <\/strong>Sucesso \u00e9 algo que vem do trabalho, e eu trabalho com moda h\u00e1 33 anos. Portanto, j\u00e1 vi, vivi, senti e fiz muitas coisas para a moda brasileira. Na realidade, o meu trabalho se baseia em duas pontas: a ind\u00fastria e o consumidor final, e esse \u00faltimo est\u00e1 cada vez mais exigente na hora de comprar, pois muitos j\u00e1 aderiram ao consumo consciente.<\/p>\n\n\n\n<p>&#8211; Meu trabalho \u00e9 \u00e1rduo, pois estou o tempo todo voltado para a pesquisa, envolvido com marcas iniciantes e famosas, nacionais e internacionais, e com as pessoas que gostam de fazer, comprar e vestir moda. Hoje, meu papel \u00e9 o de levar um conte\u00fado verdadeiro, com muita informa\u00e7\u00e3o e sabedoria, para que as pessoas comprem cada vez mais de forma consciente, e que a ind\u00fastria da moda possa fazer uma moda mais eficiente a cada dia.<\/p>\n\n\n\n<p><\/p>\n\n\n\n<p>Saiba mais sobre Reginaldo Fonseca acessando as suas p\u00e1ginas no Instagram. Clique <a href=\"https:\/\/www.instagram.com\/reginaldofonseca\/\">aqui<\/a>.\u00a0 Cia Paulista de Moda. <\/p>\n\n\n\n<p>Clique <a href=\"https:\/\/www.instagram.com\/ciapaulistademoda\/\">aqui<\/a>.<\/p>\n\n\n\n<p><\/p>\n\n\n\n<p>Jo\u00e3o Costa. Acesse <a href=\"https:\/\/www.instagram.com\/joaocostaooficial\/\">aqui<\/a>.<\/p>\n","protected":false},"excerpt":{"rendered":"<p>&nbsp;&nbsp; Reginaldo Fonseca \u00e9 Consultor de moda, escritor, fundador e idealizador da Cia Paulista de&#8230;<\/p>\n","protected":false},"author":2,"featured_media":1733,"comment_status":"closed","ping_status":"open","sticky":false,"template":"","format":"standard","meta":{"om_disable_all_campaigns":false,"_monsterinsights_skip_tracking":false,"_monsterinsights_sitenote_active":false,"_monsterinsights_sitenote_note":"","_monsterinsights_sitenote_category":0,"spay_email":""},"categories":[31],"tags":[141,143,144,79,142],"jetpack_featured_media_url":"https:\/\/vimagazine.com.br\/wp-content\/uploads\/2021\/12\/ac11a33c-793e-433e-afce-75d133f80735.jpg","_links":{"self":[{"href":"https:\/\/vimagazine.com.br\/index.php?rest_route=\/wp\/v2\/posts\/1732"}],"collection":[{"href":"https:\/\/vimagazine.com.br\/index.php?rest_route=\/wp\/v2\/posts"}],"about":[{"href":"https:\/\/vimagazine.com.br\/index.php?rest_route=\/wp\/v2\/types\/post"}],"author":[{"embeddable":true,"href":"https:\/\/vimagazine.com.br\/index.php?rest_route=\/wp\/v2\/users\/2"}],"replies":[{"embeddable":true,"href":"https:\/\/vimagazine.com.br\/index.php?rest_route=%2Fwp%2Fv2%2Fcomments&post=1732"}],"version-history":[{"count":1,"href":"https:\/\/vimagazine.com.br\/index.php?rest_route=\/wp\/v2\/posts\/1732\/revisions"}],"predecessor-version":[{"id":1734,"href":"https:\/\/vimagazine.com.br\/index.php?rest_route=\/wp\/v2\/posts\/1732\/revisions\/1734"}],"wp:featuredmedia":[{"embeddable":true,"href":"https:\/\/vimagazine.com.br\/index.php?rest_route=\/wp\/v2\/media\/1733"}],"wp:attachment":[{"href":"https:\/\/vimagazine.com.br\/index.php?rest_route=%2Fwp%2Fv2%2Fmedia&parent=1732"}],"wp:term":[{"taxonomy":"category","embeddable":true,"href":"https:\/\/vimagazine.com.br\/index.php?rest_route=%2Fwp%2Fv2%2Fcategories&post=1732"},{"taxonomy":"post_tag","embeddable":true,"href":"https:\/\/vimagazine.com.br\/index.php?rest_route=%2Fwp%2Fv2%2Ftags&post=1732"}],"curies":[{"name":"wp","href":"https:\/\/api.w.org\/{rel}","templated":true}]}}