{"id":17324,"date":"2025-01-07T12:59:49","date_gmt":"2025-01-07T15:59:49","guid":{"rendered":"https:\/\/vimagazine.com.br\/?p=17324"},"modified":"2025-01-07T13:02:17","modified_gmt":"2025-01-07T16:02:17","slug":"psicologa-pamela-magalhaes-publica-livro-sobre-amor-proprio-e-reciprocidade-nos-relacionamentos","status":"publish","type":"post","link":"https:\/\/vimagazine.com.br\/?p=17324","title":{"rendered":"Psic\u00f3loga Pamela Magalh\u00e3es publica livro sobre\u00a0amor-pr\u00f3prio e reciprocidade nos relacionamentos\u00a0"},"content":{"rendered":"\n<p><\/p>\n\n\n\n<p class=\"has-medium-font-size\"><em><strong>Especialista em terapia de casais explora o impacto&nbsp;das primeiras experi\u00eancias afetivas e mostra a&nbsp; import\u00e2ncia de ressignificar viv\u00eancias negativas&nbsp;<\/strong><\/em><\/p>\n\n\n\n<p><\/p>\n\n\n\n<p>No livro&nbsp;<strong><em>Se amar, amar e ser amado<\/em><\/strong>, a psic\u00f3loga especialista em relacionamentos&nbsp;<strong>Pamela Magalh\u00e3es<\/strong>&nbsp;convida os leitores a refletirem sobre o amor por si e pelos outros. Publicada pela&nbsp;<strong>Matrix Editora<\/strong>, a obra re\u00fane textos in\u00e9ditos, hist\u00f3rias reais, reflex\u00f5es e ferramentas pr\u00e1ticas para lidar com os desafios emocionais enfrentados no cotidiano.&nbsp;<\/p>\n\n\n\n<p>Reconhecida pelo alcance nas redes sociais, onde soma mais de 4 milh\u00f5es de seguidores, e participa\u00e7\u00f5es em programas de televis\u00e3o, a autora traz para a obra uma linguagem acess\u00edvel e carregada de profundidade. A especialista mostra como as primeiras experi\u00eancias afetivas, ainda na inf\u00e2ncia, se tornam uma refer\u00eancia e exemplifica de que maneiras as viv\u00eancias positivas e negativas impactam os sentimentos na vida adulta. \u201cO amor que recebemos \u00e9 como nos ensinaram a nos amar, e a forma que nos amamos ditar\u00e1 as rela\u00e7\u00f5es que aceitaremos\u201d, explica.&nbsp;<\/p>\n\n\n\n<p>Segundo Pamela, aprender a dizer &#8220;n\u00e3o&#8221; e estabelecer os pr\u00f3prios limites s\u00e3o passos essenciais para estabelecer uma rela\u00e7\u00e3o de reciprocidade consigo mesmo e com os outros. Ela destaca tamb\u00e9m que o amor-pr\u00f3prio n\u00e3o deve ser visto como um ato ego\u00edsta, mas uma condi\u00e7\u00e3o fundamental para oferecer e receber amor de maneira leve e saud\u00e1vel em todas as rela\u00e7\u00f5es, sejam elas rom\u00e2nticas, de amizade, familiares, entre outras.&nbsp;<\/p>\n\n\n\n<p><em>O amor precisa brotar, crescer e fertilizar na gente<\/em>&nbsp;<em>antes de ser desenvolvido e direcionado aos outros.<\/em>&nbsp;<em>Caso contr\u00e1rio, estaremos continuamente dando o que n\u00e3o temos<\/em>&nbsp;<em>e buscando o que n\u00e3o reconhecemos em n\u00f3s,<\/em>&nbsp;<em>alimentando ciclos carentes e vazios.<\/em><br>(<strong>Se amar, amar e ser amado<\/strong>, p. 19)&nbsp;<\/p>\n\n\n\n<p>Ao abordar assuntos como autossabotagem, m\u00e1goas, t\u00e9rminos, solid\u00e3o, supera\u00e7\u00e3o e encerramento de ciclos, a psic\u00f3loga ressalta a necessidade de reconhecer o pr\u00f3prio valor, romper padr\u00f5es disfuncionais e acolher o novo. Segundo ela, reorganizar as emo\u00e7\u00f5es e superar os ressentimentos ajudam a desenvolver o amor-pr\u00f3prio, base das rela\u00e7\u00f5es aut\u00eanticas.&nbsp;<\/p>\n\n\n\n<p>Sem uma ordem padr\u00e3o de leitura, cada p\u00e1gina do livro \u00e9 um convite para transformar vulnerabilidades em for\u00e7a e reencontrar a ess\u00eancia do amor em suas formas mais puras.&nbsp;<strong><em>Se amar, amar e ser amado<\/em><\/strong>&nbsp;\u00e9 a contribui\u00e7\u00e3o de&nbsp;<strong>Pamela Magalh\u00e3es<\/strong>&nbsp;para que as pessoas possam ressignificar as experi\u00eancias ruins e compreendam que a reciprocidade vem depois do autoamor.&nbsp;<\/p>\n\n\n\n<p><strong>Ficha t\u00e9cnica<\/strong><\/p>\n\n\n\n<p><strong>T\u00edtulo<\/strong>: Se amar, amar e ser amado&nbsp;<br><strong>Subt\u00edtulo:<\/strong>&nbsp;Um livro sobre pessoas e sentimentos&nbsp;<br><strong>Autora<\/strong>: Pamela Magalh\u00e3es&nbsp;<br><strong>Editora<\/strong>: Matrix Editora&nbsp;<br><strong>ISBN:&nbsp;<\/strong>978-65-5616-526-4&nbsp;<br><strong>N\u00famero de p\u00e1ginas<\/strong>: 184&nbsp;<br><strong>Pre\u00e7o<\/strong>:&nbsp;R$ 50,00&nbsp;<br><strong>Onde encontrar<\/strong>:&nbsp;<a href=\"https:\/\/matrixeditora.com.br\/produtos\/pre-venda-se-amar-amar-e-ser-amado-disponivel-a-partir-do-dia-10-01\/\" target=\"_blank\" rel=\"noreferrer noopener\">Matrix Editora<\/a>,&nbsp;<a href=\"https:\/\/www.amazon.com.br\/Se-amar-ser-amado-sentimentos\/dp\/6556165263\/ref=sr_1_2?__mk_pt_BR=%C3%85M%C3%85%C5%BD%C3%95%C3%91&amp;crid=2HSMFAF88E7D7&amp;dib=eyJ2IjoiMSJ9.7WsXrZdCStd3gezo2ftMOJQxtgYcc9RPCHMIx7J_68dWtM4z-1NTQoQORjycMDJUDYTIqr_GmsKtAyAXQJIpoH3RNc34pSMjA_PvjqTTZKmpj3X8cKf7Pn8Fn8_vElSJJPMKwfgPO2vom7Vpe23bPzsRs8H3eDCOQN8UhhcdIk0e2oHiYmD8ZTvghukfgovIH6O4LyNS8dSt5G2bdqObMUGZ3i1-vzAxlTj21vF1HeJoa08h3F9RuJlFL7fSSQWpsdUK-7b3o21tI8YPLHwrJeKlh_N-C_rcMUuznpnQC40.HYEDiaSgHzoyGKNmftjEBME2-ZOAmEJW7II8Vg53gd8&amp;dib_tag=se&amp;keywords=Se+amar%2C+amar+e+ser+amado&amp;qid=1734013128&amp;sprefix=se+amar+amar+e+ser+amado%2Caps%2C359&amp;sr=8-2\" target=\"_blank\" rel=\"noreferrer noopener\">Amazon<\/a><\/p>\n\n\n\n<p><\/p>\n\n\n\n<figure class=\"wp-container-2 wp-block-gallery-1 wp-block-gallery has-nested-images columns-default is-cropped\">\n<figure class=\"wp-block-image size-large\"><img width=\"1336\" height=\"1920\" data-id=\"17326\"  src=\"https:\/\/vimagazine.com.br\/wp-content\/uploads\/2025\/01\/Capa-Se-amar-amar-e-ser-amado.jpg\" alt=\"\" class=\"wp-image-17326\" srcset=\"https:\/\/vimagazine.com.br\/wp-content\/uploads\/2025\/01\/Capa-Se-amar-amar-e-ser-amado.jpg 1336w, https:\/\/vimagazine.com.br\/wp-content\/uploads\/2025\/01\/Capa-Se-amar-amar-e-ser-amado-209x300.jpg 209w, https:\/\/vimagazine.com.br\/wp-content\/uploads\/2025\/01\/Capa-Se-amar-amar-e-ser-amado-713x1024.jpg 713w, https:\/\/vimagazine.com.br\/wp-content\/uploads\/2025\/01\/Capa-Se-amar-amar-e-ser-amado-768x1104.jpg 768w, https:\/\/vimagazine.com.br\/wp-content\/uploads\/2025\/01\/Capa-Se-amar-amar-e-ser-amado-1069x1536.jpg 1069w, https:\/\/vimagazine.com.br\/wp-content\/uploads\/2025\/01\/Capa-Se-amar-amar-e-ser-amado-1024x1472.jpg 1024w\" sizes=\"(max-width: 1336px) 100vw, 1336px\" \/><\/figure>\n\n\n\n<figure class=\"wp-block-image size-large\"><img width=\"1281\" height=\"1612\" data-id=\"17325\"  src=\"https:\/\/vimagazine.com.br\/wp-content\/uploads\/2025\/01\/Pamela-Magalhaes.jpg\" alt=\"\" class=\"wp-image-17325\" srcset=\"https:\/\/vimagazine.com.br\/wp-content\/uploads\/2025\/01\/Pamela-Magalhaes.jpg 1281w, https:\/\/vimagazine.com.br\/wp-content\/uploads\/2025\/01\/Pamela-Magalhaes-238x300.jpg 238w, https:\/\/vimagazine.com.br\/wp-content\/uploads\/2025\/01\/Pamela-Magalhaes-814x1024.jpg 814w, https:\/\/vimagazine.com.br\/wp-content\/uploads\/2025\/01\/Pamela-Magalhaes-768x966.jpg 768w, https:\/\/vimagazine.com.br\/wp-content\/uploads\/2025\/01\/Pamela-Magalhaes-1221x1536.jpg 1221w, https:\/\/vimagazine.com.br\/wp-content\/uploads\/2025\/01\/Pamela-Magalhaes-1024x1289.jpg 1024w\" sizes=\"(max-width: 1281px) 100vw, 1281px\" \/><\/figure>\n<\/figure>\n\n\n\n<p><\/p>\n\n\n\n<p><strong>Sobre a autora<\/strong>&nbsp;<\/p>\n\n\n\n<p>Pamela Magalh\u00e3es \u00e9 m\u00e3e, empres\u00e1ria, psic\u00f3loga (CRP 06\/88376), mentora, especialista cl\u00ednica e terapeuta de casal e fam\u00edlia. Idealizadora do aplicativo de atendimento psicol\u00f3gico PSIAPP, que torna a psicoterapia mais acess\u00edvel a todos. Influente nas m\u00eddias em geral, ficou conhecida como especialista em relacionamentos pelos quadros de sucesso, principalmente em emissoras de TV. Al\u00e9m de realizar palestras em todo o Brasil e em outros pa\u00edses, movimenta uma engajada multid\u00e3o de seguidores nas redes sociais, em especial no Instagram @psipamela, no seu canal do YouTube e ainda comanda o podcast mais emocionante do Brasil: Parece Terapia.&nbsp;&nbsp;<\/p>\n\n\n\n<p><strong>Redes sociais da autora<\/strong>&nbsp;<\/p>\n\n\n\n<ul><li><strong>Instagram:&nbsp;<\/strong><a href=\"https:\/\/www.instagram.com\/psipamela\/?hl=pt-br\" target=\"_blank\" rel=\"noreferrer noopener\">@psipamela<\/a><\/li><li><strong>TikTok:<\/strong>&nbsp;<a href=\"https:\/\/www.tiktok.com\/@psipamela?utm_source=l.instagram.com&amp;sck=l.instagram.com\" target=\"_blank\" rel=\"noreferrer noopener\">@psipamela<\/a><\/li><li><strong>Site:<\/strong>&nbsp;<a href=\"https:\/\/pamelamagalhaes.com.br\/bio\/?fbclid=PAZXh0bgNhZW0CMTEAAaZdrcD5UwIOJSRMhcg5iErmztirnon2TAKVMJsIJrCZNHmw15JhUhJMXU0_aem_0SgkN1ConL0xjdcuGBdphA\" target=\"_blank\" rel=\"noreferrer noopener\">Pamela Magalh\u00e3es<\/a><\/li><li><strong>YouTube:<\/strong>&nbsp;<a href=\"https:\/\/www.youtube.com\/@psipamela\/videos\" target=\"_blank\" rel=\"noreferrer noopener\">Pamela Magalh\u00e3es<\/a><\/li><li><strong>Facebook:&nbsp;<\/strong><a href=\"https:\/\/www.facebook.com\/psipamela?utm_source=l.instagram.com&amp;sck=l.instagram.com\" target=\"_blank\" rel=\"noreferrer noopener\">Pamela Magalh\u00e3es<\/a><\/li><li><strong>LinkedIn:&nbsp;<\/strong><a href=\"https:\/\/www.linkedin.com\/in\/psipamela\/?originalSubdomain=br\" target=\"_blank\" rel=\"noreferrer noopener\">Pamela Magalh\u00e3es<\/a>&nbsp;<\/li><\/ul>\n\n\n\n<p><strong>Sobre a Matrix Editora&nbsp;<\/strong>&nbsp;<\/p>\n\n\n\n<p>Apostar em novos talentos, formatos e leitores. Essa \u00e9 a marca da Matrix Editora, desde a sua funda\u00e7\u00e3o em 1999. A Matrix \u00e9 hoje uma das mais respeitadas editoras do pa\u00eds, com mais de 1.000 t\u00edtulos publicados e oito novos lan\u00e7amentos todos os meses. A editora se especializou em livros de n\u00e3o-fic\u00e7\u00e3o, como biografias e livros-reportagem, al\u00e9m de obras de neg\u00f3cios, motivacionais e livros infantis. Os t\u00edtulos editados pela Matrix s\u00e3o distribu\u00eddos para livrarias de todo o Brasil e tamb\u00e9m s\u00e3o comercializados no site&nbsp;<a href=\"http:\/\/www.matrixeditora.com.br\/\" target=\"_blank\" rel=\"noreferrer noopener\">www.matrixeditora.com.br<\/a>.<\/p>\n\n\n\n<p><\/p>\n","protected":false},"excerpt":{"rendered":"<p>Especialista em terapia de casais explora o impacto&nbsp;das primeiras experi\u00eancias afetivas e mostra a&nbsp; import\u00e2ncia&#8230;<\/p>\n","protected":false},"author":1,"featured_media":17329,"comment_status":"closed","ping_status":"open","sticky":false,"template":"","format":"standard","meta":{"om_disable_all_campaigns":false,"_monsterinsights_skip_tracking":false,"_monsterinsights_sitenote_active":false,"_monsterinsights_sitenote_note":"","_monsterinsights_sitenote_category":0,"spay_email":""},"categories":[1],"tags":[],"jetpack_featured_media_url":"https:\/\/vimagazine.com.br\/wp-content\/uploads\/2025\/01\/Capa-Se-amar-amar-e-ser-amado-1.jpg","_links":{"self":[{"href":"https:\/\/vimagazine.com.br\/index.php?rest_route=\/wp\/v2\/posts\/17324"}],"collection":[{"href":"https:\/\/vimagazine.com.br\/index.php?rest_route=\/wp\/v2\/posts"}],"about":[{"href":"https:\/\/vimagazine.com.br\/index.php?rest_route=\/wp\/v2\/types\/post"}],"author":[{"embeddable":true,"href":"https:\/\/vimagazine.com.br\/index.php?rest_route=\/wp\/v2\/users\/1"}],"replies":[{"embeddable":true,"href":"https:\/\/vimagazine.com.br\/index.php?rest_route=%2Fwp%2Fv2%2Fcomments&post=17324"}],"version-history":[{"count":2,"href":"https:\/\/vimagazine.com.br\/index.php?rest_route=\/wp\/v2\/posts\/17324\/revisions"}],"predecessor-version":[{"id":17330,"href":"https:\/\/vimagazine.com.br\/index.php?rest_route=\/wp\/v2\/posts\/17324\/revisions\/17330"}],"wp:featuredmedia":[{"embeddable":true,"href":"https:\/\/vimagazine.com.br\/index.php?rest_route=\/wp\/v2\/media\/17329"}],"wp:attachment":[{"href":"https:\/\/vimagazine.com.br\/index.php?rest_route=%2Fwp%2Fv2%2Fmedia&parent=17324"}],"wp:term":[{"taxonomy":"category","embeddable":true,"href":"https:\/\/vimagazine.com.br\/index.php?rest_route=%2Fwp%2Fv2%2Fcategories&post=17324"},{"taxonomy":"post_tag","embeddable":true,"href":"https:\/\/vimagazine.com.br\/index.php?rest_route=%2Fwp%2Fv2%2Ftags&post=17324"}],"curies":[{"name":"wp","href":"https:\/\/api.w.org\/{rel}","templated":true}]}}