{"id":17334,"date":"2025-01-09T10:23:12","date_gmt":"2025-01-09T13:23:12","guid":{"rendered":"https:\/\/vimagazine.com.br\/?p=17334"},"modified":"2025-01-09T13:37:33","modified_gmt":"2025-01-09T16:37:33","slug":"sugestao-de-pauta-ana-bittar-e-a-artista-plastica-da-capa-do-livro-eu-e-meus-amigos-trapalhoes-escrito-por-dede-santana","status":"publish","type":"post","link":"https:\/\/vimagazine.com.br\/?p=17334","title":{"rendered":"Ana Bittar \u00e9 a artista pl\u00e1stica da capa do livro &#8220;Eu e Meus Amigos Trapalh\u00f5es&#8221; escrito por Ded\u00e9 Santana."},"content":{"rendered":"\n<figure class=\"wp-block-image aligncenter size-large is-resized\"><img src=\"https:\/\/vimagazine.com.br\/wp-content\/uploads\/2025\/01\/1000052647-818x1024.jpg\" alt=\"\" class=\"wp-image-17335\" width=\"421\" height=\"527\" srcset=\"https:\/\/vimagazine.com.br\/wp-content\/uploads\/2025\/01\/1000052647-818x1024.jpg 818w, https:\/\/vimagazine.com.br\/wp-content\/uploads\/2025\/01\/1000052647-240x300.jpg 240w, https:\/\/vimagazine.com.br\/wp-content\/uploads\/2025\/01\/1000052647-768x961.jpg 768w, https:\/\/vimagazine.com.br\/wp-content\/uploads\/2025\/01\/1000052647-1024x1281.jpg 1024w, https:\/\/vimagazine.com.br\/wp-content\/uploads\/2025\/01\/1000052647.jpg 1151w\" sizes=\"(max-width: 421px) 100vw, 421px\" \/><\/figure>\n\n\n\n<p>Ded\u00e9 Santana publicou no ano passado seu mais recente livro: &#8220;Eu e meus amigos trapalh\u00f5es&#8221;, e a capa que Ded\u00e9 utilizou para ilustrar seu livro foi a foto do quadro que a artista pl\u00e1stica e jornalista Ana Bittar retratou Ded\u00e9.&nbsp;<\/p>\n\n\n\n<p>Ded\u00e9 Santana, um \u00edcone da com\u00e9dia brasileira, unindo-se \u00e0 sensibilidade art\u00edstica de Ana Bittar, demonstra como a arte e a cultura podem se entrela\u00e7ar de maneira t\u00e3o especial. A escolha de uma pintura t\u00e3o significativa como capa do livro &#8220;Eu e meus amigos trapalh\u00f5es&#8221; adiciona uma camada de emo\u00e7\u00e3o e autenticidade \u00e0 obra, destacando o talento de Ana Bittar e a profunda rela\u00e7\u00e3o de Ded\u00e9 com sua trajet\u00f3ria art\u00edstica.&nbsp;<\/p>\n\n\n\n<p>A homenagem de Ana com a tela &#8220;Trapalha\u00e7o&#8221; retrata n\u00e3o apenas Ded\u00e9 Santana como artista, mas tamb\u00e9m sua ess\u00eancia c\u00f4mica e humana, algo que cativou gera\u00e7\u00f5es. Ana homenageou o artista em 2017 com a obra de arte em \u00f3leo sobre tela no Hotel Holliday Inn Anhembi.&nbsp;<\/p>\n\n\n\n<p>Ded\u00e9 Santana ficou muito emocionado com o quadro e ele mesmo deu o nome \u00e0 tela de &#8220;Trapalha\u00e7o&#8221;.&nbsp;<\/p>\n\n\n\n<p>&#8220;Sinto-me honrada em ter uma obra de arte minha na capa do livro de Ded\u00e9 Santana&#8221;, disse Ana muito feliz.&nbsp;<\/p>\n\n\n\n<p>A pintura \u00e9 t\u00e3o realista que parece uma foto.&nbsp;<\/p>\n\n\n\n<p>A literatura e a pintura se complementam, criando uma experi\u00eancia rica e completa para o p\u00fablico.&nbsp;<\/p>\n","protected":false},"excerpt":{"rendered":"<p>Ded\u00e9 Santana publicou no ano passado seu mais recente livro: &#8220;Eu e meus amigos trapalh\u00f5es&#8221;,&#8230;<\/p>\n","protected":false},"author":19,"featured_media":17336,"comment_status":"closed","ping_status":"open","sticky":false,"template":"","format":"standard","meta":{"om_disable_all_campaigns":false,"_monsterinsights_skip_tracking":false,"_monsterinsights_sitenote_active":false,"_monsterinsights_sitenote_note":"","_monsterinsights_sitenote_category":0,"spay_email":""},"categories":[1],"tags":[],"jetpack_featured_media_url":"https:\/\/vimagazine.com.br\/wp-content\/uploads\/2025\/01\/c24b890c-e56c-40b3-abe2-93a12ad17689-1_all_10961.jpg","_links":{"self":[{"href":"https:\/\/vimagazine.com.br\/index.php?rest_route=\/wp\/v2\/posts\/17334"}],"collection":[{"href":"https:\/\/vimagazine.com.br\/index.php?rest_route=\/wp\/v2\/posts"}],"about":[{"href":"https:\/\/vimagazine.com.br\/index.php?rest_route=\/wp\/v2\/types\/post"}],"author":[{"embeddable":true,"href":"https:\/\/vimagazine.com.br\/index.php?rest_route=\/wp\/v2\/users\/19"}],"replies":[{"embeddable":true,"href":"https:\/\/vimagazine.com.br\/index.php?rest_route=%2Fwp%2Fv2%2Fcomments&post=17334"}],"version-history":[{"count":2,"href":"https:\/\/vimagazine.com.br\/index.php?rest_route=\/wp\/v2\/posts\/17334\/revisions"}],"predecessor-version":[{"id":17339,"href":"https:\/\/vimagazine.com.br\/index.php?rest_route=\/wp\/v2\/posts\/17334\/revisions\/17339"}],"wp:featuredmedia":[{"embeddable":true,"href":"https:\/\/vimagazine.com.br\/index.php?rest_route=\/wp\/v2\/media\/17336"}],"wp:attachment":[{"href":"https:\/\/vimagazine.com.br\/index.php?rest_route=%2Fwp%2Fv2%2Fmedia&parent=17334"}],"wp:term":[{"taxonomy":"category","embeddable":true,"href":"https:\/\/vimagazine.com.br\/index.php?rest_route=%2Fwp%2Fv2%2Fcategories&post=17334"},{"taxonomy":"post_tag","embeddable":true,"href":"https:\/\/vimagazine.com.br\/index.php?rest_route=%2Fwp%2Fv2%2Ftags&post=17334"}],"curies":[{"name":"wp","href":"https:\/\/api.w.org\/{rel}","templated":true}]}}