{"id":17345,"date":"2025-01-13T16:25:02","date_gmt":"2025-01-13T19:25:02","guid":{"rendered":"https:\/\/vimagazine.com.br\/?p=17345"},"modified":"2025-01-13T16:25:04","modified_gmt":"2025-01-13T19:25:04","slug":"saude-mental-pessoas-acima-de-estigmas-por-thiago-de-moraes","status":"publish","type":"post","link":"https:\/\/vimagazine.com.br\/?p=17345","title":{"rendered":"Sa\u00fade Mental, pessoas acima de estigmas por Thiago de Moraes"},"content":{"rendered":"\n<p><strong>Artigo de Thiago&nbsp;de Moraes jurista, cientista pol\u00edtico, apresentador ancora, jornalista&nbsp;&nbsp;<br>&nbsp;&nbsp;<br>MTB&nbsp;0091632\/SP<\/strong><\/p>\n\n\n\n<p>A sa\u00fade mental, por d\u00e9cadas negligenciada ou tratada \u00e0 margem das prioridades sociais, finalmente ocupa o centro das discuss\u00f5es globais. No entanto, reconhecer sua import\u00e2ncia \u00e9 apenas o primeiro passo. Prioriz\u00e1-la de maneira eficaz, com humanidade e intelig\u00eancia, exige mais do que discursos: demanda a\u00e7\u00e3o corajosa, pol\u00edticas sens\u00edveis e o compromisso de todos os setores da sociedade.<\/p>\n\n\n\n<p>Estamos vivendo um tempo de mudan\u00e7as profundas e aceleradas \u2014 transforma\u00e7\u00f5es tecnol\u00f3gicas, crises econ\u00f4micas e tens\u00f5es sociais que moldam e pressionam as mentes e os cora\u00e7\u00f5es das pessoas. O impacto \u00e9 avassalador. Segundo a Organiza\u00e7\u00e3o Mundial da Sa\u00fade (OMS), os transtornos mentais, como depress\u00e3o e ansiedade, n\u00e3o apenas geram perdas econ\u00f4micas bilion\u00e1rias, mas deixam um rastro de sofrimento humano dif\u00edcil de medir: vidas ceifadas, sonhos desfeitos, fam\u00edlias destro\u00e7adas.<\/p>\n\n\n\n<p>No Brasil, a situa\u00e7\u00e3o \u00e9 alarmante. Somos l\u00edderes em \u00edndices de ansiedade e depress\u00e3o na Am\u00e9rica Latina, e o n\u00famero de suic\u00eddios cresce de forma preocupante entre jovens e idosos. A falta de servi\u00e7os acess\u00edveis, aliada ao preconceito e \u00e0 falta de conhecimento, cria barreiras insustent\u00e1veis para milh\u00f5es de brasileiros que sofrem em sil\u00eancio.<\/p>\n\n\n\n<p>Falar de sa\u00fade mental \u00e9 falar de pessoas, n\u00e3o de estat\u00edsticas. N\u00e3o se trata apenas de oferecer diagn\u00f3sticos e tratamentos, mas de enxergar cada ser humano como um universo \u00fanico, moldado por hist\u00f3rias, contextos sociais e rela\u00e7\u00f5es. Infelizmente, ainda vivemos em uma sociedade onde a busca por ajuda psicol\u00f3gica \u00e9 muitas vezes associada a fraqueza ou vergonha.<\/p>\n\n\n\n<p>O combate a esses estigmas deve come\u00e7ar com campanhas educativas amplas e constantes, que promovam empatia, acolhimento e conhecimento. Mas campanhas n\u00e3o bastam. \u00c9 essencial que escolas, postos de sa\u00fade e comunidades inteiras estejam equipados para fornecer suporte real e acess\u00edvel.<\/p>\n\n\n\n<p>Priorizar a sa\u00fade mental exige intelig\u00eancia na aloca\u00e7\u00e3o de recursos e na formula\u00e7\u00e3o de pol\u00edticas p\u00fablicas integradas. Sa\u00fade mental n\u00e3o \u00e9 um assunto isolado: ela permeia o desempenho escolar, a produtividade no trabalho, a seguran\u00e7a p\u00fablica e at\u00e9 a economia.<\/p>\n\n\n\n<p>O uso da tecnologia pode ser um divisor de \u00e1guas. Plataformas de telemedicina, triagem baseada em intelig\u00eancia artificial e aplicativos voltados para sa\u00fade emocional j\u00e1 s\u00e3o realidades promissoras. Por\u00e9m, \u00e9 crucial lembrar que a tecnologia deve ser um complemento, n\u00e3o um substituto, para o contato humano e o cuidado personalizado.<\/p>\n\n\n\n<p>Governos t\u00eam a responsabilidade de integrar sa\u00fade mental e f\u00edsica em todos os n\u00edveis de atendimento, enquanto empresas precisam criar ambientes de trabalho que priorizem o bem-estar emocional. Estudos j\u00e1 demonstraram que funcion\u00e1rios emocionalmente saud\u00e1veis s\u00e3o mais engajados, criativos e resilientes. \u00c9 hora de transformar boas inten\u00e7\u00f5es em pr\u00e1ticas consistentes.<\/p>\n\n\n\n<p>N\u00e3o h\u00e1 solu\u00e7\u00e3o milagrosa para a crise de sa\u00fade mental que enfrentamos. Mas h\u00e1 um caminho. O Brasil tem condi\u00e7\u00f5es de liderar um movimento global, desde que adote uma postura ambiciosa e inovadora, com a sa\u00fade mental no centro de suas pol\u00edticas p\u00fablicas.<\/p>\n\n\n\n<p>Mais do que uma quest\u00e3o de pol\u00edticas ou investimentos, estamos falando de um compromisso moral: garantir que ningu\u00e9m seja deixado para tr\u00e1s. N\u00e3o podemos mais esperar por trag\u00e9dias para abrir os olhos. Que o cuidado com a sa\u00fade mental seja visto como um direito, t\u00e3o essencial quanto a sa\u00fade f\u00edsica.<\/p>\n\n\n\n<p>A transforma\u00e7\u00e3o come\u00e7a agora, com cada decis\u00e3o, cada conversa e cada ato de empatia. O futuro ser\u00e1 mais humano se, como sociedade, escolhermos tratar a sa\u00fade mental com a dignidade e a prioridade que ela merece.<\/p>\n","protected":false},"excerpt":{"rendered":"<p>Artigo de Thiago&nbsp;de Moraes jurista, cientista pol\u00edtico, apresentador ancora, jornalista&nbsp;&nbsp;&nbsp;&nbsp;MTB&nbsp;0091632\/SP A sa\u00fade mental, por d\u00e9cadas&#8230;<\/p>\n","protected":false},"author":19,"featured_media":17346,"comment_status":"closed","ping_status":"open","sticky":false,"template":"","format":"standard","meta":{"om_disable_all_campaigns":false,"_monsterinsights_skip_tracking":false,"_monsterinsights_sitenote_active":false,"_monsterinsights_sitenote_note":"","_monsterinsights_sitenote_category":0,"spay_email":""},"categories":[1],"tags":[],"jetpack_featured_media_url":"https:\/\/vimagazine.com.br\/wp-content\/uploads\/2025\/01\/31515016.jpg","_links":{"self":[{"href":"https:\/\/vimagazine.com.br\/index.php?rest_route=\/wp\/v2\/posts\/17345"}],"collection":[{"href":"https:\/\/vimagazine.com.br\/index.php?rest_route=\/wp\/v2\/posts"}],"about":[{"href":"https:\/\/vimagazine.com.br\/index.php?rest_route=\/wp\/v2\/types\/post"}],"author":[{"embeddable":true,"href":"https:\/\/vimagazine.com.br\/index.php?rest_route=\/wp\/v2\/users\/19"}],"replies":[{"embeddable":true,"href":"https:\/\/vimagazine.com.br\/index.php?rest_route=%2Fwp%2Fv2%2Fcomments&post=17345"}],"version-history":[{"count":1,"href":"https:\/\/vimagazine.com.br\/index.php?rest_route=\/wp\/v2\/posts\/17345\/revisions"}],"predecessor-version":[{"id":17347,"href":"https:\/\/vimagazine.com.br\/index.php?rest_route=\/wp\/v2\/posts\/17345\/revisions\/17347"}],"wp:featuredmedia":[{"embeddable":true,"href":"https:\/\/vimagazine.com.br\/index.php?rest_route=\/wp\/v2\/media\/17346"}],"wp:attachment":[{"href":"https:\/\/vimagazine.com.br\/index.php?rest_route=%2Fwp%2Fv2%2Fmedia&parent=17345"}],"wp:term":[{"taxonomy":"category","embeddable":true,"href":"https:\/\/vimagazine.com.br\/index.php?rest_route=%2Fwp%2Fv2%2Fcategories&post=17345"},{"taxonomy":"post_tag","embeddable":true,"href":"https:\/\/vimagazine.com.br\/index.php?rest_route=%2Fwp%2Fv2%2Ftags&post=17345"}],"curies":[{"name":"wp","href":"https:\/\/api.w.org\/{rel}","templated":true}]}}