{"id":17361,"date":"2025-01-16T10:36:48","date_gmt":"2025-01-16T13:36:48","guid":{"rendered":"https:\/\/vimagazine.com.br\/?p=17361"},"modified":"2025-01-16T10:36:50","modified_gmt":"2025-01-16T13:36:50","slug":"thiago-de-moraes-apresenta-seu-novo-projeto-podcast-a-pauta","status":"publish","type":"post","link":"https:\/\/vimagazine.com.br\/?p=17361","title":{"rendered":"Thiago de Moraes apresenta seu novo projeto: Podcast &#8220;A Pauta&#8221;"},"content":{"rendered":"\n<p><\/p>\n\n\n\n<p><\/p>\n\n\n\n<p>O podcast &#8220;A Pauta&#8221; chega como uma poderosa ferramenta de reflex\u00e3o e di\u00e1logo sobre temas essenciais do nosso tempo, sob a lideran\u00e7a de ningu\u00e9m menos que o Prof.Thiago de Moraes. Jurista, cientista pol\u00edtico, jornalista, escritor e professor, Thiago traz consigo uma bagagem intelectual impressionante, que o posiciona entre os grandes pensadores de nossa era. Seu vasto conhecimento nas \u00e1reas de ci\u00eancias humanas e sociais, economia e justi\u00e7a, combinado com sua habilidade de sintetizar ideias complexas de forma clara e acess\u00edvel, promete revolucionar o cen\u00e1rio do podcasting.<\/p>\n\n\n\n<p><\/p>\n\n\n\n<figure class=\"wp-block-image size-large\"><img width=\"1024\" height=\"576\" src=\"https:\/\/vimagazine.com.br\/wp-content\/uploads\/2025\/01\/IMG-20250114-WA0120-1024x576.jpg\" alt=\"\" class=\"wp-image-17363\" srcset=\"https:\/\/vimagazine.com.br\/wp-content\/uploads\/2025\/01\/IMG-20250114-WA0120-1024x576.jpg 1024w, https:\/\/vimagazine.com.br\/wp-content\/uploads\/2025\/01\/IMG-20250114-WA0120-300x169.jpg 300w, https:\/\/vimagazine.com.br\/wp-content\/uploads\/2025\/01\/IMG-20250114-WA0120-768x432.jpg 768w, https:\/\/vimagazine.com.br\/wp-content\/uploads\/2025\/01\/IMG-20250114-WA0120-1536x864.jpg 1536w, https:\/\/vimagazine.com.br\/wp-content\/uploads\/2025\/01\/IMG-20250114-WA0120.jpg 1600w\" sizes=\"(max-width: 1024px) 100vw, 1024px\" \/><\/figure>\n\n\n\n<p><\/p>\n\n\n\n<p><\/p>\n\n\n\n<p>Com uma trajet\u00f3ria pautada por um profundo compromisso com a justi\u00e7a social e os direitos humanos, Thiago construiu uma carreira marcada pela defesa dos direitos humanos , sempre buscando elevar o debate p\u00fablico com argumentos racionais e embasados. A cria\u00e7\u00e3o do Instituto Assist\u00eancia Justi\u00e7a Solid\u00e1ria (INSTAJUS) e FUNDAJUS dedicados a oferecer apoio de qualidade aos mais necessitados, reflete sua paix\u00e3o pela equidade e pelo bem comum.<\/p>\n\n\n\n<p>No podcast, ele se prop\u00f5e a explorar temas que permeiam os desafios contempor\u00e2neos, sempre com um olhar cr\u00edtico e respons\u00e1vel.O Prof. Dr. Thiago consegue, com sua sabedoria, traduzir anos de estudo e experi\u00eancia em poucas palavras, enriquecendo o p\u00fablico com insights valiosos e promovendo uma compreens\u00e3o mais profunda da sociedade.<\/p>\n\n\n\n<p>&#8220;A Pauta&#8221;, idealizada e organizada por ele ao longo do \u00faltimo ano, promete ser um meio de comunica\u00e7\u00e3o inovador, onde entrevistas, debates e entretenimento se entrela\u00e7am com o conhecimento e a experi\u00eancia do mestre. Com sua habilidade \u00edmpar de comunicar e sua paix\u00e3o pela justi\u00e7a, Thiago de Moraes como \u00c2ncora dos programas certamente trar\u00e1 \u00e0 tona di\u00e1logos que impactar\u00e3o profundamente seus ouvintes, estabelecendo um novo patamar para os podcasts voltados ao debate de quest\u00f5es sociais e pol\u00edticas com entretenimento.<\/p>\n\n\n\n<p>Siga o canal no Youtube: <br><\/p>\n\n\n\n<figure class=\"wp-block-embed is-type-video is-provider-youtube wp-block-embed-youtube wp-embed-aspect-16-9 wp-has-aspect-ratio\"><div class=\"wp-block-embed__wrapper\">\n<iframe loading=\"lazy\" title=\"#Apresentac\u00e3o #01 Piloto do Podcast\/Broadcast\" width=\"640\" height=\"360\" src=\"https:\/\/www.youtube.com\/embed\/L2jpbUVSmV0?feature=oembed\" frameborder=\"0\" allow=\"accelerometer; autoplay; clipboard-write; encrypted-media; gyroscope; picture-in-picture; web-share\" referrerpolicy=\"strict-origin-when-cross-origin\" allowfullscreen><\/iframe>\n<\/div><\/figure>\n\n\n\n<p><a href=\"https:\/\/www.instagram.com\/thiagodemoraesoficial_\/\">https:\/\/www.instagram.com\/thiagodemoraesoficial_\/<\/a><\/p>\n\n\n\n<p><a href=\"https:\/\/www.instagram.com\/thiagodemoraes_apauta\/\">https:\/\/www.instagram.com\/thiagodemoraes_apauta\/<\/a><\/p>\n","protected":false},"excerpt":{"rendered":"<p>O podcast &#8220;A Pauta&#8221; chega como uma poderosa ferramenta de reflex\u00e3o e di\u00e1logo sobre temas&#8230;<\/p>\n","protected":false},"author":1,"featured_media":17362,"comment_status":"closed","ping_status":"open","sticky":false,"template":"","format":"standard","meta":{"om_disable_all_campaigns":false,"_monsterinsights_skip_tracking":false,"_monsterinsights_sitenote_active":false,"_monsterinsights_sitenote_note":"","_monsterinsights_sitenote_category":0,"spay_email":""},"categories":[27,1],"tags":[],"jetpack_featured_media_url":"https:\/\/vimagazine.com.br\/wp-content\/uploads\/2025\/01\/IMG-20250114-WA0121.jpg","_links":{"self":[{"href":"https:\/\/vimagazine.com.br\/index.php?rest_route=\/wp\/v2\/posts\/17361"}],"collection":[{"href":"https:\/\/vimagazine.com.br\/index.php?rest_route=\/wp\/v2\/posts"}],"about":[{"href":"https:\/\/vimagazine.com.br\/index.php?rest_route=\/wp\/v2\/types\/post"}],"author":[{"embeddable":true,"href":"https:\/\/vimagazine.com.br\/index.php?rest_route=\/wp\/v2\/users\/1"}],"replies":[{"embeddable":true,"href":"https:\/\/vimagazine.com.br\/index.php?rest_route=%2Fwp%2Fv2%2Fcomments&post=17361"}],"version-history":[{"count":1,"href":"https:\/\/vimagazine.com.br\/index.php?rest_route=\/wp\/v2\/posts\/17361\/revisions"}],"predecessor-version":[{"id":17364,"href":"https:\/\/vimagazine.com.br\/index.php?rest_route=\/wp\/v2\/posts\/17361\/revisions\/17364"}],"wp:featuredmedia":[{"embeddable":true,"href":"https:\/\/vimagazine.com.br\/index.php?rest_route=\/wp\/v2\/media\/17362"}],"wp:attachment":[{"href":"https:\/\/vimagazine.com.br\/index.php?rest_route=%2Fwp%2Fv2%2Fmedia&parent=17361"}],"wp:term":[{"taxonomy":"category","embeddable":true,"href":"https:\/\/vimagazine.com.br\/index.php?rest_route=%2Fwp%2Fv2%2Fcategories&post=17361"},{"taxonomy":"post_tag","embeddable":true,"href":"https:\/\/vimagazine.com.br\/index.php?rest_route=%2Fwp%2Fv2%2Ftags&post=17361"}],"curies":[{"name":"wp","href":"https:\/\/api.w.org\/{rel}","templated":true}]}}