{"id":17374,"date":"2025-01-18T11:44:49","date_gmt":"2025-01-18T14:44:49","guid":{"rendered":"https:\/\/vimagazine.com.br\/?p=17374"},"modified":"2025-01-18T12:32:09","modified_gmt":"2025-01-18T15:32:09","slug":"clarinha-alves-o-fenomeno-do-piseiro-que-esta-dominando-os-paredoes","status":"publish","type":"post","link":"https:\/\/vimagazine.com.br\/?p=17374","title":{"rendered":"Clarinha Alves: O Fen\u00f4meno do Piseiro que Est\u00e1 Dominando os Pared\u00f5es!"},"content":{"rendered":"\n<p>Quem entrou na &#8220;Vibe com Giu Cota&#8221; foi a cantora <strong><a href=\"https:\/\/www.instagram.com\/clarinhaalves_oficial?im\" title=\"Clarinha Alves\">Clarinha Alves<\/a><\/strong>.<\/p>\n\n\n\n<figure class=\"wp-block-image size-full is-resized\"><img src=\"https:\/\/vimagazine.com.br\/wp-content\/uploads\/2025\/01\/Foto-1-Clarinha.jpg\" alt=\"\" class=\"wp-image-17383\" width=\"839\" height=\"500\" srcset=\"https:\/\/vimagazine.com.br\/wp-content\/uploads\/2025\/01\/Foto-1-Clarinha.jpg 490w, https:\/\/vimagazine.com.br\/wp-content\/uploads\/2025\/01\/Foto-1-Clarinha-300x179.jpg 300w\" sizes=\"(max-width: 839px) 100vw, 839px\" \/><figcaption>Apresenta\u00e7\u00e3o No Programa Canta Comigo Teen<\/figcaption><\/figure>\n\n\n\n<p>Aos 17 anos, <strong><em>Clarinha Alves<\/em><\/strong>, natural de Salvador\/BA e residente em S\u00e3o Paulo, j\u00e1 \u00e9 um nome marcante no cen\u00e1rio musical. Com apenas 8 anos de carreira art\u00edstica, sendo 1 ano dedicado \u00e0 sua trajet\u00f3ria como cantora profissional, ela vem conquistando o p\u00fablico n\u00e3o s\u00f3 com sua voz potente, mas tamb\u00e9m com seu carisma e presen\u00e7a de palco irresist\u00edvel.<br>Desde muito nova, a m\u00fasica foi uma constante na vida de <strong>Clarinha<\/strong>. Cantava na igreja e em pe\u00e7as teatrais, e foi nesse ambiente que despertou sua paix\u00e3o pelo canto. Ap\u00f3s iniciar as aulas de canto, a jovem artista se entregou de corpo e alma \u00e0 sua carreira e, com o tempo, se tornou refer\u00eancia em seu estilo musical, sempre buscando inspira\u00e7\u00e3o em grandes nomes como <strong>Mari Fernandez<\/strong>, <strong>Brisa Star<\/strong>, <strong>Z\u00e9 Felipe<\/strong>, <strong>Melody<\/strong> e <strong>Xandy Avi\u00e3o<\/strong>.<br>Com sua prefer\u00eancia pelo piseiro e forr\u00f3, <strong>Clarinha<\/strong> tem se destacado no cen\u00e1rio nacional, conquistando pr\u00eamios importantes como o \u201c<strong>Melhores do Ano<\/strong>\u201d (duas vezes), o \u201c<strong>Pr\u00eamio Jovens Influencer<\/strong>\u201d e a faixa de \u201c<strong>Miss VIP Brasil 2021<\/strong>\u201d. Al\u00e9m disso, participou da primeira edi\u00e7\u00e3o do &#8220;<strong>Mulheres que Cantam Kids<\/strong>&#8220;, brilhou no palco do &#8220;<strong>Canta Comigo Teen<\/strong>&#8220;, onde se classificou para a semifinal, e se apresentou em grandes eventos, como na <strong>Arena Show-SP<\/strong>, sempre deixando sua marca por onde passa.<br>E a boa not\u00edcia n\u00e3o para por a\u00ed! <strong>Clarinha<\/strong> acaba de lan\u00e7ar duas m\u00fasicas, \u201c<strong><a href=\"https:\/\/open.spotify.com\/track\/4bxLcP6apx3JdHlNWGFreH?\" title=\"Farra e Pared\u00e3o\">Farra e Pared\u00e3o<\/a><\/strong>\u201d e \u201c<strong><a href=\"https:\/\/open.spotify.com\/track\/1LLq951uA1ZVjfE5iuSGNL?si=jvmn4T4lQ5iIz8YUWuD8NA&amp;context=spotify%3Aalbum%3A2SPoAQwYetMfxKlTZ0WOY2\" title=\"Ainda Te Amo\">Ainda Te Amo<\/a><\/strong>\u201d, ambas composi\u00e7\u00f5es suas e produzidas por <strong><a href=\"https:\/\/www.instagram.com\/petterferrazoficial\/\" title=\"Petter Ferraz\">Petter Ferraz<\/a><\/strong>. A faixa \u201c<strong>Farra e Pared\u00e3o<\/strong>\u201d, que j\u00e1 se mostra um grande sucesso, foi tocada em menos de 24h de lan\u00e7amento no <strong>CTN<\/strong> e nos pared\u00f5es do Nordeste, mostrando a for\u00e7a do seu talento e a recep\u00e7\u00e3o calorosa do p\u00fablico. A m\u00fasica tem tudo para ser o pr\u00f3ximo hit a dominar as paradas de forr\u00f3 e piseiro, e \u00e9 sem d\u00favida a can\u00e7\u00e3o que ela vai trabalhar com mais afinco nos pr\u00f3ximos meses.<\/p>\n\n\n\n<figure class=\"wp-block-image size-full is-resized\"><img src=\"https:\/\/vimagazine.com.br\/wp-content\/uploads\/2025\/01\/Foto-2-Clarinha.jpg\" alt=\"\" class=\"wp-image-17384\" width=\"837\" height=\"422\" srcset=\"https:\/\/vimagazine.com.br\/wp-content\/uploads\/2025\/01\/Foto-2-Clarinha.jpg 514w, https:\/\/vimagazine.com.br\/wp-content\/uploads\/2025\/01\/Foto-2-Clarinha-300x151.jpg 300w\" sizes=\"(max-width: 837px) 100vw, 837px\" \/><figcaption>Foto Divulga\u00e7\u00e3o<\/figcaption><\/figure>\n\n\n\n<p>Atualmente, <strong><em>Clarinha Alve<\/em><\/strong>s faz parte da produtora <strong><em><a href=\"https:\/\/www.instagram.com\/lovefunkprodutora\/\" title=\"LOVE FUNK\">LOVE FUNK<\/a><\/em><\/strong> e segue sua trajet\u00f3ria de sucesso, sempre com hits consecutivos e um p\u00fablico crescente. A cada apresenta\u00e7\u00e3o, ela reafirma seu potencial, mostrando que tem muito mais a oferecer. <strong>Clarinha<\/strong> \u00e9, sem d\u00favida, uma das grandes promessas da m\u00fasica brasileira, e sua jornada est\u00e1 apenas come\u00e7ando.<br>Com sua dedica\u00e7\u00e3o, talento e energia contagiante, ela promete ainda conquistar muitos outros palcos e cora\u00e7\u00f5es Brasil afora. <\/p>\n\n\n\n<p><strong>Giu Cota:<\/strong> Clarinha, com apenas 17 anos, voc\u00ea j\u00e1 conquistou tanto na m\u00fasica. Como voc\u00ea consegue equilibrar sua carreira com a vida pessoal e os estudos?<br><strong>Clarinha Alves:<\/strong> Eu sempre tento n\u00e3o misturar, estou no \u00faltimo ano da escola, ent\u00e3o sempre deixo os estudos em primeiro lugar, mas por eu estudar no turno da manh\u00e3, facilita muito o meu dia para focar nas grava\u00e7\u00f5es, composi\u00e7\u00f5es e conte\u00fados.<\/p>\n\n\n\n<p><strong>Giu Cota:<\/strong> Recentemente, voc\u00ea lan\u00e7ou as m\u00fasicas \u201cFarra e Pared\u00e3o\u201d e \u201cAinda Te Amo\u201d. O que essas can\u00e7\u00f5es representam para voc\u00ea e qual delas voc\u00ea acredita que vai ser o maior sucesso nos pr\u00f3ximos meses?<\/p>\n\n\n\n<p><strong>Clarinha Alves<\/strong>: Eu fiz proposital o tema delas, enquanto uma fala sobre, um tempo pra si, por\u00e9m ainda ama uma determinada pessoa (Ainda Te Amo), a outra (Farra e Pared\u00e3o) fala sobre desapego. Pode alcan\u00e7ar diferentes p\u00fablicos dependendo da situa\u00e7\u00e3o.<\/p>\n\n\n\n<p><strong>Giu Cota:<\/strong> Voc\u00ea tem como refer\u00eancia grandes nomes do piseiro e forr\u00f3, como Mari Fernandez e Xandy Avi\u00e3o. Se pudesse dividir o palco com qualquer um desses artistas, quem seria e o que voc\u00ea gostaria de aprender com eles?<br><strong>Clarinha Alves<\/strong>: Minha &#8220;\u00eddola&#8221; \u00e9 a Mari Fernandez, uso ela de refer\u00eancia em tudo, eu nem sei como descrever o que eu faria se tivesse essa oportunidade! Seria muito gratificante e realiza\u00e7\u00e3o de um sonho.<\/p>\n\n\n\n<figure class=\"wp-container-2 wp-block-gallery-1 wp-block-gallery has-nested-images columns-default is-cropped\">\n<figure class=\"wp-block-image size-large\"><img width=\"749\" height=\"1135\" data-id=\"17386\"  src=\"https:\/\/vimagazine.com.br\/wp-content\/uploads\/2025\/01\/clarinha-1.jpg\" alt=\"\" class=\"wp-image-17386\" srcset=\"https:\/\/vimagazine.com.br\/wp-content\/uploads\/2025\/01\/clarinha-1.jpg 749w, https:\/\/vimagazine.com.br\/wp-content\/uploads\/2025\/01\/clarinha-1-198x300.jpg 198w, https:\/\/vimagazine.com.br\/wp-content\/uploads\/2025\/01\/clarinha-1-676x1024.jpg 676w\" sizes=\"(max-width: 749px) 100vw, 749px\" \/><figcaption>Foto Divulga\u00e7\u00e3o <\/figcaption><\/figure>\n\n\n\n<figure class=\"wp-block-image size-large\"><img width=\"853\" height=\"1280\" data-id=\"17385\"  src=\"https:\/\/vimagazine.com.br\/wp-content\/uploads\/2025\/01\/clarinha-2.jpg\" alt=\"\" class=\"wp-image-17385\" srcset=\"https:\/\/vimagazine.com.br\/wp-content\/uploads\/2025\/01\/clarinha-2.jpg 853w, https:\/\/vimagazine.com.br\/wp-content\/uploads\/2025\/01\/clarinha-2-200x300.jpg 200w, https:\/\/vimagazine.com.br\/wp-content\/uploads\/2025\/01\/clarinha-2-682x1024.jpg 682w, https:\/\/vimagazine.com.br\/wp-content\/uploads\/2025\/01\/clarinha-2-768x1152.jpg 768w\" sizes=\"(max-width: 853px) 100vw, 853px\" \/><figcaption>Clarinha Alves<\/figcaption><\/figure>\n<\/figure>\n\n\n\n<p>Como ela mesma disse: <strong><em>\u201cCantar, pra mim, \u00e9 uma terapia, onde consigo desabafar algo que palavras n\u00e3o s\u00e3o capazes de expressar. \u00c9 um lugar onde me encontro em um &#8216;mundinho&#8217; s\u00f3 meu, e saber que h\u00e1 pessoas que t\u00eam o prazer de me ver compartilhar isso com elas me d\u00e1 mais for\u00e7as para evoluir e focar ainda mais no meu sonho.&#8221;<\/em><\/strong><br>Essas palavras refletem o compromisso de <strong>Clarinha<\/strong> com sua arte e com seu p\u00fablico, e \u00e9 exatamente isso que a torna uma artista t\u00e3o \u00fanica e inspiradora. Com um futuro brilhante pela frente, ela certamente continuar\u00e1 emocionando e conquistando cora\u00e7\u00f5es por onde passar.<\/p>\n\n\n\n<p>Acompanhe sempre a minha coluna #NaVibeComGiuCota &nbsp;na&nbsp;#ViMagazine&nbsp;para mais conte\u00fados exclusivos! para dicas exclusivas e entrevistas que fazem a diferen\u00e7a na sua vida!<\/p>\n\n\n\n<h1>#GiuCota #Podcast #PodCota #RobertoAssessor #Cinema #Musica #Piseiro #Lovemusic #Clarinhalves #Farraeparedao <\/h1>\n\n\n\n<p>Contato Assessoria Giu Cota:<br><strong><a href=\"https:\/\/www.instagram.com\/robertoassessor?\" title=\"Roberto Rodrigues\">Roberto Rodrigues<\/a><\/strong><\/p>\n\n\n\n<p><a href=\"https:\/\/www.instagram.com\/giucota?\" title=\"Giu Cota\n\"><strong>Giu Cota<\/strong><br><\/a>Colunista Vi Magazine<br>\u201cNa Vibe com Giu Cota\u201d<\/p>\n","protected":false},"excerpt":{"rendered":"<p>Quem entrou na &#8220;Vibe com Giu Cota&#8221; foi a cantora Clarinha Alves. Aos 17 anos,&#8230;<\/p>\n","protected":false},"author":37,"featured_media":0,"comment_status":"closed","ping_status":"open","sticky":false,"template":"","format":"standard","meta":{"om_disable_all_campaigns":false,"_monsterinsights_skip_tracking":false,"_monsterinsights_sitenote_active":false,"_monsterinsights_sitenote_note":"","_monsterinsights_sitenote_category":0,"spay_email":""},"categories":[1],"tags":[],"jetpack_featured_media_url":"","_links":{"self":[{"href":"https:\/\/vimagazine.com.br\/index.php?rest_route=\/wp\/v2\/posts\/17374"}],"collection":[{"href":"https:\/\/vimagazine.com.br\/index.php?rest_route=\/wp\/v2\/posts"}],"about":[{"href":"https:\/\/vimagazine.com.br\/index.php?rest_route=\/wp\/v2\/types\/post"}],"author":[{"embeddable":true,"href":"https:\/\/vimagazine.com.br\/index.php?rest_route=\/wp\/v2\/users\/37"}],"replies":[{"embeddable":true,"href":"https:\/\/vimagazine.com.br\/index.php?rest_route=%2Fwp%2Fv2%2Fcomments&post=17374"}],"version-history":[{"count":2,"href":"https:\/\/vimagazine.com.br\/index.php?rest_route=\/wp\/v2\/posts\/17374\/revisions"}],"predecessor-version":[{"id":17389,"href":"https:\/\/vimagazine.com.br\/index.php?rest_route=\/wp\/v2\/posts\/17374\/revisions\/17389"}],"wp:attachment":[{"href":"https:\/\/vimagazine.com.br\/index.php?rest_route=%2Fwp%2Fv2%2Fmedia&parent=17374"}],"wp:term":[{"taxonomy":"category","embeddable":true,"href":"https:\/\/vimagazine.com.br\/index.php?rest_route=%2Fwp%2Fv2%2Fcategories&post=17374"},{"taxonomy":"post_tag","embeddable":true,"href":"https:\/\/vimagazine.com.br\/index.php?rest_route=%2Fwp%2Fv2%2Ftags&post=17374"}],"curies":[{"name":"wp","href":"https:\/\/api.w.org\/{rel}","templated":true}]}}