{"id":17392,"date":"2025-01-18T19:56:18","date_gmt":"2025-01-18T22:56:18","guid":{"rendered":"https:\/\/vimagazine.com.br\/?p=17392"},"modified":"2025-01-18T20:11:56","modified_gmt":"2025-01-18T23:11:56","slug":"amazonissimo-uma-jornadas-da-para-super-foods-de-coragem-inovacao-e-amor-pela-amazonia","status":"publish","type":"post","link":"https:\/\/vimagazine.com.br\/?p=17392","title":{"rendered":"Amazon\u00edssimo: Uma jornada da Par\u00e1 Super Foods de Coragem, Inova\u00e7\u00e3o e Amor pela Amaz\u00f4nia"},"content":{"rendered":"\n<p>A hist\u00f3ria da Par\u00e1 Super Foods \u00e9 uma inspiradora narrativa de determina\u00e7\u00e3o e vis\u00e3o empreendedora e amor pela Amaz\u00f4nia, iniciada por Ivanilde Cardoso de Miranda Soares. Origin\u00e1ria do \u00e1rido Nordeste, Ivanilde que \u00e9 uma mulher extraordin\u00e1ria, decidiu buscar uma vida melhor na Amaz\u00f4nia, movida pelo sonho de reencontrar seu pai e construir um futuro mais promissor. Foi na exuber\u00e2ncia da floresta que ela encontrou sua verdadeira miss\u00e3o e o amor de sua vida, Raimundo Nonato Souza Soares.<\/p>\n\n\n\n<p>Desde jovem, Ivanilde enfrentou os desafios das lavouras amaz\u00f4nicas, trabalhando com plantios de pimenta e, mais tarde, frutos regionais. Em 1990, ingressou na Coopama, a primeira cooperativa exportadora de a\u00e7a\u00ed do mundo, onde adquiriu um profundo conhecimento sobre os benef\u00edcios dos frutos amaz\u00f4nicos. Esse marco foi decisivo para que, anos depois, ela fundasse a Par\u00e1 Mix, em 2006, dando in\u00edcio a uma trajet\u00f3ria que transformaria o mercado de a\u00e7a\u00ed no Brasil.<\/p>\n\n\n\n<p><\/p>\n\n\n\n<p><strong>Da Par\u00e1 Mix \u00e0 Par\u00e1 Super Foods: Inova\u00e7\u00e3o e Sustentabilidade<\/strong><\/p>\n\n\n\n<p>O que come\u00e7ou como um sonho tornou-se uma das maiores marcas do segmento. Em 2012, a gest\u00e3o da empresa passou a contar com o envolvimento direto de Raimundo e dos filhos, consolidando o neg\u00f3cio como um verdadeiro empreendimento familiar. Hoje, sob o nome Par\u00e1 Super Foods, a empresa vive um momento de expans\u00e3o internacional, aliando tecnologia e inova\u00e7\u00e3o aos princ\u00edpios de sustentabilidade e valoriza\u00e7\u00e3o da comunidade local.<\/p>\n\n\n\n<p>A Par\u00e1 Super Foods se diferencia n\u00e3o apenas pela qualidade de seus produtos, mas pelo compromisso com pr\u00e1ticas agroflorestais que respeitam a biodiversidade amaz\u00f4nica. A empresa mant\u00e9m rela\u00e7\u00f5es pr\u00f3ximas com comunidades ribeirinhas, fortalecendo a economia local enquanto promove desenvolvimento sustent\u00e1vel.<\/p>\n\n\n\n<p><\/p>\n\n\n\n<figure class=\"wp-container-2 wp-block-gallery-1 wp-block-gallery has-nested-images columns-2 is-cropped\">\n<figure class=\"wp-block-image size-large\"><img width=\"427\" height=\"608\" data-id=\"17393\"  src=\"https:\/\/vimagazine.com.br\/wp-content\/uploads\/2025\/01\/Amazonissimo_02.jpg\" alt=\"\" class=\"wp-image-17393\" srcset=\"https:\/\/vimagazine.com.br\/wp-content\/uploads\/2025\/01\/Amazonissimo_02.jpg 427w, https:\/\/vimagazine.com.br\/wp-content\/uploads\/2025\/01\/Amazonissimo_02-211x300.jpg 211w\" sizes=\"(max-width: 427px) 100vw, 427px\" \/><\/figure>\n\n\n\n<figure class=\"wp-block-image size-large\"><img width=\"423\" height=\"642\" data-id=\"17394\"  src=\"https:\/\/vimagazine.com.br\/wp-content\/uploads\/2025\/01\/Amazonissimo_03.jpg\" alt=\"\" class=\"wp-image-17394\" srcset=\"https:\/\/vimagazine.com.br\/wp-content\/uploads\/2025\/01\/Amazonissimo_03.jpg 423w, https:\/\/vimagazine.com.br\/wp-content\/uploads\/2025\/01\/Amazonissimo_03-198x300.jpg 198w\" sizes=\"(max-width: 423px) 100vw, 423px\" \/><\/figure>\n\n\n\n<figure class=\"wp-block-image size-large\"><img width=\"427\" height=\"417\" data-id=\"17395\"  src=\"https:\/\/vimagazine.com.br\/wp-content\/uploads\/2025\/01\/Amazonissimo_05.jpg\" alt=\"\" class=\"wp-image-17395\" srcset=\"https:\/\/vimagazine.com.br\/wp-content\/uploads\/2025\/01\/Amazonissimo_05.jpg 427w, https:\/\/vimagazine.com.br\/wp-content\/uploads\/2025\/01\/Amazonissimo_05-300x293.jpg 300w\" sizes=\"(max-width: 427px) 100vw, 427px\" \/><\/figure>\n<\/figure>\n\n\n\n<p><strong>Amazonissimo: O Novo Cap\u00edtulo da Fam\u00edlia Soares<\/strong><\/p>\n\n\n\n<p>A pr\u00f3xima grande aposta da Par\u00e1 Super Foods \u00e9 o lan\u00e7amento de sua marca de sorbets de a\u00e7a\u00ed, a <strong>Amazonissimo<\/strong>, em S\u00e3o Paulo. Liderado por Natan Soares, filho mais velho de Ivanilde, o projeto reflete o esp\u00edrito inovador da fam\u00edlia e a busca por levar o sabor e os benef\u00edcios do a\u00e7a\u00ed a novos p\u00fablicos. Natan, que descobriu no surf um paralelo com a for\u00e7a e resili\u00eancia da Amaz\u00f4nia, agora carrega a responsabilidade de dar continuidade ao legado de sua fam\u00edlia, combinando tradi\u00e7\u00e3o e modernidade.<\/p>\n\n\n\n<p><\/p>\n\n\n\n<p><\/p>\n\n\n\n<figure class=\"wp-block-image aligncenter size-full is-resized\"><img src=\"https:\/\/vimagazine.com.br\/wp-content\/uploads\/2025\/01\/WhatsApp-Image-2025-01-18-at-19.23.42.jpeg\" alt=\"\" class=\"wp-image-17399\" width=\"644\" height=\"665\" srcset=\"https:\/\/vimagazine.com.br\/wp-content\/uploads\/2025\/01\/WhatsApp-Image-2025-01-18-at-19.23.42.jpeg 858w, https:\/\/vimagazine.com.br\/wp-content\/uploads\/2025\/01\/WhatsApp-Image-2025-01-18-at-19.23.42-291x300.jpeg 291w, https:\/\/vimagazine.com.br\/wp-content\/uploads\/2025\/01\/WhatsApp-Image-2025-01-18-at-19.23.42-768x793.jpeg 768w\" sizes=\"(max-width: 644px) 100vw, 644px\" \/><\/figure>\n\n\n\n<p><\/p>\n\n\n\n<p>Amazon\u00edssimo e o <strong>Compromisso com o Esporte <\/strong><\/p>\n\n\n\n<p>Al\u00e9m de se destacar no mercado de alimentos, a Par\u00e1 Super Foods tamb\u00e9m atua fortemente no universo esportivo. Acreditando no poder revitalizante do a\u00e7a\u00ed, a empresa patrocina atletas que refletem a energia e o esp\u00edrito guerreiro amaz\u00f4nico. Entre eles est\u00e1 Arno Anheli, recordista mundial, que se prepara para enfrentar novos desafios na piscina de ondas do Deserto de Ondas em Abu Dhabi.<\/p>\n\n\n\n<p>O patroc\u00ednio a atletas como Arno demonstra o compromisso da Par\u00e1 Super Foods em promover um estilo de vida saud\u00e1vel e ativo. Segundo Ivanilde, a vitalidade proporcionada pelo a\u00e7a\u00ed est\u00e1 enraizada na pr\u00f3pria ess\u00eancia do fruto: basta observar os ribeirinhos que, mesmo em idade avan\u00e7ada, sobem nas palmeiras com vigor impressionante.<\/p>\n\n\n\n<p><\/p>\n\n\n\n<figure class=\"wp-block-image aligncenter size-full\"><img width=\"701\" height=\"489\" src=\"https:\/\/vimagazine.com.br\/wp-content\/uploads\/2025\/01\/WhatsApp-Image-2025-01-11-at-21.09.50.jpeg\" alt=\"\" class=\"wp-image-17402\" srcset=\"https:\/\/vimagazine.com.br\/wp-content\/uploads\/2025\/01\/WhatsApp-Image-2025-01-11-at-21.09.50.jpeg 701w, https:\/\/vimagazine.com.br\/wp-content\/uploads\/2025\/01\/WhatsApp-Image-2025-01-11-at-21.09.50-300x209.jpeg 300w\" sizes=\"(max-width: 701px) 100vw, 701px\" \/><\/figure>\n\n\n\n<p><\/p>\n\n\n\n<p><strong>Uma Marca que Representa a Amaz\u00f4nia<\/strong><\/p>\n\n\n\n<p>Ao longo de sua jornada, a Par\u00e1 Super Foods consolidou-se como um s\u00edmbolo de coragem, inova\u00e7\u00e3o e amor pela Amaz\u00f4nia. Desde suas origens humildes at\u00e9 a internacionaliza\u00e7\u00e3o, a marca permanece fiel a seus valores: respeito \u00e0 natureza, fortalecimento das comunidades locais e busca constante por excel\u00eancia. Com o lan\u00e7amento da Amazonissimo e o apoio a iniciativas esportivas, a empresa reafirma sua miss\u00e3o de levar o esp\u00edrito da Amaz\u00f4nia ao mundo.<\/p>\n\n\n\n<figure class=\"wp-block-image aligncenter size-large is-resized\"><img src=\"https:\/\/vimagazine.com.br\/wp-content\/uploads\/2025\/01\/Amazonissimo_-1-1024x284.jpg\" alt=\"\" class=\"wp-image-17397\" width=\"512\" height=\"142\" srcset=\"https:\/\/vimagazine.com.br\/wp-content\/uploads\/2025\/01\/Amazonissimo_-1-1024x284.jpg 1024w, https:\/\/vimagazine.com.br\/wp-content\/uploads\/2025\/01\/Amazonissimo_-1-300x83.jpg 300w, https:\/\/vimagazine.com.br\/wp-content\/uploads\/2025\/01\/Amazonissimo_-1-768x213.jpg 768w, https:\/\/vimagazine.com.br\/wp-content\/uploads\/2025\/01\/Amazonissimo_-1-1536x426.jpg 1536w, https:\/\/vimagazine.com.br\/wp-content\/uploads\/2025\/01\/Amazonissimo_-1.jpg 1920w\" sizes=\"(max-width: 512px) 100vw, 512px\" \/><\/figure>\n","protected":false},"excerpt":{"rendered":"<p>A hist\u00f3ria da Par\u00e1 Super Foods \u00e9 uma inspiradora narrativa de determina\u00e7\u00e3o e vis\u00e3o empreendedora&#8230;<\/p>\n","protected":false},"author":1,"featured_media":17398,"comment_status":"closed","ping_status":"open","sticky":false,"template":"","format":"standard","meta":{"om_disable_all_campaigns":false,"_monsterinsights_skip_tracking":false,"_monsterinsights_sitenote_active":false,"_monsterinsights_sitenote_note":"","_monsterinsights_sitenote_category":0,"spay_email":""},"categories":[1],"tags":[],"jetpack_featured_media_url":"https:\/\/vimagazine.com.br\/wp-content\/uploads\/2025\/01\/DESTAQUE.jpg","_links":{"self":[{"href":"https:\/\/vimagazine.com.br\/index.php?rest_route=\/wp\/v2\/posts\/17392"}],"collection":[{"href":"https:\/\/vimagazine.com.br\/index.php?rest_route=\/wp\/v2\/posts"}],"about":[{"href":"https:\/\/vimagazine.com.br\/index.php?rest_route=\/wp\/v2\/types\/post"}],"author":[{"embeddable":true,"href":"https:\/\/vimagazine.com.br\/index.php?rest_route=\/wp\/v2\/users\/1"}],"replies":[{"embeddable":true,"href":"https:\/\/vimagazine.com.br\/index.php?rest_route=%2Fwp%2Fv2%2Fcomments&post=17392"}],"version-history":[{"count":3,"href":"https:\/\/vimagazine.com.br\/index.php?rest_route=\/wp\/v2\/posts\/17392\/revisions"}],"predecessor-version":[{"id":17404,"href":"https:\/\/vimagazine.com.br\/index.php?rest_route=\/wp\/v2\/posts\/17392\/revisions\/17404"}],"wp:featuredmedia":[{"embeddable":true,"href":"https:\/\/vimagazine.com.br\/index.php?rest_route=\/wp\/v2\/media\/17398"}],"wp:attachment":[{"href":"https:\/\/vimagazine.com.br\/index.php?rest_route=%2Fwp%2Fv2%2Fmedia&parent=17392"}],"wp:term":[{"taxonomy":"category","embeddable":true,"href":"https:\/\/vimagazine.com.br\/index.php?rest_route=%2Fwp%2Fv2%2Fcategories&post=17392"},{"taxonomy":"post_tag","embeddable":true,"href":"https:\/\/vimagazine.com.br\/index.php?rest_route=%2Fwp%2Fv2%2Ftags&post=17392"}],"curies":[{"name":"wp","href":"https:\/\/api.w.org\/{rel}","templated":true}]}}