{"id":17408,"date":"2025-01-21T10:58:43","date_gmt":"2025-01-21T13:58:43","guid":{"rendered":"https:\/\/vimagazine.com.br\/?p=17408"},"modified":"2025-01-21T10:58:43","modified_gmt":"2025-01-21T13:58:43","slug":"cabines-sonorizadas-da-fg-big-wheel-tocam-o-hit-que-dominou-o-verao-catarinense-descer-pra-bc","status":"publish","type":"post","link":"https:\/\/vimagazine.com.br\/?p=17408","title":{"rendered":"Cabines sonorizadas da FG Big Wheel tocam o hit que dominou o ver\u00e3o catarinense &#8211; Descer pra BC\u00a0"},"content":{"rendered":"\n<p><\/p>\n\n\n\n<p class=\"has-medium-font-size\"><strong>O hit do ver\u00e3o, de Brenno e Matheus, embala os passeios na roda gigante de Balne\u00e1rio Cambori\u00fa<\/strong><\/p>\n\n\n\n<p>A m\u00fasica, Descer pra BC\u2019, da dupla sertaneja Brenno e Matheus, m\u00fasica mais tocada nas plataformas de m\u00fasica do Brasil e que viralizou nas redes sociais, agora embala os passeios nas alturas da FG Big Wheel, em Balne\u00e1rio Cambori\u00fa.<\/p>\n\n\n\n<p>Lan\u00e7ada em novembro, o hit dominou as playlists e se tornou a trilha sonora mais ouvida nas 36 cabines da roda gigante equipadas com Bluetooth. Os visitantes podem curtir suas m\u00fasicas preferidas, enquanto apreciam a vista panor\u00e2mica da orla durante o dia ou o brilho do skyline \u00e0 noite.<\/p>\n\n\n\n<p>\u201cDesde que a m\u00fasica alcan\u00e7ou sucesso nacional, ela se tornou a trilha sonora das nossas cabines com bluetooth. Sempre que desembarcamos os visitantes, a can\u00e7\u00e3o est\u00e1 tocando, e \u00e9 incr\u00edvel ver a rea\u00e7\u00e3o das pessoas. Casais, fam\u00edlias inteiras e at\u00e9 crian\u00e7as descem dan\u00e7ando e se divertindo. Ali\u00e1s, \u00e9 s\u00f3 avisarmos que a cabine tem o dispositivo que logo ouvimos: &#8216;Vou tocar Descer pra BC!&#8217;,&#8221; conta Rone Cesar Braga Martires, l\u00edder de embarque da roda-gigante.<\/p>\n\n\n\n<p><\/p>\n\n\n\n<figure class=\"wp-block-image size-large\"><img width=\"1024\" height=\"581\" src=\"https:\/\/vimagazine.com.br\/wp-content\/uploads\/2025\/01\/Credito_Tiba-_-Brenno-Matheus-1-1024x581.jpeg\" alt=\"\" class=\"wp-image-17409\" srcset=\"https:\/\/vimagazine.com.br\/wp-content\/uploads\/2025\/01\/Credito_Tiba-_-Brenno-Matheus-1-1024x581.jpeg 1024w, https:\/\/vimagazine.com.br\/wp-content\/uploads\/2025\/01\/Credito_Tiba-_-Brenno-Matheus-1-300x170.jpeg 300w, https:\/\/vimagazine.com.br\/wp-content\/uploads\/2025\/01\/Credito_Tiba-_-Brenno-Matheus-1-768x436.jpeg 768w, https:\/\/vimagazine.com.br\/wp-content\/uploads\/2025\/01\/Credito_Tiba-_-Brenno-Matheus-1-1536x872.jpeg 1536w, https:\/\/vimagazine.com.br\/wp-content\/uploads\/2025\/01\/Credito_Tiba-_-Brenno-Matheus-1.jpeg 1600w\" sizes=\"(max-width: 1024px) 100vw, 1024px\" \/><\/figure>\n\n\n\n<p><\/p>\n\n\n\n<p><strong>Brenno e Matheus declaram amor a BC<\/strong><\/p>\n\n\n\n<p>Para a dupla, natural de Astorga, no Paran\u00e1, \u00e9 uma grande honra saber que a m\u00fasica tem sido a escolhida por tantos visitantes da FG Big Wheel. \u201cDescer pra BC \u00e9 uma grande homenagem \u00e0 cidade de Balne\u00e1rio Cambori\u00fa, a sua beleza e ao seu povo t\u00e3o acolhedor. Quando soubemos que a m\u00fasica era tema nas cabines da roda gigante, ficamos extremamente felizes\u201d, destaca Matheus.<\/p>\n\n\n\n<p>A atra\u00e7\u00e3o tur\u00edstica do Pontal Norte, faz parte de um dos principais cen\u00e1rios do clipe oficial de Brenno e Matheus, gravado em Balne\u00e1rio Cambori\u00fa. Lan\u00e7ado h\u00e1 apenas um m\u00eas no canal oficial dos sertanejos no YouTube, o v\u00eddeo j\u00e1 ultrapassou a marca de 30 milh\u00f5es de visualiza\u00e7\u00f5es, consolidando o sucesso e refor\u00e7ando a conex\u00e3o da cidade com a m\u00fasica que virou febre neste ver\u00e3o.<\/p>\n\n\n\n<p>\u201cA roda gigante faz parte do cart\u00e3o postal da cidade e no nosso clipe fizemos quest\u00e3o de traz\u00ea-la para que as pessoas que assistissem ao clipe possam conhecer mais os detalhes dessa cidade que tanto amamos,\u201d ressalta Brenno, que est\u00e1 na estrada ao lado de Matheus h\u00e1 dez anos.<\/p>\n\n\n\n<p>Durante a grava\u00e7\u00e3o do clipe na cidade, a FG Big Wheel prestou uma homenagem especial \u00e0 dupla com uma ilumina\u00e7\u00e3o tem\u00e1tica. O refr\u00e3o de \u2018Descer pra BC\u2019 iluminou os aros da roda-gigante, e as imagens rapidamente viralizaram nas redes sociais. Brenno e Matheus, que aproveitavam a noite em uma lancha pr\u00f3xima \u00e0 atra\u00e7\u00e3o, aproveitaram o momento para registrar a homenagem em um reels publicado nas redes da dupla.&#8221;<\/p>\n\n\n\n<p><strong>Cabines sonorizadas com tecnologia catarinense<\/strong><\/p>\n\n\n\n<p>O sistema de sonoriza\u00e7\u00e3o das cabines da FG Big Wheel foi desenvolvido pela Frahm, uma empresa catarinense de Rio do Sul com 63 anos de hist\u00f3ria e pioneira em tecnologias avan\u00e7adas.<\/p>\n\n\n\n<p>Com uma vista deslumbrante de Balne\u00e1rio Cambori\u00fa e a trilha sonora perfeita, a volta de 20 minutos na roda gigante se torna uma experi\u00eancia ainda mais inesquec\u00edvel para os amigos, fam\u00edlias e os casais apaixonados, que inclusive podem escolher uma cabine tem\u00e1tica.<\/p>\n\n\n\n<p>Para atender a grande demanda do ver\u00e3o, neste m\u00eas de janeiro, a FG Big Wheel est\u00e1 aberta todos os dias, das 9h \u00e0s 21h. Mais informa\u00e7\u00f5es e compra antecipada de ingressos pelo site\u00a0<a href=\"http:\/\/www.fgbigwheel.com.br\/\" target=\"_blank\" rel=\"noreferrer noopener\">www.fgbigwheel.com.br<\/a>.<\/p>\n\n\n\n<p><\/p>\n\n\n\n<p><\/p>\n","protected":false},"excerpt":{"rendered":"<p>O hit do ver\u00e3o, de Brenno e Matheus, embala os passeios na roda gigante de&#8230;<\/p>\n","protected":false},"author":1,"featured_media":17410,"comment_status":"closed","ping_status":"open","sticky":false,"template":"","format":"standard","meta":{"om_disable_all_campaigns":false,"_monsterinsights_skip_tracking":false,"_monsterinsights_sitenote_active":false,"_monsterinsights_sitenote_note":"","_monsterinsights_sitenote_category":0,"spay_email":""},"categories":[1],"tags":[],"jetpack_featured_media_url":"https:\/\/vimagazine.com.br\/wp-content\/uploads\/2025\/01\/Credito_Tiba-_-Brenno-Matheus-4.jpeg","_links":{"self":[{"href":"https:\/\/vimagazine.com.br\/index.php?rest_route=\/wp\/v2\/posts\/17408"}],"collection":[{"href":"https:\/\/vimagazine.com.br\/index.php?rest_route=\/wp\/v2\/posts"}],"about":[{"href":"https:\/\/vimagazine.com.br\/index.php?rest_route=\/wp\/v2\/types\/post"}],"author":[{"embeddable":true,"href":"https:\/\/vimagazine.com.br\/index.php?rest_route=\/wp\/v2\/users\/1"}],"replies":[{"embeddable":true,"href":"https:\/\/vimagazine.com.br\/index.php?rest_route=%2Fwp%2Fv2%2Fcomments&post=17408"}],"version-history":[{"count":1,"href":"https:\/\/vimagazine.com.br\/index.php?rest_route=\/wp\/v2\/posts\/17408\/revisions"}],"predecessor-version":[{"id":17411,"href":"https:\/\/vimagazine.com.br\/index.php?rest_route=\/wp\/v2\/posts\/17408\/revisions\/17411"}],"wp:featuredmedia":[{"embeddable":true,"href":"https:\/\/vimagazine.com.br\/index.php?rest_route=\/wp\/v2\/media\/17410"}],"wp:attachment":[{"href":"https:\/\/vimagazine.com.br\/index.php?rest_route=%2Fwp%2Fv2%2Fmedia&parent=17408"}],"wp:term":[{"taxonomy":"category","embeddable":true,"href":"https:\/\/vimagazine.com.br\/index.php?rest_route=%2Fwp%2Fv2%2Fcategories&post=17408"},{"taxonomy":"post_tag","embeddable":true,"href":"https:\/\/vimagazine.com.br\/index.php?rest_route=%2Fwp%2Fv2%2Ftags&post=17408"}],"curies":[{"name":"wp","href":"https:\/\/api.w.org\/{rel}","templated":true}]}}