{"id":17412,"date":"2025-01-21T14:14:02","date_gmt":"2025-01-21T17:14:02","guid":{"rendered":"https:\/\/vimagazine.com.br\/?p=17412"},"modified":"2025-01-21T14:14:03","modified_gmt":"2025-01-21T17:14:03","slug":"fabi-frota-e-anunciada-como-a-primeira-madrinha-oficial-de-tradicional-camarote-do-anhembi","status":"publish","type":"post","link":"https:\/\/vimagazine.com.br\/?p=17412","title":{"rendered":"Fabi Frota \u00e9 anunciada como a primeira madrinha oficial de tradicional camarote do Anhembi"},"content":{"rendered":"\n<figure class=\"wp-block-image size-large\"><img width=\"1024\" height=\"683\" src=\"https:\/\/vimagazine.com.br\/wp-content\/uploads\/2025\/01\/Fabi-Frota-e-Walerio-Araujo-01-1024x683.jpeg\" alt=\"\" class=\"wp-image-17413\" srcset=\"https:\/\/vimagazine.com.br\/wp-content\/uploads\/2025\/01\/Fabi-Frota-e-Walerio-Araujo-01-1024x683.jpeg 1024w, https:\/\/vimagazine.com.br\/wp-content\/uploads\/2025\/01\/Fabi-Frota-e-Walerio-Araujo-01-300x200.jpeg 300w, https:\/\/vimagazine.com.br\/wp-content\/uploads\/2025\/01\/Fabi-Frota-e-Walerio-Araujo-01-768x512.jpeg 768w, https:\/\/vimagazine.com.br\/wp-content\/uploads\/2025\/01\/Fabi-Frota-e-Walerio-Araujo-01-1536x1024.jpeg 1536w, https:\/\/vimagazine.com.br\/wp-content\/uploads\/2025\/01\/Fabi-Frota-e-Walerio-Araujo-01.jpeg 1920w\" sizes=\"(max-width: 1024px) 100vw, 1024px\" \/><\/figure>\n\n\n\n<p>O clima j\u00e1 est\u00e1 quente para o Carnaval Paulistano e j\u00e1 entramos na Contagem Regressiva para o Carnaval 2025!&nbsp; &nbsp;&nbsp;<\/p>\n\n\n\n<p>O Carnaval est\u00e1 chegando, e o Camarote Confraria j\u00e1 come\u00e7ou a escrever sua hist\u00f3ria de brilho e emo\u00e7\u00e3o com a nomea\u00e7\u00e3o de Fabi Frota como sua primeira madrinha oficial! Em um ensaio fotogr\u00e1fico realizado no Samb\u00f3dromo do Anhembi no \u00faltimo dia 16 de janeiro, Fabi encantou com sua eleg\u00e2ncia, carisma e a energia \u00fanica que promete contagiar o maior espet\u00e1culo da Terra.<\/p>\n\n\n\n<p>Vestindo figurinos deslumbrantes assinados pelo renomado estilista Wal\u00e9rio Ara\u00fajo, conhecido por suas cria\u00e7\u00f5es ic\u00f4nicas para a Vogue e o Baile da Vogue, Fabi brilhou como nunca. Os acess\u00f3rios de cabe\u00e7a exclusivos, desenvolvidos especialmente para a ocasi\u00e3o, elevaram o ensaio a um n\u00edvel de glamour e sofistica\u00e7\u00e3o incompar\u00e1veis, marcando o in\u00edcio de um Carnaval que ficar\u00e1 na mem\u00f3ria de todos.<\/p>\n\n\n\n<p>Fabi Frota n\u00e3o \u00e9 apenas um rosto bonito; sua trajet\u00f3ria no Camarote Confraria e sua conex\u00e3o genu\u00edna com o p\u00fablico fizeram dela a escolha perfeita para representar os valores do camarote: autenticidade, respeito e dedica\u00e7\u00e3o. Como madrinha, ela ser\u00e1 a personifica\u00e7\u00e3o da magia do Carnaval e um \u00edcone de alegria e inspira\u00e7\u00e3o para todos os foli\u00f5es.<\/p>\n\n\n\n<p><strong>Dennis Hartmann, Diretor Geral do Camarote Confraria:<\/strong><\/p>\n\n\n\n<p>\u201cA Fabi Frota sempre foi uma presen\u00e7a marcante no nosso camarote, mas seu carinho com os f\u00e3s, sua simpatia e a maneira como ela representa a ess\u00eancia do Carnaval foram decisivos para sua escolha como madrinha. Ela \u00e9 a embaixadora perfeita dos valores que prezamos e do esp\u00edrito do Carnaval que queremos transmitir.\u201d<\/p>\n\n\n\n<p><strong>Um Carnaval Hist\u00f3rico e Inesquec\u00edvel<\/strong><\/p>\n\n\n\n<p>O Camarote Confraria, com sua madrinha oficial Fabi Frota, j\u00e1 se consolida como um dos espa\u00e7os mais disputados e vibrantes do Carnaval 2025. Prepare-se para momentos ic\u00f4nicos, muita emo\u00e7\u00e3o e uma experi\u00eancia \u00fanica no Samb\u00f3dromo do Anhembi.<\/p>\n\n\n\n<p><strong>Produ\u00e7\u00e3o e Cr\u00e9ditos:<\/strong><br>\u2022 Figurinos Exclusivos: @walerioaraujo<br>\u2022 Styling e Coordena\u00e7\u00e3o: @ellegancycosturas<br>\u2022 Agradecimentos: @trtudz, @ligacarnavalsp, @gleventsbrasil, @camaroteconfraria<\/p>\n\n\n\n<p>Combinando o talento de profissionais de ponta, uma produ\u00e7\u00e3o impec\u00e1vel e a presen\u00e7a iluminada de Fabi Frota, o Carnaval 2025 j\u00e1 \u00e9 um marco na hist\u00f3ria do Camarote Confraria.<\/p>\n\n\n\n<p><strong>Cr\u00e9dito das Fotos: TrTudz \/ Renato Cipriano &#8211; Divulga\u00e7\u00e3o<\/strong><\/p>\n","protected":false},"excerpt":{"rendered":"<p>O clima j\u00e1 est\u00e1 quente para o Carnaval Paulistano e j\u00e1 entramos na Contagem Regressiva&#8230;<\/p>\n","protected":false},"author":19,"featured_media":17414,"comment_status":"closed","ping_status":"open","sticky":false,"template":"","format":"standard","meta":{"om_disable_all_campaigns":false,"_monsterinsights_skip_tracking":false,"_monsterinsights_sitenote_active":false,"_monsterinsights_sitenote_note":"","_monsterinsights_sitenote_category":0,"spay_email":""},"categories":[1],"tags":[],"jetpack_featured_media_url":"https:\/\/vimagazine.com.br\/wp-content\/uploads\/2025\/01\/Fabi-Frota-01.jpeg","_links":{"self":[{"href":"https:\/\/vimagazine.com.br\/index.php?rest_route=\/wp\/v2\/posts\/17412"}],"collection":[{"href":"https:\/\/vimagazine.com.br\/index.php?rest_route=\/wp\/v2\/posts"}],"about":[{"href":"https:\/\/vimagazine.com.br\/index.php?rest_route=\/wp\/v2\/types\/post"}],"author":[{"embeddable":true,"href":"https:\/\/vimagazine.com.br\/index.php?rest_route=\/wp\/v2\/users\/19"}],"replies":[{"embeddable":true,"href":"https:\/\/vimagazine.com.br\/index.php?rest_route=%2Fwp%2Fv2%2Fcomments&post=17412"}],"version-history":[{"count":1,"href":"https:\/\/vimagazine.com.br\/index.php?rest_route=\/wp\/v2\/posts\/17412\/revisions"}],"predecessor-version":[{"id":17415,"href":"https:\/\/vimagazine.com.br\/index.php?rest_route=\/wp\/v2\/posts\/17412\/revisions\/17415"}],"wp:featuredmedia":[{"embeddable":true,"href":"https:\/\/vimagazine.com.br\/index.php?rest_route=\/wp\/v2\/media\/17414"}],"wp:attachment":[{"href":"https:\/\/vimagazine.com.br\/index.php?rest_route=%2Fwp%2Fv2%2Fmedia&parent=17412"}],"wp:term":[{"taxonomy":"category","embeddable":true,"href":"https:\/\/vimagazine.com.br\/index.php?rest_route=%2Fwp%2Fv2%2Fcategories&post=17412"},{"taxonomy":"post_tag","embeddable":true,"href":"https:\/\/vimagazine.com.br\/index.php?rest_route=%2Fwp%2Fv2%2Ftags&post=17412"}],"curies":[{"name":"wp","href":"https:\/\/api.w.org\/{rel}","templated":true}]}}