{"id":17425,"date":"2025-01-25T02:25:00","date_gmt":"2025-01-25T05:25:00","guid":{"rendered":"https:\/\/vimagazine.com.br\/?p=17425"},"modified":"2025-01-25T02:25:02","modified_gmt":"2025-01-25T05:25:02","slug":"rede-vivax-tv-tera-programacao-especial-no-aniversario-de-sao-paulo","status":"publish","type":"post","link":"https:\/\/vimagazine.com.br\/?p=17425","title":{"rendered":"<strong>Rede VIVAX TV ter\u00e1 programa\u00e7\u00e3o Especial no Anivers\u00e1rio de S\u00e3o Paulo<\/strong>"},"content":{"rendered":"\n<p class=\"has-text-align-center\"><em>Uma Celebra\u00e7\u00e3o de Cultura e Entretenimento para Toda a Fam\u00edlia<\/em><\/p>\n\n\n\n<p>No pr\u00f3ximo dia 25 de janeiro a Rede VIVAX TV celebrar\u00e1 em grande estilo os 471 anos de S\u00e3o Paulo. Para tanto a emissora preparou uma programa\u00e7\u00e3o repleta de atra\u00e7\u00f5es que far\u00e1 da data um dia superespecial, o que promete emocionar e entreter toda a fam\u00edlia. Confira os principais destaques abaixo:<\/p>\n\n\n\n<figure class=\"wp-block-table\"><table><thead><tr><td><strong>Hor\u00e1rio<\/strong><\/td><td><strong>Programa<\/strong><\/td><td><strong>Descri\u00e7\u00e3o<\/strong><\/td><\/tr><\/thead><tbody><tr><td>13:00 &#8211; 14:30<\/td><td>DJ<\/td><td>Apresenta\u00e7\u00e3o de DJ com os hits do momento.<\/td><\/tr><tr><td>14:30 &#8211; 15:30<\/td><td>Naninha<\/td><td>Show de talentos, ideal para a garotada.<\/td><\/tr><tr><td>15:30 &#8211; 16:30<\/td><td>Gavi\u00f5es da Fiel<\/td><td>Desfile da torcida, celebrando a paix\u00e3o pelo futebol.<\/td><\/tr><tr><td>16:30 &#8211; 17:30<\/td><td>Naninha<\/td><td>Continua\u00e7\u00e3o do show com novas atra\u00e7\u00f5es.<\/td><\/tr><tr><td>17:30 &#8211; 18:30<\/td><td>Vila Isabel (a confirmar)<\/td><td>Apresenta\u00e7\u00e3o de samba e homenagens \u00e0 cultura carioca (aguardando confirma\u00e7\u00e3o).<\/td><\/tr><tr><td>19:30 &#8211; 22:30<\/td><td>Aline Nascimento<\/td><td>Show ao vivo com a artista consagrada, trazendo seus maiores sucessos.<\/td><\/tr><tr><td>23:00 &#8211; 01:00<\/td><td>Clube do Balan\u00e7o<\/td><td>Festividade de dan\u00e7a e m\u00fasica para encerrar a comemora\u00e7\u00e3o com chave de ouro.<\/td><\/tr><\/tbody><\/table><\/figure>\n\n\n\n<p><strong><em>Destaques da Programa\u00e7\u00e3o<\/em><\/strong><\/p>\n\n\n\n<p>Celebra\u00e7\u00f5es ao Vivo: Acompanhe as festividades que acontecer\u00e3o em v\u00e1rias partes da cidade, com a presen\u00e7a de celebridades e personalidades que compartilham seu amor por S\u00e3o Paulo.<\/p>\n\n\n\n<p><strong>Conte\u00fado Variado:<\/strong> A programa\u00e7\u00e3o inclui m\u00fasica, dan\u00e7a e performances que refletem a cultura vibrante da cidade, garantindo entretenimento para todos os gostos.<\/p>\n\n\n\n<figure class=\"wp-block-image size-full is-resized\"><img src=\"https:\/\/vimagazine.com.br\/wp-content\/uploads\/2025\/01\/Foto-Joao-Beli.jpg\" alt=\"Rede VIVAX TV ter\u00e1 programa\u00e7\u00e3o Especial no Anivers\u00e1rio de S\u00e3o Paulo\" class=\"wp-image-17426\" width=\"841\" height=\"549\" srcset=\"https:\/\/vimagazine.com.br\/wp-content\/uploads\/2025\/01\/Foto-Joao-Beli.jpg 757w, https:\/\/vimagazine.com.br\/wp-content\/uploads\/2025\/01\/Foto-Joao-Beli-300x196.jpg 300w\" sizes=\"(max-width: 841px) 100vw, 841px\" \/><\/figure>\n\n\n\n<p><strong><em>Participa\u00e7\u00e3o Especial<\/em><\/strong><\/p>\n\n\n\n<p>Ao longo da programa\u00e7\u00e3o, diversas personalidades e influenciadores estar\u00e3o presentes para interagir com o p\u00fablico, compartilhar hist\u00f3rias e celebrar a rica hist\u00f3ria de S\u00e3o Paulo.<\/p>\n\n\n\n<p>Com essa programa\u00e7\u00e3o diversificada e cheia de magia, a Rede VIVAX TV reafirma seu compromisso com a qualidade e inova\u00e7\u00e3o, proporcionando momentos inesquec\u00edveis para fam\u00edlias e amigos. Prepare-se para comemorar esta data t\u00e3o significativa!<\/p>\n","protected":false},"excerpt":{"rendered":"<p>Uma Celebra\u00e7\u00e3o de Cultura e Entretenimento para Toda a Fam\u00edlia No pr\u00f3ximo dia 25 de&#8230;<\/p>\n","protected":false},"author":2,"featured_media":17427,"comment_status":"closed","ping_status":"open","sticky":false,"template":"","format":"standard","meta":{"om_disable_all_campaigns":false,"_monsterinsights_skip_tracking":false,"_monsterinsights_sitenote_active":false,"_monsterinsights_sitenote_note":"","_monsterinsights_sitenote_category":0,"spay_email":""},"categories":[26,1],"tags":[998],"jetpack_featured_media_url":"https:\/\/vimagazine.com.br\/wp-content\/uploads\/2025\/01\/Foto-de-Fernanda-Ishida-2.jpg","_links":{"self":[{"href":"https:\/\/vimagazine.com.br\/index.php?rest_route=\/wp\/v2\/posts\/17425"}],"collection":[{"href":"https:\/\/vimagazine.com.br\/index.php?rest_route=\/wp\/v2\/posts"}],"about":[{"href":"https:\/\/vimagazine.com.br\/index.php?rest_route=\/wp\/v2\/types\/post"}],"author":[{"embeddable":true,"href":"https:\/\/vimagazine.com.br\/index.php?rest_route=\/wp\/v2\/users\/2"}],"replies":[{"embeddable":true,"href":"https:\/\/vimagazine.com.br\/index.php?rest_route=%2Fwp%2Fv2%2Fcomments&post=17425"}],"version-history":[{"count":1,"href":"https:\/\/vimagazine.com.br\/index.php?rest_route=\/wp\/v2\/posts\/17425\/revisions"}],"predecessor-version":[{"id":17428,"href":"https:\/\/vimagazine.com.br\/index.php?rest_route=\/wp\/v2\/posts\/17425\/revisions\/17428"}],"wp:featuredmedia":[{"embeddable":true,"href":"https:\/\/vimagazine.com.br\/index.php?rest_route=\/wp\/v2\/media\/17427"}],"wp:attachment":[{"href":"https:\/\/vimagazine.com.br\/index.php?rest_route=%2Fwp%2Fv2%2Fmedia&parent=17425"}],"wp:term":[{"taxonomy":"category","embeddable":true,"href":"https:\/\/vimagazine.com.br\/index.php?rest_route=%2Fwp%2Fv2%2Fcategories&post=17425"},{"taxonomy":"post_tag","embeddable":true,"href":"https:\/\/vimagazine.com.br\/index.php?rest_route=%2Fwp%2Fv2%2Ftags&post=17425"}],"curies":[{"name":"wp","href":"https:\/\/api.w.org\/{rel}","templated":true}]}}