{"id":17443,"date":"2025-01-30T09:42:46","date_gmt":"2025-01-30T12:42:46","guid":{"rendered":"https:\/\/vimagazine.com.br\/?p=17443"},"modified":"2025-01-30T10:16:05","modified_gmt":"2025-01-30T13:16:05","slug":"galeries-lafayette-paris-haussmann-recebe-novo-salao-de-cha-com-a-assinatura-da-laduree","status":"publish","type":"post","link":"https:\/\/vimagazine.com.br\/?p=17443","title":{"rendered":"GALERIES LAFAYETTE PARIS HAUSSMANN RECEBE NOVO SAL\u00c3O DE CH\u00c1 COM A ASSINATURA DA LADUR\u00c9E\u00a0"},"content":{"rendered":"\n<p><\/p>\n\n\n\n<p>A not\u00edcia mais deliciosa do momento? A Maison Ladur\u00e9e acaba de se instalar no 1\u00ba andar da Galeries Lafayette Paris Haussmann. O novo espa\u00e7o promete atender a pequenos e grandes gulosos que desejam uma experi\u00eancia saborosa enquanto conhecem as novidades das maiores Maisons da moda europeia e internacional.<\/p>\n\n\n\n<p><strong><u>Maison Ladur\u00e9e<\/u><\/strong><\/p>\n\n\n\n<p>Fundada em 1862 por Louis-Ernest Ladur\u00e9e no bairro Madeleine, em Paris, a Maison Ladur\u00e9e tornou-se conhecida por seus macarons, seu savoir-faire excepcional e seus sal\u00f5es de ch\u00e1 encantadores. Desde ent\u00e3o, os seus macarons foram elevados \u00e0 categoria de pastelaria parisiense por excel\u00eancia, e a marca espalhou-se pelo mundo, com mais de 140 pontos de venda em 22 pa\u00edses.<\/p>\n\n\n\n<p>Atualmente sob a dire\u00e7\u00e3o do Chefe Executivo de Patisserie Julien Alvarez, campe\u00e3o mundial de patisserie em 2011, a Maison revisita os seus cl\u00e1ssicos e oferece novas receitas, como a iguaria Eug\u00e9nie, inspirada na imperatriz de mesmo nome. Desde o seu lan\u00e7amento, \u00e9 dif\u00edcil resistir \u00e0 tenta\u00e7\u00e3o desse biscoito crocante, sem gl\u00faten, com uma cobertura de chocolate que derrete na boca.<\/p>\n\n\n\n<p><strong><u>Sal\u00e3o de ch\u00e1 das Galeries Lafayette<\/u><\/strong><\/p>\n\n\n\n<p>Pensado como um jardim de inverno com paredes floridas, bambus, cadeiras de rattan e plantas, a decora\u00e7\u00e3o do sal\u00e3o de ch\u00e1 reflete os c\u00f3digos da Maison: um universo em tons de verde am\u00eandoa e dourado que refletem um ambiente confort\u00e1vel e encantador.<\/p>\n\n\n\n<p><strong><u>No menu<\/u><\/strong><\/p>\n\n\n\n<p>Iguarias doces e salgadas que podem ser degustadas durante todo o dia! Do caf\u00e9 da manh\u00e3 \u00e0 hora do ch\u00e1, os clientes j\u00e1 podem deliciar-se com bolos secos, saladas, sandu\u00edches, macarons e bolos ic\u00f4nicos da Maison, como o Ispahan ou o Plaisir Sucr\u00e9, e novas cria\u00e7\u00f5es imaginadas por Julien Alvarez.<\/p>\n\n\n\n<p><strong><u>Pop-up<\/u><\/strong><\/p>\n\n\n\n<p>Tamb\u00e9m situado no 1\u00ba andar, o pop-up Ladur\u00e9e permite aos mais apressados adquirirem os seus doces preferidos, em unidade ou em caixas, entre uma sele\u00e7\u00e3o de oito sabores de macarons e quatro sabores de biscoitos Eug\u00e9nie.<\/p>\n\n\n\n<p>1\u00ba andar, Galeries Lafayette Paris Haussmann<\/p>\n\n\n\n<p>Pop-up dispon\u00edvel at\u00e9 29 de setembro<\/p>\n\n\n\n<figure class=\"wp-container-2 wp-block-gallery-1 wp-block-gallery has-nested-images columns-1 is-cropped\">\n<figure class=\"wp-block-image size-large\"><img width=\"720\" height=\"1080\" data-id=\"17445\"  src=\"https:\/\/vimagazine.com.br\/wp-content\/uploads\/2025\/01\/\u00a9ThibautVoisin-250110-Laduree-GaleriesLafayette-725-1.jpg\" alt=\"\" class=\"wp-image-17445\" srcset=\"https:\/\/vimagazine.com.br\/wp-content\/uploads\/2025\/01\/\u00a9ThibautVoisin-250110-Laduree-GaleriesLafayette-725-1.jpg 720w, https:\/\/vimagazine.com.br\/wp-content\/uploads\/2025\/01\/\u00a9ThibautVoisin-250110-Laduree-GaleriesLafayette-725-1-200x300.jpg 200w, https:\/\/vimagazine.com.br\/wp-content\/uploads\/2025\/01\/\u00a9ThibautVoisin-250110-Laduree-GaleriesLafayette-725-1-683x1024.jpg 683w\" sizes=\"(max-width: 720px) 100vw, 720px\" \/><\/figure>\n\n\n\n<figure class=\"wp-block-image size-large\"><img width=\"1620\" height=\"1080\" data-id=\"17444\"  src=\"https:\/\/vimagazine.com.br\/wp-content\/uploads\/2025\/01\/\u00a9ThibautVoisin-250110-Laduree-GaleriesLafayette-073-crop-V2-1.jpg\" alt=\"\" class=\"wp-image-17444\" srcset=\"https:\/\/vimagazine.com.br\/wp-content\/uploads\/2025\/01\/\u00a9ThibautVoisin-250110-Laduree-GaleriesLafayette-073-crop-V2-1.jpg 1620w, https:\/\/vimagazine.com.br\/wp-content\/uploads\/2025\/01\/\u00a9ThibautVoisin-250110-Laduree-GaleriesLafayette-073-crop-V2-1-300x200.jpg 300w, https:\/\/vimagazine.com.br\/wp-content\/uploads\/2025\/01\/\u00a9ThibautVoisin-250110-Laduree-GaleriesLafayette-073-crop-V2-1-1024x683.jpg 1024w, https:\/\/vimagazine.com.br\/wp-content\/uploads\/2025\/01\/\u00a9ThibautVoisin-250110-Laduree-GaleriesLafayette-073-crop-V2-1-768x512.jpg 768w, https:\/\/vimagazine.com.br\/wp-content\/uploads\/2025\/01\/\u00a9ThibautVoisin-250110-Laduree-GaleriesLafayette-073-crop-V2-1-1536x1024.jpg 1536w\" sizes=\"(max-width: 1620px) 100vw, 1620px\" \/><\/figure>\n<\/figure>\n\n\n\n<p><\/p>\n\n\n\n<p><strong>SOBRE A GALERIES LAFAYETTE<\/strong><\/p>\n\n\n\n<p>Com 130 anos de tradi\u00e7\u00e3o, a Galeries Lafayette foi inaugurada em 1894 no Boulevard Haussmann. Hoje, \u00e9 uma marca de notoriedade mundial, sin\u00f4nimo de estilo parisiense e de eleg\u00e2ncia \u00e0 francesa. Primeira loja de departamentos da Europa e com 70.000 m<sup>2<\/sup>&nbsp;em tr\u00eas edif\u00edcios, recebe, atualmente, cerca de 100.000 visitantes\/dia. Internamente, s\u00e3o 15.000 m<sup>2<\/sup>&nbsp;dedicados \u00e0 moda, com 3.500 marcas renomadas. Marcas das mais acess\u00edveis \u00e0s grifes mais desejadas do universo fashion est\u00e3o presentes na Galeries Lafayette, como Louis Vuitton, Chanel, Prada, Gucci, Burberry, Balenciaga, MiuMiu, M.A.C, Lanc\u00f4me, Dior e Sisley. A todos os clientes, oferece servi\u00e7os sob medida de alta qualidade, que inclui personalshoppers e atendentes que falam portugu\u00eas, sal\u00f5es privativos, entrega de compras no hotel e orienta\u00e7\u00e3o no servi\u00e7o de reembolso de impostos (12%).<\/p>\n\n\n\n<p>Mais informa\u00e7\u00f5es, acesse:  haussmann.galerieslafayette.com\/pt-br\/\u00a0\u00a0<\/p>\n","protected":false},"excerpt":{"rendered":"<p>A not\u00edcia mais deliciosa do momento? A Maison Ladur\u00e9e acaba de se instalar no 1\u00ba&#8230;<\/p>\n","protected":false},"author":1,"featured_media":17446,"comment_status":"closed","ping_status":"open","sticky":false,"template":"","format":"standard","meta":{"om_disable_all_campaigns":false,"_monsterinsights_skip_tracking":false,"_monsterinsights_sitenote_active":false,"_monsterinsights_sitenote_note":"","_monsterinsights_sitenote_category":0,"spay_email":""},"categories":[1],"tags":[],"jetpack_featured_media_url":"https:\/\/vimagazine.com.br\/wp-content\/uploads\/2025\/01\/149dc6c8-194a-47d9-a5b1-5af0fb7d932a.jpg","_links":{"self":[{"href":"https:\/\/vimagazine.com.br\/index.php?rest_route=\/wp\/v2\/posts\/17443"}],"collection":[{"href":"https:\/\/vimagazine.com.br\/index.php?rest_route=\/wp\/v2\/posts"}],"about":[{"href":"https:\/\/vimagazine.com.br\/index.php?rest_route=\/wp\/v2\/types\/post"}],"author":[{"embeddable":true,"href":"https:\/\/vimagazine.com.br\/index.php?rest_route=\/wp\/v2\/users\/1"}],"replies":[{"embeddable":true,"href":"https:\/\/vimagazine.com.br\/index.php?rest_route=%2Fwp%2Fv2%2Fcomments&post=17443"}],"version-history":[{"count":2,"href":"https:\/\/vimagazine.com.br\/index.php?rest_route=\/wp\/v2\/posts\/17443\/revisions"}],"predecessor-version":[{"id":17449,"href":"https:\/\/vimagazine.com.br\/index.php?rest_route=\/wp\/v2\/posts\/17443\/revisions\/17449"}],"wp:featuredmedia":[{"embeddable":true,"href":"https:\/\/vimagazine.com.br\/index.php?rest_route=\/wp\/v2\/media\/17446"}],"wp:attachment":[{"href":"https:\/\/vimagazine.com.br\/index.php?rest_route=%2Fwp%2Fv2%2Fmedia&parent=17443"}],"wp:term":[{"taxonomy":"category","embeddable":true,"href":"https:\/\/vimagazine.com.br\/index.php?rest_route=%2Fwp%2Fv2%2Fcategories&post=17443"},{"taxonomy":"post_tag","embeddable":true,"href":"https:\/\/vimagazine.com.br\/index.php?rest_route=%2Fwp%2Fv2%2Ftags&post=17443"}],"curies":[{"name":"wp","href":"https:\/\/api.w.org\/{rel}","templated":true}]}}