{"id":1753,"date":"2021-12-02T20:26:24","date_gmt":"2021-12-02T23:26:24","guid":{"rendered":"https:\/\/vimagazine.com.br\/?p=1753"},"modified":"2021-12-03T13:42:15","modified_gmt":"2021-12-03T16:42:15","slug":"ana-bittar-marca-presenca-ana-bittar-na-abertura-da-feira-pet-south-america","status":"publish","type":"post","link":"https:\/\/vimagazine.com.br\/?p=1753","title":{"rendered":"Ana Bittar marca presen\u00e7a Ana Bittar na abertura da Feira Pet South America"},"content":{"rendered":"\n<p>A jornalista Ana Bittar esteve presente na abertura da Feira Pet South America que \u00e9 a maior feira do mercado pet da Am\u00e9rica Latina.<br>Ana entrevistou v\u00e1rias empresas. &#8221; O Portal Pet News sempre traz novidades,&nbsp; informa\u00e7\u00f5es, curiosidades e produtos do mercado pet para os nossos seguidores &#8220;, disse Ana.<br>FOTO: Vinicius Silva (groomer) e Ana Bittar&nbsp;<br>Maria Emilia Genovesi<br>Assessoria de Imprensa\/ Produtora Cultural<br>@mariaemiliagenovesi<br>@megenovesi<br>Meg Apoio Empresarial e Eventos Ltda&nbsp;<\/p>\n","protected":false},"excerpt":{"rendered":"<p>A jornalista Ana Bittar esteve presente na abertura da Feira Pet South America que \u00e9&#8230;<\/p>\n","protected":false},"author":3,"featured_media":1756,"comment_status":"closed","ping_status":"open","sticky":false,"template":"","format":"standard","meta":{"om_disable_all_campaigns":false,"_monsterinsights_skip_tracking":false,"_monsterinsights_sitenote_active":false,"_monsterinsights_sitenote_note":"","_monsterinsights_sitenote_category":0,"spay_email":""},"categories":[1],"tags":[],"jetpack_featured_media_url":"https:\/\/vimagazine.com.br\/wp-content\/uploads\/2021\/12\/20211130_153321-768x1373-1.jpg","_links":{"self":[{"href":"https:\/\/vimagazine.com.br\/index.php?rest_route=\/wp\/v2\/posts\/1753"}],"collection":[{"href":"https:\/\/vimagazine.com.br\/index.php?rest_route=\/wp\/v2\/posts"}],"about":[{"href":"https:\/\/vimagazine.com.br\/index.php?rest_route=\/wp\/v2\/types\/post"}],"author":[{"embeddable":true,"href":"https:\/\/vimagazine.com.br\/index.php?rest_route=\/wp\/v2\/users\/3"}],"replies":[{"embeddable":true,"href":"https:\/\/vimagazine.com.br\/index.php?rest_route=%2Fwp%2Fv2%2Fcomments&post=1753"}],"version-history":[{"count":2,"href":"https:\/\/vimagazine.com.br\/index.php?rest_route=\/wp\/v2\/posts\/1753\/revisions"}],"predecessor-version":[{"id":1757,"href":"https:\/\/vimagazine.com.br\/index.php?rest_route=\/wp\/v2\/posts\/1753\/revisions\/1757"}],"wp:featuredmedia":[{"embeddable":true,"href":"https:\/\/vimagazine.com.br\/index.php?rest_route=\/wp\/v2\/media\/1756"}],"wp:attachment":[{"href":"https:\/\/vimagazine.com.br\/index.php?rest_route=%2Fwp%2Fv2%2Fmedia&parent=1753"}],"wp:term":[{"taxonomy":"category","embeddable":true,"href":"https:\/\/vimagazine.com.br\/index.php?rest_route=%2Fwp%2Fv2%2Fcategories&post=1753"},{"taxonomy":"post_tag","embeddable":true,"href":"https:\/\/vimagazine.com.br\/index.php?rest_route=%2Fwp%2Fv2%2Ftags&post=1753"}],"curies":[{"name":"wp","href":"https:\/\/api.w.org\/{rel}","templated":true}]}}