{"id":17574,"date":"2025-02-04T18:00:25","date_gmt":"2025-02-04T21:00:25","guid":{"rendered":"https:\/\/vimagazine.com.br\/?p=17574"},"modified":"2025-02-04T18:00:26","modified_gmt":"2025-02-04T21:00:26","slug":"ofic-e-pablo-rossi-realizam-concerto-inedito-no-novo-espaco-a-galeria-em-florianopolis","status":"publish","type":"post","link":"https:\/\/vimagazine.com.br\/?p=17574","title":{"rendered":"OFiC e Pablo Rossi realizam concerto in\u00e9dito no novo espa\u00e7o A.Galeria, em Florian\u00f3polis"},"content":{"rendered":"\n<p class=\"has-medium-font-size\"><br><br><br><em><strong>Primeiro concerto exclusivo musical da A.Galeria contar\u00e1 com repert\u00f3rio de Villa-Lobos, Rachmaninov, Gershwin e Beethoven e tem entrada franca\u00a0<\/strong><\/em><br><br><\/p>\n\n\n\n<p>A Orquestra Filarm\u00f4nica Catarinense (OFiC), sob a dire\u00e7\u00e3o musical e solos do pianista Pablo Rossi, realiza no dia 7 de fevereiro, \u00e0s 20h, o concerto &#8220;Piano Sinf\u00f4nico com a Forma\u00e7\u00e3o de Cordas OFiC e Pablo Rossi&#8221;, no espa\u00e7o A.Galeria, localizado no Passeio Primavera, em Florian\u00f3polis. A apresenta\u00e7\u00e3o, que ter\u00e1 entrada franca, marca a estreia de uma programa\u00e7\u00e3o exclusivamente musical em uma parceria do novo centro de exposi\u00e7\u00f5es e a OFiC. Devido \u00e0 lota\u00e7\u00e3o reduzida do espa\u00e7o, os interessados devem retirar o seu ingresso pela plataforma sympla:&nbsp;<a href=\"https:\/\/click.cse360.com.br\/Click\/AddCampaignEmailClick\/2153eeb3-2ec9-4942-b153-08dd3b357aea\/https%253a%252f%252fabre.ai%252foficepablorossi\/84a13bf5-1001-4b37-93cf-9aa5931b4a9b\/vimagazine@vimagazine.com.br\/True\" rel=\"noreferrer noopener\" target=\"_blank\">https:\/\/abre.ai\/oficepablorossi<\/a>]<\/p>\n\n\n\n<p>O programa da noite inclui obras de grandes mestres da m\u00fasica de concerto, como Villa-Lobos, Rachmaninov, Gershwin e Beethoven, prometendo uma experi\u00eancia \u00fanica da plateia, j\u00e1 que o grupo estar\u00e1 se apresentando integrado \u00e0 exposi\u00e7\u00e3o &#8220;Paisagens Experimentais&#8221; da artista pl\u00e1stica de renome internacional Beatriz Milhazes.<\/p>\n\n\n\n<p>O evento conta com o patroc\u00ednio de Ciser (categoria Ouro), Diamante Energia (categoria Prata), Engie, Sicoob e Duas Rodas (categoria Bronze) e Multilog como apoio cultural, viabilizado por meio da Lei Federal de Incentivo \u00e0 Cultura. A OFiC tamb\u00e9m tem a Parceria Institucional do Instituto Pedra Branca, Funda\u00e7\u00e3o Galeto&#8217;s e Central Floripa.&nbsp;&nbsp;<\/p>\n\n\n\n<p>Para Pablo Rossi, a apresenta\u00e7\u00e3o em um novo espa\u00e7o cultural como a A.Galeria refor\u00e7a a import\u00e2ncia de democratizar o acesso \u00e0 m\u00fasica de concerto, promovendo o di\u00e1logo entre as diferentes vertentes da arte, preceitos presentes no Conceito MAIS, espinha dorsal da OFiC: &#8220;\u00c9 uma alegria imensa promover esta fus\u00e3o, unindo o poder transformador da m\u00fasica a um ambiente de celebra\u00e7\u00e3o das artes visuais. Esperamos que essa parceria inspire ainda mais iniciativas culturais na cidade&#8221;, afirma o Diretor Art\u00edstico da OFiC.<\/p>\n\n\n\n<p><strong>Sobre a Orquestra Filarm\u00f4nica Catarinense (OFiC)<\/strong><\/p>\n\n\n\n<p>Acreditamos que somar \u00e9 a solu\u00e7\u00e3o mais inteligente para criar um futuro melhor. Pensando nisso, a OFiC est\u00e1 criando a\u00e7\u00f5es que ser\u00e3o capazes de incentivar mais Inclus\u00e3o e Sustentabilidade, usando a M\u00fasica e as Artes como ferramentas para isso.&nbsp;<\/p>\n\n\n\n<p>A Orquestra Filarm\u00f4nica Catarinense (OFiC) atua com uma proposta de democratizar a m\u00fasica de concerto, integrando continuamente a\u00e7\u00f5es educativas, sociais e conscientiza\u00e7\u00e3o ecol\u00f3gica. Al\u00e9m do repert\u00f3rio sinf\u00f4nico cl\u00e1ssico, a OFiC valoriza&nbsp; a pr\u00e1tica de m\u00fasica de c\u00e2mara, com programas&nbsp; musicais diversificados e promove o desenvolvimento abrangente dos m\u00fasicos.&nbsp;<\/p>\n\n\n\n<p>Inovamos no formato de nossos programas musicais tem\u00e1ticos, envolvendo nossa plateia e convidando os ouvintes a participarem no processo de performance, seguindo o conceito &#8220;musicking&#8221;.<\/p>\n\n\n\n<p>Al\u00e9m disso, valorizamos a forma\u00e7\u00e3o art\u00edstica individual dos m\u00fasicos, oferecendo projetos que incluem oficinas musicais, apresenta\u00e7\u00f5es solo e em grupos menores, proporcionando um ambiente que incentiva o crescimento art\u00edstico.<\/p>\n","protected":false},"excerpt":{"rendered":"<p>Primeiro concerto exclusivo musical da A.Galeria contar\u00e1 com repert\u00f3rio de Villa-Lobos, Rachmaninov, Gershwin e Beethoven&#8230;<\/p>\n","protected":false},"author":1,"featured_media":17575,"comment_status":"closed","ping_status":"open","sticky":false,"template":"","format":"standard","meta":{"om_disable_all_campaigns":false,"_monsterinsights_skip_tracking":false,"_monsterinsights_sitenote_active":false,"_monsterinsights_sitenote_note":"","_monsterinsights_sitenote_category":0,"spay_email":""},"categories":[1],"tags":[],"jetpack_featured_media_url":"https:\/\/vimagazine.com.br\/wp-content\/uploads\/2025\/02\/74e90387-0abe-44ca-b2bf-e6dbd85a40f2.jpg","_links":{"self":[{"href":"https:\/\/vimagazine.com.br\/index.php?rest_route=\/wp\/v2\/posts\/17574"}],"collection":[{"href":"https:\/\/vimagazine.com.br\/index.php?rest_route=\/wp\/v2\/posts"}],"about":[{"href":"https:\/\/vimagazine.com.br\/index.php?rest_route=\/wp\/v2\/types\/post"}],"author":[{"embeddable":true,"href":"https:\/\/vimagazine.com.br\/index.php?rest_route=\/wp\/v2\/users\/1"}],"replies":[{"embeddable":true,"href":"https:\/\/vimagazine.com.br\/index.php?rest_route=%2Fwp%2Fv2%2Fcomments&post=17574"}],"version-history":[{"count":1,"href":"https:\/\/vimagazine.com.br\/index.php?rest_route=\/wp\/v2\/posts\/17574\/revisions"}],"predecessor-version":[{"id":17576,"href":"https:\/\/vimagazine.com.br\/index.php?rest_route=\/wp\/v2\/posts\/17574\/revisions\/17576"}],"wp:featuredmedia":[{"embeddable":true,"href":"https:\/\/vimagazine.com.br\/index.php?rest_route=\/wp\/v2\/media\/17575"}],"wp:attachment":[{"href":"https:\/\/vimagazine.com.br\/index.php?rest_route=%2Fwp%2Fv2%2Fmedia&parent=17574"}],"wp:term":[{"taxonomy":"category","embeddable":true,"href":"https:\/\/vimagazine.com.br\/index.php?rest_route=%2Fwp%2Fv2%2Fcategories&post=17574"},{"taxonomy":"post_tag","embeddable":true,"href":"https:\/\/vimagazine.com.br\/index.php?rest_route=%2Fwp%2Fv2%2Ftags&post=17574"}],"curies":[{"name":"wp","href":"https:\/\/api.w.org\/{rel}","templated":true}]}}