{"id":17586,"date":"2025-02-05T17:36:06","date_gmt":"2025-02-05T20:36:06","guid":{"rendered":"https:\/\/vimagazine.com.br\/?p=17586"},"modified":"2025-02-05T17:36:06","modified_gmt":"2025-02-05T20:36:06","slug":"rainha-das-rainhas-simone-sampaio-30-anos-de-carnaval-e-a-paixao-que-transcende-a-passarela","status":"publish","type":"post","link":"https:\/\/vimagazine.com.br\/?p=17586","title":{"rendered":"Rainha das Rainhas Simone Sampaio \u2013 30 Anos de Carnaval e a Paix\u00e3o que Transcende a Passarela"},"content":{"rendered":"\n<figure class=\"wp-block-image aligncenter size-large\"><img width=\"617\" height=\"1024\" src=\"https:\/\/vimagazine.com.br\/wp-content\/uploads\/2025\/02\/Simone-Sampaio-05-617x1024.jpg\" alt=\"\" class=\"wp-image-17587\" srcset=\"https:\/\/vimagazine.com.br\/wp-content\/uploads\/2025\/02\/Simone-Sampaio-05-617x1024.jpg 617w, https:\/\/vimagazine.com.br\/wp-content\/uploads\/2025\/02\/Simone-Sampaio-05-181x300.jpg 181w, https:\/\/vimagazine.com.br\/wp-content\/uploads\/2025\/02\/Simone-Sampaio-05-768x1274.jpg 768w, https:\/\/vimagazine.com.br\/wp-content\/uploads\/2025\/02\/Simone-Sampaio-05-926x1536.jpg 926w, https:\/\/vimagazine.com.br\/wp-content\/uploads\/2025\/02\/Simone-Sampaio-05-1024x1699.jpg 1024w, https:\/\/vimagazine.com.br\/wp-content\/uploads\/2025\/02\/Simone-Sampaio-05.jpg 1157w\" sizes=\"(max-width: 617px) 100vw, 617px\" \/><\/figure>\n\n\n\n<figure class=\"wp-block-image aligncenter size-large is-resized\"><img src=\"https:\/\/vimagazine.com.br\/wp-content\/uploads\/2025\/02\/Simone-Sampaio-08-646x1024.jpg\" alt=\"\" class=\"wp-image-17588\" width=\"413\" height=\"655\" srcset=\"https:\/\/vimagazine.com.br\/wp-content\/uploads\/2025\/02\/Simone-Sampaio-08-646x1024.jpg 646w, https:\/\/vimagazine.com.br\/wp-content\/uploads\/2025\/02\/Simone-Sampaio-08-189x300.jpg 189w, https:\/\/vimagazine.com.br\/wp-content\/uploads\/2025\/02\/Simone-Sampaio-08-768x1217.jpg 768w, https:\/\/vimagazine.com.br\/wp-content\/uploads\/2025\/02\/Simone-Sampaio-08-970x1536.jpg 970w, https:\/\/vimagazine.com.br\/wp-content\/uploads\/2025\/02\/Simone-Sampaio-08-1024x1622.jpg 1024w, https:\/\/vimagazine.com.br\/wp-content\/uploads\/2025\/02\/Simone-Sampaio-08.jpg 1032w\" sizes=\"(max-width: 413px) 100vw, 413px\" \/><\/figure>\n\n\n\n<p>Na noite deste domingo (02),&nbsp;<strong>Simone Sampaio<\/strong>, madrinha da Escola de Samba Drag\u00f5es da Real, marcou presen\u00e7a no primeiro ensaio t\u00e9cnico da agremia\u00e7\u00e3o, no samb\u00f3dromo do Anhembi, e tocando no ch\u00e3o do solo sagrado dos sambistas ela reflete sobre estar celebrando 30 anos de hist\u00f3ria no carnaval paulista. A data \u00e9 um marco significativo, e Simone, que \u00e9 uma das figuras mais emblem\u00e1ticas do cen\u00e1rio carnavalesco, aproveitou a ocasi\u00e3o para refletir sobre sua longa trajet\u00f3ria nas passarelas, sua imensa paix\u00e3o pelo carnaval e tamb\u00e9m sobre a possibilidade de uma pausa.<\/p>\n\n\n\n<p>Simone Sampaio est\u00e1 completando tr\u00eas d\u00e9cadas desfilando no carnaval, uma jornada repleta de gl\u00f3rias, dedica\u00e7\u00e3o e amor pela cultura do samba. Considerada uma das musas mais importantes da hist\u00f3ria do carnaval paulista, a rainha das rainhas tem sido um \u00edcone tanto na Drag\u00f5es da Real quanto no circuito geral do samba. Durante o ensaio t\u00e9cnico, Simone falou sobre o que o carnaval representa para ela: \u201cO carnaval est\u00e1 enraizado em mim, \u00e9 a minha hist\u00f3ria de vida, \u00e9 uma paix\u00e3o, uma coisa que vai al\u00e9m, um amor eterno!\u201d, declarou emocionada.<\/p>\n\n\n\n<p>A poss\u00edvel despedida da avenida \u00e9 considerada mais pr\u00f3xima, com a chegada de seus 30 anos de passarela, a pergunta sobre uma aposentadoria da passarela do samba surgiu naturalmente. Apesar de ser uma das figuras mais reconhecidas do carnaval paulistano, Simone se mostrou emocionada com o assunto sobre se afastar do samba, a musa enfatizou que o carnaval n\u00e3o \u00e9 apenas um trabalho, mas uma extens\u00e3o de sua pr\u00f3pria vida, sugerindo que sua rela\u00e7\u00e3o com a festa pode perdurar, ainda que a forma como ela participe possa mudar.<\/p>\n\n\n\n<p>Em sua fala, Simone tamb\u00e9m exaltou o samba como um dos maiores patrim\u00f4nios culturais, n\u00e3o s\u00f3 do Brasil, mas do mundo. Para ela, o carnaval tem um poder \u00fanico de conectar pessoas de diferentes origens, ra\u00e7as e credos, tornando-se uma celebra\u00e7\u00e3o universal. \u201cCada carnaval celebra o samba. Uma das maiores culturas, acho que, n\u00e3o s\u00f3 do nosso pa\u00eds, onde a gente consegue unir e agregar todos os tipos de credo, ra\u00e7a, de gente\u201d, afirmou. Essa vis\u00e3o reflete sua cren\u00e7a de que o carnaval vai muito al\u00e9m da festa, sendo um movimento cultural que ultrapassa fronteiras.<\/p>\n\n\n\n<p>Comemorando 30 anos de hist\u00f3ria no carnaval, Simone Sampaio continua sendo uma das grandes estrelas da festa. Sua dedica\u00e7\u00e3o, paix\u00e3o e amor pelo samba s\u00e3o incompar\u00e1veis e est\u00e3o enraizados em sua trajet\u00f3ria. Seja na passarela ou fora dela, Simone ser\u00e1 sempre uma figura essencial para o entendimento e a preserva\u00e7\u00e3o da cultura carnavalesca. A musa n\u00e3o tem pressa de se despedir da avenida, pretende curtir at\u00e9 o \u00faltimo segundo e sobre o futuro, com certeza, surpresas est\u00e3o por vir,\u201dtenho muitos projetos e coisas maravilhosas est\u00e3o chegando, isso eu garanto.\u201d<\/p>\n\n\n\n<p>Como madrinha da escola, no carnaval 2025 Simone desfilar\u00e1 a frente do carro abre alas e promete surpresas na avenida, onde a agremia\u00e7\u00e3o da Vila Anast\u00e1cio, situada na zona oeste da capital paulistana, levar\u00e1 para a passarela do samba o enredo &#8220;A vida \u00e9 um sonho pintado em aquarela!&#8221;, o qual est\u00e1 sendo desenvolvido pelo carnavalesco Jorge Freitas. A agremia\u00e7\u00e3o ser\u00e1 a 3\u00aa escola a desfilar na sexta-feira de carnaval, dia 28 de fevereiro de 2025, pelo Grupo Especial do carnaval de S\u00e3o Paulo.<\/p>\n\n\n\n<p>O samba de enredo que embalar\u00e1 o desfile \u00e9 de autoria dos compositores Galo, L\u00e9o do Cavaco, Jairo Roizen, Rodrigo Dias, Thiago Meiners, Fadico, Claudio Mattos, Clairton Fonseca, Robson Val\u00eancio, Vitor Blanco, Alves e Tubino.<\/p>\n\n\n\n<p><strong>Cr\u00e9dito das Fotos: Renato Cipriano e Zuleika Ferreira \/ Divulga\u00e7\u00e3o<\/strong><\/p>\n","protected":false},"excerpt":{"rendered":"<p>Na noite deste domingo (02),&nbsp;Simone Sampaio, madrinha da Escola de Samba Drag\u00f5es da Real, marcou&#8230;<\/p>\n","protected":false},"author":19,"featured_media":17589,"comment_status":"closed","ping_status":"open","sticky":false,"template":"","format":"standard","meta":{"om_disable_all_campaigns":false,"_monsterinsights_skip_tracking":false,"_monsterinsights_sitenote_active":false,"_monsterinsights_sitenote_note":"","_monsterinsights_sitenote_category":0,"spay_email":""},"categories":[1],"tags":[],"jetpack_featured_media_url":"https:\/\/vimagazine.com.br\/wp-content\/uploads\/2025\/02\/Simone-Sampaio-03.jpg","_links":{"self":[{"href":"https:\/\/vimagazine.com.br\/index.php?rest_route=\/wp\/v2\/posts\/17586"}],"collection":[{"href":"https:\/\/vimagazine.com.br\/index.php?rest_route=\/wp\/v2\/posts"}],"about":[{"href":"https:\/\/vimagazine.com.br\/index.php?rest_route=\/wp\/v2\/types\/post"}],"author":[{"embeddable":true,"href":"https:\/\/vimagazine.com.br\/index.php?rest_route=\/wp\/v2\/users\/19"}],"replies":[{"embeddable":true,"href":"https:\/\/vimagazine.com.br\/index.php?rest_route=%2Fwp%2Fv2%2Fcomments&post=17586"}],"version-history":[{"count":1,"href":"https:\/\/vimagazine.com.br\/index.php?rest_route=\/wp\/v2\/posts\/17586\/revisions"}],"predecessor-version":[{"id":17590,"href":"https:\/\/vimagazine.com.br\/index.php?rest_route=\/wp\/v2\/posts\/17586\/revisions\/17590"}],"wp:featuredmedia":[{"embeddable":true,"href":"https:\/\/vimagazine.com.br\/index.php?rest_route=\/wp\/v2\/media\/17589"}],"wp:attachment":[{"href":"https:\/\/vimagazine.com.br\/index.php?rest_route=%2Fwp%2Fv2%2Fmedia&parent=17586"}],"wp:term":[{"taxonomy":"category","embeddable":true,"href":"https:\/\/vimagazine.com.br\/index.php?rest_route=%2Fwp%2Fv2%2Fcategories&post=17586"},{"taxonomy":"post_tag","embeddable":true,"href":"https:\/\/vimagazine.com.br\/index.php?rest_route=%2Fwp%2Fv2%2Ftags&post=17586"}],"curies":[{"name":"wp","href":"https:\/\/api.w.org\/{rel}","templated":true}]}}