{"id":17595,"date":"2025-02-05T18:34:43","date_gmt":"2025-02-05T21:34:43","guid":{"rendered":"https:\/\/vimagazine.com.br\/?p=17595"},"modified":"2025-02-05T18:34:45","modified_gmt":"2025-02-05T21:34:45","slug":"neymar-voltou-pro-santos-agora-so-falta-o-orkut-voltar-tambem","status":"publish","type":"post","link":"https:\/\/vimagazine.com.br\/?p=17595","title":{"rendered":"Neymar voltou pro Santos! Agora s\u00f3 falta o Orkut voltar tamb\u00e9m!"},"content":{"rendered":"\n<p>Quem entrou <strong><em>Na Vibe com <a href=\"https:\/\/www.instagram.com\/giucota?\" title=\"Giu\">Giu<\/a> Cota<\/em><\/strong>, foi o nosso menino <strong><em><a href=\"https:\/\/www.instagram.com\/neymarjr?utm_source=ig_web_button_share_sheet&amp;igsh=ZDNlZDc0MzIxNw==\" title=\"Ney.\">Ney.<\/a><\/em><\/strong><\/p>\n\n\n\n<p><strong><em>Neymar: O Menino que Voltou pra Casa!<\/em><\/strong><br>Se o futebol fosse uma novela, <strong><em>Neyma<\/em><\/strong>r seria aquele protagonista que j\u00e1 passou por tudo: her\u00f3i, vil\u00e3o, mocinho injusti\u00e7ado e at\u00e9 o gal\u00e3 pol\u00eamico. Agora, o roteiro deu mais uma reviravolta emocionante: ele est\u00e1 de volta ao <strong><em>Santo<\/em><\/strong>s, o clube que o revelou para o mundo.<\/p>\n\n\n\n<figure class=\"wp-block-image size-full\"><img width=\"943\" height=\"530\" src=\"https:\/\/vimagazine.com.br\/wp-content\/uploads\/2025\/02\/Neymar.jpg\" alt=\"\" class=\"wp-image-17596\" srcset=\"https:\/\/vimagazine.com.br\/wp-content\/uploads\/2025\/02\/Neymar.jpg 943w, https:\/\/vimagazine.com.br\/wp-content\/uploads\/2025\/02\/Neymar-300x169.jpg 300w, https:\/\/vimagazine.com.br\/wp-content\/uploads\/2025\/02\/Neymar-768x432.jpg 768w\" sizes=\"(max-width: 943px) 100vw, 943px\" \/><figcaption>Foto ESPN<\/figcaption><\/figure>\n\n\n\n<p><br>A trajet\u00f3ria do menino da Vila Belmiro sempre foi cinematogr\u00e1fica. Aos 17 anos, j\u00e1 fazia defesas suarem frio e torcidas sonharem alto. Dribles desconcertantes, gols antol\u00f3gicos e a ousadia de quem nasceu para brilhar. Em 2011, levou o Santos ao topo da Am\u00e9rica com a Libertadores e um pr\u00eamio Pusk\u00e1s no curr\u00edculo. Logo depois, partiu para Barcelona, onde formou o trio <strong><em>MSN<\/em><\/strong> com <strong><em>Messi e Su\u00e1rez<\/em><\/strong>, colecionando t\u00edtulos e lances que desafiaram a gravidade.<br>Depois veio o <strong><em>PSG<\/em><\/strong>, a transfer\u00eancia bilion\u00e1ria, as pol\u00eamicas, as les\u00f5es, as festas e a cobran\u00e7a de carregar o Brasil nas costas em Copas do Mundo. Entre aplausos e cr\u00edticas, <strong><em>Neymar<\/em><\/strong> nunca passou despercebido. Mas agora, depois de rodar o mundo, ele escolheu voltar para o lugar onde tudo come\u00e7ou.<br>O Santos recebe de bra\u00e7os abertos seu filho pr\u00f3digo, e a torcida j\u00e1 se divide entre a empolga\u00e7\u00e3o e a expectativa. Ser\u00e1 que ele ainda tem aquela m\u00e1gica nos p\u00e9s? Ser\u00e1 que vai aguentar os gramados brasileiros? Ou ser\u00e1 que teremos mais uma temporada digna de um roteiro imprevis\u00edvel?<br>Seja como for, uma coisa \u00e9 certa: o futebol brasileiro ganha um tempero especial com essa volta. E Neymar, como sempre, ser\u00e1 o centro das aten\u00e7\u00f5es. Agora, s\u00f3 nos resta pegar a pipoca e acompanhar mais esse cap\u00edtulo da novela do craque.<\/p>\n\n\n\n<p>Acompanhe sempre a minha coluna #NaVibeComGiuCota &nbsp;na&nbsp;#ViMagazine&nbsp;para mais conte\u00fados exclusivos! para dicas exclusivas e entrevistas que fazem a diferen\u00e7a na sua vida!<\/p>\n\n\n\n<h1>GiuCota #Podcast #PodCota #RobertoAssessor #Santos #Neymar #Futebol #Brasil<\/h1>\n\n\n\n<p>Contato Assessoria Giu Cota:<br>Roberto Rodrigues<\/p>\n\n\n\n<p>Giu Cota<br>Colunista Vi Magazine<br>\u201cNa Vibe com Giu Cota\u201d<\/p>\n","protected":false},"excerpt":{"rendered":"<p>Quem entrou Na Vibe com Giu Cota, foi o nosso menino Ney. Neymar: O Menino&#8230;<\/p>\n","protected":false},"author":37,"featured_media":0,"comment_status":"closed","ping_status":"open","sticky":false,"template":"","format":"standard","meta":{"om_disable_all_campaigns":false,"_monsterinsights_skip_tracking":false,"_monsterinsights_sitenote_active":false,"_monsterinsights_sitenote_note":"","_monsterinsights_sitenote_category":0,"spay_email":""},"categories":[1],"tags":[],"jetpack_featured_media_url":"","_links":{"self":[{"href":"https:\/\/vimagazine.com.br\/index.php?rest_route=\/wp\/v2\/posts\/17595"}],"collection":[{"href":"https:\/\/vimagazine.com.br\/index.php?rest_route=\/wp\/v2\/posts"}],"about":[{"href":"https:\/\/vimagazine.com.br\/index.php?rest_route=\/wp\/v2\/types\/post"}],"author":[{"embeddable":true,"href":"https:\/\/vimagazine.com.br\/index.php?rest_route=\/wp\/v2\/users\/37"}],"replies":[{"embeddable":true,"href":"https:\/\/vimagazine.com.br\/index.php?rest_route=%2Fwp%2Fv2%2Fcomments&post=17595"}],"version-history":[{"count":1,"href":"https:\/\/vimagazine.com.br\/index.php?rest_route=\/wp\/v2\/posts\/17595\/revisions"}],"predecessor-version":[{"id":17597,"href":"https:\/\/vimagazine.com.br\/index.php?rest_route=\/wp\/v2\/posts\/17595\/revisions\/17597"}],"wp:attachment":[{"href":"https:\/\/vimagazine.com.br\/index.php?rest_route=%2Fwp%2Fv2%2Fmedia&parent=17595"}],"wp:term":[{"taxonomy":"category","embeddable":true,"href":"https:\/\/vimagazine.com.br\/index.php?rest_route=%2Fwp%2Fv2%2Fcategories&post=17595"},{"taxonomy":"post_tag","embeddable":true,"href":"https:\/\/vimagazine.com.br\/index.php?rest_route=%2Fwp%2Fv2%2Ftags&post=17595"}],"curies":[{"name":"wp","href":"https:\/\/api.w.org\/{rel}","templated":true}]}}